{"id":36994,"date":"2016-06-21T10:55:02","date_gmt":"2016-06-21T15:55:02","guid":{"rendered":"http:\/\/www.biblia.work\/sermones\/previsiones-informativas-en-el-vaticano-del-13-al-19-de-octubre-de-2015\/"},"modified":"2016-06-21T10:55:02","modified_gmt":"2016-06-21T15:55:02","slug":"previsiones-informativas-en-el-vaticano-del-13-al-19-de-octubre-de-2015","status":"publish","type":"post","link":"https:\/\/www.biblia.work\/sermones\/previsiones-informativas-en-el-vaticano-del-13-al-19-de-octubre-de-2015\/","title":{"rendered":"Previsiones informativas en el Vaticano del 13 al 19 de octubre de 2015"},"content":{"rendered":"<p style=\"text-align: justify;\"><strong>Previsiones informativas en el Vaticano del 13 al 19 de octubre de 2015<\/strong><\/p>\n<p style=\"text-align: justify;\">El martes 13 de octubre en la Ciudad del Vaticano, los <strong>Padres sinodales proseguir\u00e1n los trabajos del 14 S\u00ednodo <\/strong>general ordinario sobre la familia, trabajando en c\u00edrculos menores de 9.00 a 12.30 y de\u00a016.30 a 19.00 en el \u00e1mbito de su VIII y IX sesi\u00f3n.<\/p>\n<p style=\"text-align: justify;\">Ese mismo d\u00eda en Roma, en la sede del <strong>Pontificio Instituto de Estudios \u00c1rabes y de Islamismo<\/strong>, tendr\u00e1 lugar un encuentro titulado \u201cCristianos y musulmanes, juntos se puede\u201d.<\/p>\n<p style=\"text-align: justify;\">Mientras en el Aula Magna del Camillianum, tambi\u00e9n en Roma, se celebrar\u00e1 <strong>un congreso sobre el tema \u201cDeclaraci\u00f3n Universal sobre la Bio\u00e9tica y los Derechos Humanos de la UNESCO\u201d.<\/strong><\/p>\n<p style=\"text-align: justify;\">Del\u00a0 <strong>13 al 15 de octubre se llevar\u00e1 a cabo en\u00a0 Madrid un Simposio nacional sobre la pastoral hospitalaria <\/strong>organizado por la Comisi\u00f3n para la pastoral de la salud de la Conferencia episcopal espa\u00f1ola basado en el tema \u201cUna pastoral evangelizadora en los hospitales\u201d.<\/p>\n<p style=\"text-align: justify;\">El <strong>mi\u00e9rcoles 14 de octubre, en la memoria lit\u00fargica de San Calixto I<\/strong>, Papa y m\u00e1rtir, el Santo Padre Francisco celebrar\u00e1, a las 10.00 en la Plaza de San Pedro, su tradicional audiencia general ante la presencia de varios miles de fieles y peregrinos de numerosos pa\u00edses deseosos de escuchar su catequesis semanal y de recibir su bendici\u00f3n apost\u00f3lica.<\/p>\n<p style=\"text-align: justify;\">Ese mismo mi\u00e9rcoles, en el \u00e1mbito de la celebraci\u00f3n del S\u00ednodo sobre la familia, de 9.00 a 12.30 los <strong>Padres Sinodales celebrar\u00e1n su 8\u00aa Congregaci\u00f3n general <\/strong>durante la cual tambi\u00e9n se reunir\u00e1 la Comisi\u00f3n para la elaboraci\u00f3n de la Relaci\u00f3n final. Y de 16.30 a 19.00, celebrar\u00e1n la 9\u00aa Congregaci\u00f3n general durante la cual presentar\u00e1n el Relator General de los temas de la III parte, escuchar\u00e1n el testimonio de un auditor y dem\u00e1s intervenciones de los Padres Sinodales, quienes dedicar\u00e1n la \u00faltima media hora a intervenciones libres.<\/p>\n<p style=\"text-align: justify;\"><strong>El jueves 15 de octubre, memoria lit\u00fargica de Santa Teresa de \u00c1vila, carmelita descalza, Doctora de la Iglesia, los Padres Sinodales celebrar\u00e1n su 10\u00aa Congregaci\u00f3n general <\/strong>de 9.00 a 10.00 \u00a0con sus intervenciones, mientras de 16.30 a 19.00 celebrar\u00e1n su 11\u00aa Congregaci\u00f3n general a lo que seguir\u00e1 sus intervenciones, quienes dedicar\u00e1n la \u00faltima media hora a intervenciones libres.<\/p>\n<p style=\"text-align: justify;\">Ese mismo d\u00eda se <strong>concluir\u00e1 el A\u00f1o jubilar teresiano<\/strong> con motivo de los 500 a\u00f1os del nacimiento de Santa Teresa de \u00c1vila que comenz\u00f3 el 15 de octubre del a\u00f1o pasado.<\/p>\n<p style=\"text-align: justify;\">Del <strong>15 al 17 de octubre en la sede del Pontificio Comit\u00e9 de Ciencias Hist\u00f3ricas<\/strong> y en la del Pontificio Colegio Teut\u00f3nico, se celebrar\u00e1 un Congreso sobre el tema \u201cEl Concilio Lateranense. Reforma institucional y renovaci\u00f3n espiritual\u201d.<\/p>\n<p style=\"text-align: justify;\">Del\u00a0 <strong>15 al\u00a0 17 de octubre en la Rep\u00fablica Checa se celebrar\u00e1 el Primer Congreso Eucar\u00edstico Nacional <\/strong>sobre el tema \u201cLa Eucarist\u00eda. Un nuevo y eterno testamento\u201d. Para este evento el Santo Padre Francisco ha nombrado al Cardenal Paul Josef Cordes, Presidente em\u00e9rito del Consejo Pontificio \u201cCor Unum\u201d su Enviado Especial.<\/p>\n<p style=\"text-align: justify;\">El viernes <strong>16 de octubre los Padres Sinodales celebrar\u00e1n de\u00a0 9.00 a 12.30 la 12\u00aa Congregaci\u00f3n <\/strong>general durante la cual se escuchar\u00e1n a los Delegados fraternos, mientras de 16.30 a 19.00 durante la 13\u00aa Congregaci\u00f3n general tambi\u00e9n se escuchar\u00e1n a los auditores y auditoras.<\/p>\n<p style=\"text-align: justify;\">El <strong>s\u00e1bado 17 de octubre de 9.00 a 12.30, en el Aula Pablo VI de la Ciudad del Vaticano tendr\u00e1 lugar la Conmemoraci\u00f3n del 50\u00b0 aniversario de la instituci\u00f3n del S\u00ednodo de los Obispos<\/strong>, evento que el Centro Televisivo Vaticano transmitir\u00e1 en directo. Por la tarde, de 16.30 a 19.00, los Padres Sinodales celebrar\u00e1n su X sesi\u00f3n trabajando en C\u00edrculos menores.<\/p>\n<p style=\"text-align: justify;\">El <strong>18 de octubre XXIX domino del tiempo ordinario, Jornada Misionera Mundial <\/strong>y memoria lit\u00fargica de San Lucas, Evangelista, m\u00e9dico y Patrono de los artistas, el Papa Francisco celebrar\u00e1, a las 10.15 en la Plaza de San Pedro, la Santa <strong>Misa con motivo de la canonizaci\u00f3n de Vincenzo Grossi,<\/strong> sacerdote diocesano, fundador del Instituto de las Hijas del Oratorio; Mar\u00eda de la Inmaculada Concepci\u00f3n, religiosa, superiora general de la Congregaci\u00f3n de las Hermanas de la Compa\u00f1\u00eda de la Cruz; Ludovico Martin, laico y padre de familia y Mar\u00eda Azelia Gu\u00e9rin, laica y madre de familia, ambos esposos.<\/p>\n<p style=\"text-align: justify;\">Y a mediod\u00eda, el Papa Bergoglio <strong>rezar\u00e1 la oraci\u00f3n mariana del \u00c1ngelus<\/strong> dominical con los miles de fieles y peregrinos reunidos en la Plaza de San Pedro, deseosos de escuchar su comentario al Evangelio y de recibir su bendici\u00f3n apost\u00f3lica.<\/p>\n<p style=\"text-align: justify;\">El l<strong>unes 19 de octubre los Padres Sinodales seguir\u00e1n sus trabajos<\/strong> en el \u00e1mbito del S\u00ednodo sobre la familia reuni\u00e9ndose de\u00a0 9.00 a 12.30 \u00a0para celebrar su XI sesi\u00f3n en c\u00edrculos menores y por la tarde, de\u00a016.30 a 19.00 se reunir\u00e1n en c\u00edrculos menores en su XII sesi\u00f3n.<\/p>\n<p style=\"text-align: justify;\">Ese d\u00eda se celebrar\u00e1 <strong>el 1\u00ba aniversario de la beatificaci\u00f3n del Papa Pablo VI.<\/strong><\/p>\n<p style=\"text-align: justify;\">(<b>Mar\u00eda Fernanda Bernasconi<\/b> &#8211; RV).<\/p>\n<p style=\"text-align: justify;\">foto:\u00a0El Papa Francisco durante la audiencia general del 7 de octubre &#8211; AP<\/p>\n","protected":false},"excerpt":{"rendered":"<p>Previsiones informativas en el Vaticano del 13 al 19 de octubre de 2015 El martes 13 de octubre en la Ciudad del Vaticano, los Padres sinodales proseguir\u00e1n los trabajos del 14 S\u00ednodo general ordinario sobre la familia, trabajando en c\u00edrculos menores de 9.00 a 12.30 y de\u00a016.30 a 19.00 en el \u00e1mbito de su VIII &hellip; <a href=\"https:\/\/www.biblia.work\/sermones\/previsiones-informativas-en-el-vaticano-del-13-al-19-de-octubre-de-2015\/\" class=\"more-link\">Continuar leyendo<span class=\"screen-reader-text\"> \u00abPrevisiones informativas en el Vaticano del 13 al 19 de octubre de 2015\u00bb<\/span><\/a><\/p>\n","protected":false},"author":1,"featured_media":0,"comment_status":"open","ping_status":"closed","sticky":false,"template":"","format":"standard","meta":{"footnotes":""},"categories":[1],"tags":[],"class_list":["post-36994","post","type-post","status-publish","format-standard","hentry","category-general"],"_links":{"self":[{"href":"https:\/\/www.biblia.work\/sermones\/wp-json\/wp\/v2\/posts\/36994","targetHints":{"allow":["GET"]}}],"collection":[{"href":"https:\/\/www.biblia.work\/sermones\/wp-json\/wp\/v2\/posts"}],"about":[{"href":"https:\/\/www.biblia.work\/sermones\/wp-json\/wp\/v2\/types\/post"}],"author":[{"embeddable":true,"href":"https:\/\/www.biblia.work\/sermones\/wp-json\/wp\/v2\/users\/1"}],"replies":[{"embeddable":true,"href":"https:\/\/www.biblia.work\/sermones\/wp-json\/wp\/v2\/comments?post=36994"}],"version-history":[{"count":0,"href":"https:\/\/www.biblia.work\/sermones\/wp-json\/wp\/v2\/posts\/36994\/revisions"}],"wp:attachment":[{"href":"https:\/\/www.biblia.work\/sermones\/wp-json\/wp\/v2\/media?parent=36994"}],"wp:term":[{"taxonomy":"category","embeddable":true,"href":"https:\/\/www.biblia.work\/sermones\/wp-json\/wp\/v2\/categories?post=36994"},{"taxonomy":"post_tag","embeddable":true,"href":"https:\/\/www.biblia.work\/sermones\/wp-json\/wp\/v2\/tags?post=36994"}],"curies":[{"name":"wp","href":"https:\/\/api.w.org\/{rel}","templated":true}]}}