{"id":36998,"date":"2016-06-21T10:55:25","date_gmt":"2016-06-21T15:55:25","guid":{"rendered":"http:\/\/www.biblia.work\/sermones\/el-espanol-nuncio-en-jordania-e-irak-alberto-ortega-ya-es-obispo\/"},"modified":"2016-06-21T10:55:25","modified_gmt":"2016-06-21T15:55:25","slug":"el-espanol-nuncio-en-jordania-e-irak-alberto-ortega-ya-es-obispo","status":"publish","type":"post","link":"https:\/\/www.biblia.work\/sermones\/el-espanol-nuncio-en-jordania-e-irak-alberto-ortega-ya-es-obispo\/","title":{"rendered":"El espa\u00f1ol nuncio en Jordania e Irak, Alberto Ortega, ya es obispo"},"content":{"rendered":"<p align=\"justify\"><strong>El espa\u00f1ol nuncio en Jordania e Irak, Alberto Ortega, ya es obispo<\/strong><\/p>\n<p align=\"justify\">El s\u00e1bado 10 de octubre, en la bas\u00edlica vaticana, recibi\u00f3 la ordenaci\u00f3n episcopal el espa\u00f1ol Alberto Ortega Mart\u00edn, nombrado, el pasado 1 de agosto, nuncio apost\u00f3lico en Jordania y en Irak (ECCLESIA, n\u00famero 3.791-92, p\u00e1gina 46). El Papa Francisco recibi\u00f3 a monse\u00f1or Ortega, acompa\u00f1ado de su familia, el domingo 11.<\/p>\n<p align=\"justify\">El nuevo nuncio de origen espa\u00f1ol, Alberto Ortega, naci\u00f3 en Madrid el 14 de noviembre de 1962, fue ordenado sacerdote el 28 de junio de 1990, pertenece a la Fraternidad Comuni\u00f3n y Liberaci\u00f3n, entr\u00f3 al servicio del cuerpo diplom\u00e1tico de la Santa Sede en 1997 y hasta ahora ha trabajado en las representaciones pontificias en Nicaragua, Sud\u00e1frica y L\u00edbano y en la Secretar\u00eda de Estado.<\/p>\n","protected":false},"excerpt":{"rendered":"<p>El espa\u00f1ol nuncio en Jordania e Irak, Alberto Ortega, ya es obispo El s\u00e1bado 10 de octubre, en la bas\u00edlica vaticana, recibi\u00f3 la ordenaci\u00f3n episcopal el espa\u00f1ol Alberto Ortega Mart\u00edn, nombrado, el pasado 1 de agosto, nuncio apost\u00f3lico en Jordania y en Irak (ECCLESIA, n\u00famero 3.791-92, p\u00e1gina 46). El Papa Francisco recibi\u00f3 a monse\u00f1or Ortega, &hellip; <a href=\"https:\/\/www.biblia.work\/sermones\/el-espanol-nuncio-en-jordania-e-irak-alberto-ortega-ya-es-obispo\/\" class=\"more-link\">Continuar leyendo<span class=\"screen-reader-text\"> \u00abEl espa\u00f1ol nuncio en Jordania e Irak, Alberto Ortega, ya es obispo\u00bb<\/span><\/a><\/p>\n","protected":false},"author":1,"featured_media":0,"comment_status":"open","ping_status":"closed","sticky":false,"template":"","format":"standard","meta":{"footnotes":""},"categories":[1],"tags":[],"class_list":["post-36998","post","type-post","status-publish","format-standard","hentry","category-general"],"_links":{"self":[{"href":"https:\/\/www.biblia.work\/sermones\/wp-json\/wp\/v2\/posts\/36998","targetHints":{"allow":["GET"]}}],"collection":[{"href":"https:\/\/www.biblia.work\/sermones\/wp-json\/wp\/v2\/posts"}],"about":[{"href":"https:\/\/www.biblia.work\/sermones\/wp-json\/wp\/v2\/types\/post"}],"author":[{"embeddable":true,"href":"https:\/\/www.biblia.work\/sermones\/wp-json\/wp\/v2\/users\/1"}],"replies":[{"embeddable":true,"href":"https:\/\/www.biblia.work\/sermones\/wp-json\/wp\/v2\/comments?post=36998"}],"version-history":[{"count":0,"href":"https:\/\/www.biblia.work\/sermones\/wp-json\/wp\/v2\/posts\/36998\/revisions"}],"wp:attachment":[{"href":"https:\/\/www.biblia.work\/sermones\/wp-json\/wp\/v2\/media?parent=36998"}],"wp:term":[{"taxonomy":"category","embeddable":true,"href":"https:\/\/www.biblia.work\/sermones\/wp-json\/wp\/v2\/categories?post=36998"},{"taxonomy":"post_tag","embeddable":true,"href":"https:\/\/www.biblia.work\/sermones\/wp-json\/wp\/v2\/tags?post=36998"}],"curies":[{"name":"wp","href":"https:\/\/api.w.org\/{rel}","templated":true}]}}