{"id":36999,"date":"2016-06-21T10:55:29","date_gmt":"2016-06-21T15:55:29","guid":{"rendered":"http:\/\/www.biblia.work\/sermones\/blazquez-toma-posesion-de-su-titulo-cardenalicio\/"},"modified":"2016-06-21T10:55:29","modified_gmt":"2016-06-21T15:55:29","slug":"blazquez-toma-posesion-de-su-titulo-cardenalicio","status":"publish","type":"post","link":"https:\/\/www.biblia.work\/sermones\/blazquez-toma-posesion-de-su-titulo-cardenalicio\/","title":{"rendered":"Bl\u00e1zquez toma posesi\u00f3n de su t\u00edtulo cardenalicio"},"content":{"rendered":"<p align=\"justify\"><strong>Bl\u00e1zquez toma posesi\u00f3n de su t\u00edtulo cardenalicio<\/strong><\/p>\n<p align=\"justify\">El cardenal Ricardo Bl\u00e1zquez P\u00e9rez, presidente de la Conferencia Episcopal Espa\u00f1ola y arzobispo de Valladolid, tomar\u00e1 posesi\u00f3n del T\u00edtulo cardenalicio el pr\u00f3ximo domingo, 11 de octubre, a las 12.00 h. El Presidente de la CEE fue creado cardenal el 14 de febrero. <strong>El papa Francisco le otorg\u00f3 el t\u00edtulo de cardenal presb\u00edtero de Santa Mar\u00eda in Vallicella.<\/strong>\n<\/p>\n<p align=\"justify\">A todos los cardenales les corresponde la titularidad de una iglesia de Roma, pasando a ser como los p\u00e1rrocos del Papa en su condici\u00f3n de obispo de la di\u00f3cesis romana. Adem\u00e1s es un signo de la estrecha vinculaci\u00f3n con la Sede Apost\u00f3lica.<\/p>\n<p align=\"justify\">La Parroquia de Santa Mar\u00eda in Vallicella est\u00e1 situada en el centro hist\u00f3rico de Roma (Via del Governo Vecchio, 134) y es conocida como la Chiesa Nuova (Iglesia Nueva). En esta iglesia est\u00e1 enterrado san Felipe Neri, fundador de la Congregaci\u00f3n del Oratorio, una congregaci\u00f3n tambi\u00e9n presente en la di\u00f3cesis de Valladolid, con una iglesia que lleva el nombre del santo.<\/p>\n<p align=\"justify\">La fiesta de San Felipe Neri, el 26 de mayo, siempre ha tenido importancia en la di\u00f3cesis vallisoletana. Cada a\u00f1o, el arzobispo de Valladolid preside la eucarist\u00eda en la Memoria Lit\u00fargica de este santo que fue canonizado junto con otros cuatro espa\u00f1oles: san Ignacio de Loyola, san Francisco Javier, san Isidro Labrador y santa Teresa de Jes\u00fas.<\/p>\n<p align=\"justify\">&gt; Parroquia de Santa Mar\u00eda in Vallicella<\/p>\n","protected":false},"excerpt":{"rendered":"<p>Bl\u00e1zquez toma posesi\u00f3n de su t\u00edtulo cardenalicio El cardenal Ricardo Bl\u00e1zquez P\u00e9rez, presidente de la Conferencia Episcopal Espa\u00f1ola y arzobispo de Valladolid, tomar\u00e1 posesi\u00f3n del T\u00edtulo cardenalicio el pr\u00f3ximo domingo, 11 de octubre, a las 12.00 h. El Presidente de la CEE fue creado cardenal el 14 de febrero. El papa Francisco le otorg\u00f3 el &hellip; <a href=\"https:\/\/www.biblia.work\/sermones\/blazquez-toma-posesion-de-su-titulo-cardenalicio\/\" class=\"more-link\">Continuar leyendo<span class=\"screen-reader-text\"> \u00abBl\u00e1zquez toma posesi\u00f3n de su t\u00edtulo cardenalicio\u00bb<\/span><\/a><\/p>\n","protected":false},"author":1,"featured_media":0,"comment_status":"open","ping_status":"closed","sticky":false,"template":"","format":"standard","meta":{"footnotes":""},"categories":[1],"tags":[],"class_list":["post-36999","post","type-post","status-publish","format-standard","hentry","category-general"],"_links":{"self":[{"href":"https:\/\/www.biblia.work\/sermones\/wp-json\/wp\/v2\/posts\/36999","targetHints":{"allow":["GET"]}}],"collection":[{"href":"https:\/\/www.biblia.work\/sermones\/wp-json\/wp\/v2\/posts"}],"about":[{"href":"https:\/\/www.biblia.work\/sermones\/wp-json\/wp\/v2\/types\/post"}],"author":[{"embeddable":true,"href":"https:\/\/www.biblia.work\/sermones\/wp-json\/wp\/v2\/users\/1"}],"replies":[{"embeddable":true,"href":"https:\/\/www.biblia.work\/sermones\/wp-json\/wp\/v2\/comments?post=36999"}],"version-history":[{"count":0,"href":"https:\/\/www.biblia.work\/sermones\/wp-json\/wp\/v2\/posts\/36999\/revisions"}],"wp:attachment":[{"href":"https:\/\/www.biblia.work\/sermones\/wp-json\/wp\/v2\/media?parent=36999"}],"wp:term":[{"taxonomy":"category","embeddable":true,"href":"https:\/\/www.biblia.work\/sermones\/wp-json\/wp\/v2\/categories?post=36999"},{"taxonomy":"post_tag","embeddable":true,"href":"https:\/\/www.biblia.work\/sermones\/wp-json\/wp\/v2\/tags?post=36999"}],"curies":[{"name":"wp","href":"https:\/\/api.w.org\/{rel}","templated":true}]}}