{"id":37001,"date":"2016-06-21T10:55:41","date_gmt":"2016-06-21T15:55:41","guid":{"rendered":"http:\/\/www.biblia.work\/sermones\/declaracion-del-director-de-la-oficina-de-prensa-sobre-el-proyecto-del-viaje-del-papa-a-mexico\/"},"modified":"2016-06-21T10:55:41","modified_gmt":"2016-06-21T15:55:41","slug":"declaracion-del-director-de-la-oficina-de-prensa-sobre-el-proyecto-del-viaje-del-papa-a-mexico","status":"publish","type":"post","link":"https:\/\/www.biblia.work\/sermones\/declaracion-del-director-de-la-oficina-de-prensa-sobre-el-proyecto-del-viaje-del-papa-a-mexico\/","title":{"rendered":"Declaraci\u00f3n del Director de la Oficina de Prensa sobre el proyecto del viaje del Papa a M\u00e9xico"},"content":{"rendered":"<p style=\"text-align: justify;\"><strong>Declaraci\u00f3n del Director de la Oficina de Prensa sobre el proyecto del viaje del Papa a M\u00e9xico<\/strong><\/p>\n<p style=\"text-align: justify;\">(RV).- El proyecto de un viaje apost\u00f3lico del Papa Francisco a M\u00e9xico \u201ccomienza a ser concreto\u201d, tal como lo afirma el padre Federico Lombardi, Director de la Oficina de Prensa de la Santa Sede y de nuestra emisora Radio Vaticano, al responder a una pregunta sobre este tema.<\/p>\n<p style=\"text-align: justify;\">El Papa \u2013 afirm\u00f3 el Padre Lombardi \u2013 \u201cdesea ir a M\u00e9xico, como bien sabemos, porque lo ha dicho \u00e9l mismo en diversas ocasiones. Hay un proyecto para realizar este viaje el a\u00f1o pr\u00f3ximo y para este proyecto \u2013 subray\u00f3 nuestro Director General \u2013 ya se comenzaron a dar pasos concretos\u201d.<\/p>\n<p style=\"text-align: justify;\">(Mar\u00eda Fernanda Bernasconi &#8211; RV).<\/p>\n<p style=\"text-align: justify;\">(from Vatican Radio)<\/p>\n<p style=\"text-align: justify;\">\n","protected":false},"excerpt":{"rendered":"<p>Declaraci\u00f3n del Director de la Oficina de Prensa sobre el proyecto del viaje del Papa a M\u00e9xico (RV).- El proyecto de un viaje apost\u00f3lico del Papa Francisco a M\u00e9xico \u201ccomienza a ser concreto\u201d, tal como lo afirma el padre Federico Lombardi, Director de la Oficina de Prensa de la Santa Sede y de nuestra emisora &hellip; <a href=\"https:\/\/www.biblia.work\/sermones\/declaracion-del-director-de-la-oficina-de-prensa-sobre-el-proyecto-del-viaje-del-papa-a-mexico\/\" class=\"more-link\">Continuar leyendo<span class=\"screen-reader-text\"> \u00abDeclaraci\u00f3n del Director de la Oficina de Prensa sobre el proyecto del viaje del Papa a M\u00e9xico\u00bb<\/span><\/a><\/p>\n","protected":false},"author":1,"featured_media":0,"comment_status":"open","ping_status":"closed","sticky":false,"template":"","format":"standard","meta":{"footnotes":""},"categories":[1],"tags":[],"class_list":["post-37001","post","type-post","status-publish","format-standard","hentry","category-general"],"_links":{"self":[{"href":"https:\/\/www.biblia.work\/sermones\/wp-json\/wp\/v2\/posts\/37001","targetHints":{"allow":["GET"]}}],"collection":[{"href":"https:\/\/www.biblia.work\/sermones\/wp-json\/wp\/v2\/posts"}],"about":[{"href":"https:\/\/www.biblia.work\/sermones\/wp-json\/wp\/v2\/types\/post"}],"author":[{"embeddable":true,"href":"https:\/\/www.biblia.work\/sermones\/wp-json\/wp\/v2\/users\/1"}],"replies":[{"embeddable":true,"href":"https:\/\/www.biblia.work\/sermones\/wp-json\/wp\/v2\/comments?post=37001"}],"version-history":[{"count":0,"href":"https:\/\/www.biblia.work\/sermones\/wp-json\/wp\/v2\/posts\/37001\/revisions"}],"wp:attachment":[{"href":"https:\/\/www.biblia.work\/sermones\/wp-json\/wp\/v2\/media?parent=37001"}],"wp:term":[{"taxonomy":"category","embeddable":true,"href":"https:\/\/www.biblia.work\/sermones\/wp-json\/wp\/v2\/categories?post=37001"},{"taxonomy":"post_tag","embeddable":true,"href":"https:\/\/www.biblia.work\/sermones\/wp-json\/wp\/v2\/tags?post=37001"}],"curies":[{"name":"wp","href":"https:\/\/api.w.org\/{rel}","templated":true}]}}