{"id":37002,"date":"2016-06-21T10:55:45","date_gmt":"2016-06-21T15:55:45","guid":{"rendered":"http:\/\/www.biblia.work\/sermones\/comprometerse-es-dar-la-vida-oracion-universal-del-papa-por-el-fin-del-trafico-de-personas\/"},"modified":"2016-06-21T10:55:45","modified_gmt":"2016-06-21T15:55:45","slug":"comprometerse-es-dar-la-vida-oracion-universal-del-papa-por-el-fin-del-trafico-de-personas","status":"publish","type":"post","link":"https:\/\/www.biblia.work\/sermones\/comprometerse-es-dar-la-vida-oracion-universal-del-papa-por-el-fin-del-trafico-de-personas\/","title":{"rendered":"&#8220;Comprometerse es dar la vida&#8221;, oraci\u00f3n universal del Papa por el fin del tr\u00e1fico de personas"},"content":{"rendered":"<p style=\"text-align: justify;\"><strong>&#8220;Comprometerse es dar la vida&#8221;, oraci\u00f3n universal del Papa por el fin del tr\u00e1fico de personas<\/strong><\/p>\n<p style=\"text-align: justify;\">\u201cSe ve\u00eda gente rezar\u201d, dijo el <strong>Papa Francisco <\/strong>en la rueda de prensa a los periodistas tras su <strong>Viaje Apost\u00f3lico a Cuba y Estados Unidos,<\/strong> destacando el hecho de la oraci\u00f3n como uno de los momentos que m\u00e1s le impactaron durante sus encuentros con el pueblo. La oraci\u00f3n es la base de Fe y as\u00ed nos lo recuerda el Papa cuya <strong>intenci\u00f3n universal <\/strong>de oraci\u00f3n para el mes de octubre, es que sea erradicada<strong> la esclavitud moderna y el tr\u00e1fico de personas<\/strong>. El Santo Padre tambi\u00e9n pide oraciones por la <strong>evangelizaci\u00f3n en Asia<\/strong>, para que con esp\u00edritu misionero, las comunidades cristianas de este continente anuncien el Evangelio a todos aquellos que a\u00fan lo esperan.<\/p>\n<p style=\"text-align: justify;\">Nuestros Amigos en <strong>Facebook<\/strong> de Radio Vaticana en espa\u00f1ol comentan:<\/p>\n<p style=\"text-align: justify;\"><strong>Siriana Rivas<\/strong> escribe: \u00a0\u201cEl tr\u00e1fico de personas es una de las peores lacras de nuestra sociedad. Se calcula que unas 50.000 personas entran cada a\u00f1o en Espa\u00f1a y son forzadas a trabajar clandestinamente, tratadas como objetos. En Europa son 500.000 y en el mundo casi tres millones. Es terrible saber que el 80% de los que sufren este tipo de esclavitud moderna, son mujeres y ni\u00f1as y que ya se ha convertido en el segundo <strong>negocio clandestino<\/strong> m\u00e1s lucrativo del mundo, solo por detr\u00e1s del tr\u00e1fico de armas y drogas. \u00a0Resulta vergonzoso autoproclamarnos &#8220;sociedades de pa\u00edses desarrollados&#8221; y del &#8220;primer mundo&#8221;, cuando nuestros sistemas no son capaces de garantizar la dignidad de sus habitantes ni activan las medidas necesarias para acabar con estas mafias de dinero \u00a0y de poder. Como ciudadanos deber\u00edamos plantearnos, \u00bfhasta cu\u00e1ndo vamos a hacernos los ciegos y a pretender que vivimos en sociedades libres?&#8221;.<\/p>\n<p style=\"text-align: justify;\">Nuestra\u00a0 amiga <strong>Astelehena <\/strong>dice: \u201cUn\u00e1monos en oraci\u00f3n por las intenciones del <strong>Papa Francisco<\/strong>, especialmente por las vocaciones misioneras en Asia; una tierra donde las semillas del <strong>Evangelio<\/strong> crecen lentamente y no sin dificultad en este pueblo sufriente. A veces, nos olvidamos qu\u00e9 tan importante es la vocaci\u00f3n misionera, de entrega por los dem\u00e1s y por los m\u00e1s necesitados de este mundo. Dios act\u00faa a trav\u00e9s de las mies, proclamando la <strong>Buena Nueva<\/strong> y la alegr\u00eda de su infinita misericordia\u201d.<\/p>\n<p style=\"text-align: justify;\"><strong>Jaime Jaramillo<\/strong> escribe: \u201cUnidos en Oraci\u00f3n y en un mismo Esp\u00edritu ser\u00e1n escuchadas y atendidas todas nuestras peticiones uni\u00e9ndonos todos como hermanos en Cristo Jes\u00fas con el Papa Francisco. La Oraci\u00f3n tiene poder para redimir todo mal, un\u00e1monos\u201d.<\/p>\n<p style=\"text-align: justify;\">Fuente: Radio Vaticana<\/p>\n<p style=\"text-align: justify;\"><strong>&#8220;Comprometerse es dar la vida&#8221;, nos lo recuerda el Papa Francisco.<\/strong><\/p>\n<p style=\"text-align: justify;\">\u00abTU COMENTARIO AYUDA, tu opini\u00f3n cuenta\u00bb. Producci\u00f3n, <strong>Facebook<\/strong>, Radio Vaticana en espa\u00f1ol.<\/p>\n<p style=\"text-align: justify;\">Te invitamos a visitar nuestra \u00a0p\u00e1gina en Facebook y a compartir tus comentarios con la Radio del Papa.<\/p>\n<p style=\"text-align: justify;\">\n","protected":false},"excerpt":{"rendered":"<p>&#8220;Comprometerse es dar la vida&#8221;, oraci\u00f3n universal del Papa por el fin del tr\u00e1fico de personas \u201cSe ve\u00eda gente rezar\u201d, dijo el Papa Francisco en la rueda de prensa a los periodistas tras su Viaje Apost\u00f3lico a Cuba y Estados Unidos, destacando el hecho de la oraci\u00f3n como uno de los momentos que m\u00e1s le &hellip; <a href=\"https:\/\/www.biblia.work\/sermones\/comprometerse-es-dar-la-vida-oracion-universal-del-papa-por-el-fin-del-trafico-de-personas\/\" class=\"more-link\">Continuar leyendo<span class=\"screen-reader-text\"> \u00ab&#8220;Comprometerse es dar la vida&#8221;, oraci\u00f3n universal del Papa por el fin del tr\u00e1fico de personas\u00bb<\/span><\/a><\/p>\n","protected":false},"author":1,"featured_media":0,"comment_status":"open","ping_status":"closed","sticky":false,"template":"","format":"standard","meta":{"footnotes":""},"categories":[1],"tags":[],"class_list":["post-37002","post","type-post","status-publish","format-standard","hentry","category-general"],"_links":{"self":[{"href":"https:\/\/www.biblia.work\/sermones\/wp-json\/wp\/v2\/posts\/37002","targetHints":{"allow":["GET"]}}],"collection":[{"href":"https:\/\/www.biblia.work\/sermones\/wp-json\/wp\/v2\/posts"}],"about":[{"href":"https:\/\/www.biblia.work\/sermones\/wp-json\/wp\/v2\/types\/post"}],"author":[{"embeddable":true,"href":"https:\/\/www.biblia.work\/sermones\/wp-json\/wp\/v2\/users\/1"}],"replies":[{"embeddable":true,"href":"https:\/\/www.biblia.work\/sermones\/wp-json\/wp\/v2\/comments?post=37002"}],"version-history":[{"count":0,"href":"https:\/\/www.biblia.work\/sermones\/wp-json\/wp\/v2\/posts\/37002\/revisions"}],"wp:attachment":[{"href":"https:\/\/www.biblia.work\/sermones\/wp-json\/wp\/v2\/media?parent=37002"}],"wp:term":[{"taxonomy":"category","embeddable":true,"href":"https:\/\/www.biblia.work\/sermones\/wp-json\/wp\/v2\/categories?post=37002"},{"taxonomy":"post_tag","embeddable":true,"href":"https:\/\/www.biblia.work\/sermones\/wp-json\/wp\/v2\/tags?post=37002"}],"curies":[{"name":"wp","href":"https:\/\/api.w.org\/{rel}","templated":true}]}}