{"id":37004,"date":"2016-06-21T10:55:54","date_gmt":"2016-06-21T15:55:54","guid":{"rendered":"http:\/\/www.biblia.work\/sermones\/polemica-por-unas-declaraciones-de-monsenor-charamsa-y-desautorizacion-por-parte-de-la-santa-sede\/"},"modified":"2016-06-21T10:55:54","modified_gmt":"2016-06-21T15:55:54","slug":"polemica-por-unas-declaraciones-de-monsenor-charamsa-y-desautorizacion-por-parte-de-la-santa-sede","status":"publish","type":"post","link":"https:\/\/www.biblia.work\/sermones\/polemica-por-unas-declaraciones-de-monsenor-charamsa-y-desautorizacion-por-parte-de-la-santa-sede\/","title":{"rendered":"Pol\u00e9mica por unas declaraciones de monse\u00f1or Charamsa y desautorizaci\u00f3n por parte de la Santa Sede"},"content":{"rendered":"<p align=\"justify\"><strong>Pol\u00e9mica por unas declaraciones de monse\u00f1or Charamsa y desautorizaci\u00f3n por parte de la Santa Sede<\/strong><\/p>\n<p align=\"justify\">Monse\u00f1or Charasma es un sacerdote polaco que trabaja hasta en la Congregaci\u00f3n para la Doctrina de la Fe. El sacerdote\u00a0<strong>revel\u00f3 su homosexualidad<\/strong> este s\u00e1bado en dos peri\u00f3dicos, un d\u00eda antes del s\u00ednodo sobre la familia, para sacudir a una Iglesia &#8220;paranoica&#8221; sobre este tema. Seg\u00fan Charamsa, adem\u00e1s, <strong>&#8220;el clero es ampliamente homosexual, por desgracia, hom\u00f3fobo&#8221;<\/strong>. El sacerdote ha reconocido tener pareja masculina.<\/p>\n<p align=\"justify\">Una vez p\u00fablicas estas declaraciones, el director de la Sala de Prensa de la Santa Sede, padre Federico Lombardi, ha emitido la siguiente nota:<\/p>\n<p align=\"justify\">\u201cAcerca de las declaraciones y entrevistas concedidas por Mons. Krzystof Charamsa cabe se\u00f1alar que &#8211; a pesar del respeto que merecen los hechos y circunstancias personales y las reflexiones sobre ellos &#8211; la elecci\u00f3n de declarar algo tan clamoroso en la v\u00edspera de la apertura de S\u00ednodo resulta <strong>muy grave y no responsable<\/strong>, ya que apunta a someter a la Asamblea sinodal a una presi\u00f3n medi\u00e1tica injustificada. Ciertamente<strong>, Mons. Charamsa no podr\u00e1 seguir desempe\u00f1ando las tareas precedentes en la Congregaci\u00f3n para la Doctrina de la Fe y las universidades pontificias<\/strong>, mientras que los otros aspectos de su situaci\u00f3n competen a su Ordinario diocesano\u201d.<\/p>\n<p align=\"justify\">El sacerdote realiz\u00f3 semanas atr\u00e1s, en plena campa\u00f1a de las elecciones auton\u00f3micas en Catalu\u00f1a, unas pol\u00e9micas declaraciones sobre el denominada derecho de autodeterminaci\u00f3n de los pueblos. Dichas declaraciones fueron contestadas por el cardenal Antonio Ca\u00f1izares, arzobispo de Valencia y miembro de la Congregaci\u00f3n para la Doctrina de la Fe.<\/p>\n","protected":false},"excerpt":{"rendered":"<p>Pol\u00e9mica por unas declaraciones de monse\u00f1or Charamsa y desautorizaci\u00f3n por parte de la Santa Sede Monse\u00f1or Charasma es un sacerdote polaco que trabaja hasta en la Congregaci\u00f3n para la Doctrina de la Fe. El sacerdote\u00a0revel\u00f3 su homosexualidad este s\u00e1bado en dos peri\u00f3dicos, un d\u00eda antes del s\u00ednodo sobre la familia, para sacudir a una Iglesia &hellip; <a href=\"https:\/\/www.biblia.work\/sermones\/polemica-por-unas-declaraciones-de-monsenor-charamsa-y-desautorizacion-por-parte-de-la-santa-sede\/\" class=\"more-link\">Continuar leyendo<span class=\"screen-reader-text\"> \u00abPol\u00e9mica por unas declaraciones de monse\u00f1or Charamsa y desautorizaci\u00f3n por parte de la Santa Sede\u00bb<\/span><\/a><\/p>\n","protected":false},"author":1,"featured_media":0,"comment_status":"open","ping_status":"closed","sticky":false,"template":"","format":"standard","meta":{"footnotes":""},"categories":[1],"tags":[],"class_list":["post-37004","post","type-post","status-publish","format-standard","hentry","category-general"],"_links":{"self":[{"href":"https:\/\/www.biblia.work\/sermones\/wp-json\/wp\/v2\/posts\/37004","targetHints":{"allow":["GET"]}}],"collection":[{"href":"https:\/\/www.biblia.work\/sermones\/wp-json\/wp\/v2\/posts"}],"about":[{"href":"https:\/\/www.biblia.work\/sermones\/wp-json\/wp\/v2\/types\/post"}],"author":[{"embeddable":true,"href":"https:\/\/www.biblia.work\/sermones\/wp-json\/wp\/v2\/users\/1"}],"replies":[{"embeddable":true,"href":"https:\/\/www.biblia.work\/sermones\/wp-json\/wp\/v2\/comments?post=37004"}],"version-history":[{"count":0,"href":"https:\/\/www.biblia.work\/sermones\/wp-json\/wp\/v2\/posts\/37004\/revisions"}],"wp:attachment":[{"href":"https:\/\/www.biblia.work\/sermones\/wp-json\/wp\/v2\/media?parent=37004"}],"wp:term":[{"taxonomy":"category","embeddable":true,"href":"https:\/\/www.biblia.work\/sermones\/wp-json\/wp\/v2\/categories?post=37004"},{"taxonomy":"post_tag","embeddable":true,"href":"https:\/\/www.biblia.work\/sermones\/wp-json\/wp\/v2\/tags?post=37004"}],"curies":[{"name":"wp","href":"https:\/\/api.w.org\/{rel}","templated":true}]}}