{"id":37006,"date":"2016-06-21T10:56:06","date_gmt":"2016-06-21T15:56:06","guid":{"rendered":"http:\/\/www.biblia.work\/sermones\/previo-al-sinodo-de-los-obispos-2015\/"},"modified":"2016-06-21T10:56:06","modified_gmt":"2016-06-21T15:56:06","slug":"previo-al-sinodo-de-los-obispos-2015","status":"publish","type":"post","link":"https:\/\/www.biblia.work\/sermones\/previo-al-sinodo-de-los-obispos-2015\/","title":{"rendered":"Previo al S\u00ednodo de los Obispos 2015"},"content":{"rendered":"<p style=\"text-align: justify;\">\u201cMadurar con discernimiento y encontrar soluciones a los desaf\u00edos de las familias\u201d. <strong>XIV S\u00ednodo de los Obispos<\/strong><\/p>\n<p style=\"text-align: justify;\">\u00a0(RV).- Este domingo, <strong>XXVII del Tiempo Ordinario<\/strong>, con la celebraci\u00f3n de la Santa Misa en la Bas\u00edlica de San Pedro, iniciar\u00e1 la <strong>XIV Asamblea General Ordinaria del S\u00ednodo de los Obispos<\/strong>, que tendr\u00e1 lugar del 4 al 25 de octubre, y tratar\u00e1 el tema: \u201cLa vocaci\u00f3n y la misi\u00f3n de la familia en la Iglesia y en el mundo contempor\u00e1neo\u201d. <\/p>\n<p style=\"text-align: justify;\">Este \u201ccaminar juntos\u201d (s\u00ednodo) de pastores y pueblo de Dios, se inspira en la tarea confiada por el Papa Francisco a la Iglesia universal de \u00abmadurar, con verdadero discernimiento espiritual, las ideas propuestas y encontrar soluciones concretas a tantas dificultades e innumerables desaf\u00edos que las familias deben afrontar\u00bb y en continuidad con las reflexiones de la III Asamblea General Extraordinaria del S\u00ednodo de los Obispos de octubre de 2014, que trat\u00f3 el tema: \u201cLos desaf\u00edos pastorales de la familia en el contexto de la evangelizaci\u00f3n\u201d.<\/p>\n<p style=\"text-align: justify;\">De este modo, el camino sinodal que estamos por iniciar contempla tres momentos \u00edntimamente relacionados: \u201cla escucha de los desaf\u00edos que afronta la familia; el discernimiento de la vocaci\u00f3n familiar y la misi\u00f3n de la familia hoy\u201d. Este camino es el fruto de un proceso de reflexi\u00f3n y profundizaci\u00f3n de todo el Pueblo de Dios, al que contribuy\u00f3 el Santo Padre, con sus catequesis semanales sobre la familia en las Audiencias generales, y con la participaci\u00f3n de los S\u00ednodos de las Iglesias Orientales Cat\u00f3licas sui iuris, de las Conferencias Episcopales, de los Dicasterios de la Curia Romana y de la Uni\u00f3n de los Superiores Generales; reservando a una amplia atenci\u00f3n a la familia no s\u00f3lo en ambientes eclesiales, sino tambi\u00e9n de parte de la sociedad civil.<\/p>\n<p style=\"text-align: justify;\">Conservando el valioso fruto de la Asamblea anterior y de la mano del Obispo de Roma, el nuevo paso que espera a la Iglesia, parte de la escucha de los desaf\u00edos que debe afrontar la familia para dirigir la mirada a su vocaci\u00f3n y misi\u00f3n en la Iglesia y en el mundo contempor\u00e1neo. \u201cLa familia, adem\u00e1s de tener que responder a las problem\u00e1ticas hodiernas, ante todo est\u00e1 llamada por Dios a tomar conciencia, siempre nueva, de su identidad misionera de Iglesia dom\u00e9stica, tambi\u00e9n ella en salida. En un mundo a menudo marcado por la soledad y la tristeza, el Evangelio de la familia es verdaderamente una buena noticia.<\/p>\n<p style=\"text-align: justify;\">(Renato Martinez &#8211; Radio Vaticano)<\/p>\n<p style=\"text-align: justify;\">Inicia este domingo el S\u00ednodo de los Obispos, sobre el tema: \u201cLa vocaci\u00f3n y la misi\u00f3n de la familia en la Iglesia y en el mundo contempor\u00e1neo\u201d &#8211; OSS_ROM<\/p>\n","protected":false},"excerpt":{"rendered":"<p>\u201cMadurar con discernimiento y encontrar soluciones a los desaf\u00edos de las familias\u201d. XIV S\u00ednodo de los Obispos \u00a0(RV).- Este domingo, XXVII del Tiempo Ordinario, con la celebraci\u00f3n de la Santa Misa en la Bas\u00edlica de San Pedro, iniciar\u00e1 la XIV Asamblea General Ordinaria del S\u00ednodo de los Obispos, que tendr\u00e1 lugar del 4 al 25 &hellip; <a href=\"https:\/\/www.biblia.work\/sermones\/previo-al-sinodo-de-los-obispos-2015\/\" class=\"more-link\">Continuar leyendo<span class=\"screen-reader-text\"> \u00abPrevio al S\u00ednodo de los Obispos 2015\u00bb<\/span><\/a><\/p>\n","protected":false},"author":1,"featured_media":0,"comment_status":"open","ping_status":"closed","sticky":false,"template":"","format":"standard","meta":{"footnotes":""},"categories":[1],"tags":[],"class_list":["post-37006","post","type-post","status-publish","format-standard","hentry","category-general"],"_links":{"self":[{"href":"https:\/\/www.biblia.work\/sermones\/wp-json\/wp\/v2\/posts\/37006","targetHints":{"allow":["GET"]}}],"collection":[{"href":"https:\/\/www.biblia.work\/sermones\/wp-json\/wp\/v2\/posts"}],"about":[{"href":"https:\/\/www.biblia.work\/sermones\/wp-json\/wp\/v2\/types\/post"}],"author":[{"embeddable":true,"href":"https:\/\/www.biblia.work\/sermones\/wp-json\/wp\/v2\/users\/1"}],"replies":[{"embeddable":true,"href":"https:\/\/www.biblia.work\/sermones\/wp-json\/wp\/v2\/comments?post=37006"}],"version-history":[{"count":0,"href":"https:\/\/www.biblia.work\/sermones\/wp-json\/wp\/v2\/posts\/37006\/revisions"}],"wp:attachment":[{"href":"https:\/\/www.biblia.work\/sermones\/wp-json\/wp\/v2\/media?parent=37006"}],"wp:term":[{"taxonomy":"category","embeddable":true,"href":"https:\/\/www.biblia.work\/sermones\/wp-json\/wp\/v2\/categories?post=37006"},{"taxonomy":"post_tag","embeddable":true,"href":"https:\/\/www.biblia.work\/sermones\/wp-json\/wp\/v2\/tags?post=37006"}],"curies":[{"name":"wp","href":"https:\/\/api.w.org\/{rel}","templated":true}]}}