{"id":37007,"date":"2016-06-21T10:56:10","date_gmt":"2016-06-21T15:56:10","guid":{"rendered":"http:\/\/www.biblia.work\/sermones\/el-cardenal-ricardo-blazquez-tomara-posesion-del-titulo-de-santa-maria-in-vallicella\/"},"modified":"2016-06-21T10:56:10","modified_gmt":"2016-06-21T15:56:10","slug":"el-cardenal-ricardo-blazquez-tomara-posesion-del-titulo-de-santa-maria-in-vallicella","status":"publish","type":"post","link":"https:\/\/www.biblia.work\/sermones\/el-cardenal-ricardo-blazquez-tomara-posesion-del-titulo-de-santa-maria-in-vallicella\/","title":{"rendered":"El cardenal Ricardo Bl\u00e1zquez tomar\u00e1 posesi\u00f3n del t\u00edtulo de Santa Maria in Vallicella"},"content":{"rendered":"<p style=\"text-align: justify;\"><strong>Tomas de posesi\u00f3n cardenalicia<\/strong><\/p>\n<p align=\"justify\"><strong>La Oficina de las Celebraciones Lit\u00fargicas del Pont\u00edfice informa de las siguientes tomas de posesi\u00f3n cardenalicia.<\/strong><\/p>\n<p align=\"justify\">-Domingo, 11 de octubre de 2015,a las 11,el cardenal <strong>Francis Xavier Kriengsak Kovithavanij,<\/strong> arzobispo de Bangkok (Tailandia) tomar\u00e1 posesi\u00f3n del T\u00edtulo de Santa Maria Addolorata, Viale della Venezia Giulia, 134.<\/p>\n<p align=\"justify\">-Domingo, 11 de octubre de 2015, a las 11.15, el cardenal <strong>Alberto Su\u00e1rez Inda<\/strong>, arzobispo de Morelia (M\u00e9xico) tomar\u00e1 posesi\u00f3n del T\u00edtulo de San Policarpo, Piazza Aruleno Celio Sabino, 50.<\/p>\n<p align=\"justify\">-Domingo, 11 de octubre de 2015, a las 11.30, el cardenal <strong>Charles Maung Bo<\/strong>, S.D.B., arzobispo de Yang\u00f3n (Birmania), tomar\u00e1 posesi\u00f3n del T\u00edtulo de San Ireneo a Centocelle, Via dei Castani, 291.<\/p>\n<p align=\"justify\">-Domingo, 11 de octubre de 2015, a las 12, el cardenal <strong>Ricardo Bl\u00e1zquez P\u00e9rez<\/strong>, arzobispo de Valladolid (Espa\u00f1a) tomar\u00e1 posesi\u00f3n del T\u00edtulo de Santa Maria in Vallicella, Via del Governo Vecchio, 134.<\/p>\n<p style=\"text-align: justify;\">Ciudad del Vaticano, 2 de octubre de 2015 (Vis).-<\/p>\n","protected":false},"excerpt":{"rendered":"<p>Tomas de posesi\u00f3n cardenalicia La Oficina de las Celebraciones Lit\u00fargicas del Pont\u00edfice informa de las siguientes tomas de posesi\u00f3n cardenalicia. -Domingo, 11 de octubre de 2015,a las 11,el cardenal Francis Xavier Kriengsak Kovithavanij, arzobispo de Bangkok (Tailandia) tomar\u00e1 posesi\u00f3n del T\u00edtulo de Santa Maria Addolorata, Viale della Venezia Giulia, 134. -Domingo, 11 de octubre de &hellip; <a href=\"https:\/\/www.biblia.work\/sermones\/el-cardenal-ricardo-blazquez-tomara-posesion-del-titulo-de-santa-maria-in-vallicella\/\" class=\"more-link\">Continuar leyendo<span class=\"screen-reader-text\"> \u00abEl cardenal Ricardo Bl\u00e1zquez tomar\u00e1 posesi\u00f3n del t\u00edtulo de Santa Maria in Vallicella\u00bb<\/span><\/a><\/p>\n","protected":false},"author":1,"featured_media":0,"comment_status":"open","ping_status":"closed","sticky":false,"template":"","format":"standard","meta":{"footnotes":""},"categories":[1],"tags":[],"class_list":["post-37007","post","type-post","status-publish","format-standard","hentry","category-general"],"_links":{"self":[{"href":"https:\/\/www.biblia.work\/sermones\/wp-json\/wp\/v2\/posts\/37007","targetHints":{"allow":["GET"]}}],"collection":[{"href":"https:\/\/www.biblia.work\/sermones\/wp-json\/wp\/v2\/posts"}],"about":[{"href":"https:\/\/www.biblia.work\/sermones\/wp-json\/wp\/v2\/types\/post"}],"author":[{"embeddable":true,"href":"https:\/\/www.biblia.work\/sermones\/wp-json\/wp\/v2\/users\/1"}],"replies":[{"embeddable":true,"href":"https:\/\/www.biblia.work\/sermones\/wp-json\/wp\/v2\/comments?post=37007"}],"version-history":[{"count":0,"href":"https:\/\/www.biblia.work\/sermones\/wp-json\/wp\/v2\/posts\/37007\/revisions"}],"wp:attachment":[{"href":"https:\/\/www.biblia.work\/sermones\/wp-json\/wp\/v2\/media?parent=37007"}],"wp:term":[{"taxonomy":"category","embeddable":true,"href":"https:\/\/www.biblia.work\/sermones\/wp-json\/wp\/v2\/categories?post=37007"},{"taxonomy":"post_tag","embeddable":true,"href":"https:\/\/www.biblia.work\/sermones\/wp-json\/wp\/v2\/tags?post=37007"}],"curies":[{"name":"wp","href":"https:\/\/api.w.org\/{rel}","templated":true}]}}