{"id":37008,"date":"2016-06-21T10:56:14","date_gmt":"2016-06-21T15:56:14","guid":{"rendered":"http:\/\/www.biblia.work\/sermones\/el-cardenal-lorenzo-baldisseri-explica-como-sera-el-sinodo-sobre-la-familia\/"},"modified":"2016-06-21T10:56:14","modified_gmt":"2016-06-21T15:56:14","slug":"el-cardenal-lorenzo-baldisseri-explica-como-sera-el-sinodo-sobre-la-familia","status":"publish","type":"post","link":"https:\/\/www.biblia.work\/sermones\/el-cardenal-lorenzo-baldisseri-explica-como-sera-el-sinodo-sobre-la-familia\/","title":{"rendered":"El cardenal Lorenzo Baldisseri explica como ser\u00e1 el S\u00ednodo sobre la Familia"},"content":{"rendered":"<p style=\"text-align: justify;\"><strong>El cardenal Lorenzo Baldisseri explica como ser\u00e1 el S\u00ednodo sobre la Familia<\/strong><\/p>\n<p align=\"justify\">El cardenal Lorenzo Baldisseri, Secretario General del S\u00ednodo de los Obispos, inform\u00f3 esta ma\u00f1ana en la Oficina de Prensa de la Santa Sede sobre la Asamblea General Ordinaria del S\u00ednodo &#8221;La vocaci\u00f3n y la misi\u00f3n de la familia en la Iglesia y en el mundo contempor\u00e1neo&#8221; que se abre el domingo 4 de octubre.<\/p>\n<p align=\"justify\">El s\u00e1bado por la noche,en la Plaza de San Pedro, en presencia del Santo Padre ? dijo el purpurado- se celebrar\u00e1 una vigilia de oraci\u00f3n, en preparaci\u00f3n de la Asamblea General, que contar\u00e1 con la presencia de los Padres sinodales, los participantes en el S\u00ednodo y simb\u00f3licamente todos los fieles del mundo, siguiendo la iniciativa de la Conferencia Episcopal italiana, que ha invitado a las familias, a los movimientos y asociaciones eclesiales. El domingo por la ma\u00f1ana, con la santa misa presidida por el Papa Francisco, se abrir\u00e1 la Asamblea General del S\u00ednodo que permitir\u00e1 a todos los fieles unirse al camino com\u00fan de los pastores cum Petro et sub Petro.<\/p>\n<p align=\"justify\">Esta Asamblea es la culminaci\u00f3n del camino sinodal comenzado hace dos a\u00f1os, con el env\u00edo del primer cuestionario a todas las Iglesias particulares, mediante el cual fue posible esbozar el perfil de la familia en el mundo, de sus riquezas y sus desaf\u00edos. Posteriormente la Asamblea General Extraordinaria prepar\u00f3 una Relaci\u00f3n final (Relatio Synodi) que origin\u00f3 ulteriores cuestiones, cuyas respuestas confluyeron en el actual Instrumentum laboris. Con este texto en la mano, compuesto por la Relatio Synodi y por las aportaciones de las Iglesias particulares, los Padres se disponen a comenzar su debate a la escucha de los retos de la familia, en el discernimiento de su vocaci\u00f3n, para el anuncio de su misi\u00f3n<\/p>\n<p align=\"justify\">El cardenal explic\u00f3 a continuaci\u00f3n la composici\u00f3n de la Asamblea General Ordinaria, en la que seg\u00fan el Ordo Synodi Episcoporum (Art. 5 \u00a7 1) participan los Jefes de las Iglesias Orientales Cat\u00f3licas sui iuris, los obispos elegidos por el S\u00ednodo de los Obispos y por los Consejos de la Jerarqu\u00eda de las Iglesias Orientales Cat\u00f3licas, los obispos elegidos por las conferencias episcopales, diez religiosos elegidos por la Uni\u00f3n de Superiores Generales y los jefes de los dicasterios de la Curia Romana. Adem\u00e1s, el Santo Padre tambi\u00e9n nombra algunos miembros, en conformidad con las mismas normas sinodales(Art. 5 \u00a7 4).<\/p>\n<p align=\"justify\">Los Padres sinodales que participar\u00e1n en esta Asamblea ascender\u00e1n a 270, divididos en las tres categor\u00edas siguientes: 42 de oficio, 183 por elecci\u00f3n y 45 por nombramiento papal. La procedencia de los Padres de los cinco continentes es la siguiente: 54 de \u00c1frica, 64 de Am\u00e9rica, 36 de Asia, 107 de Europa y 9 de Ocean\u00eda.<\/p>\n<p align=\"justify\">Pertenecen a los miembros de oficio: los jefes de los 15 S\u00ednodos de los Obispos de las Iglesias Orientales Cat\u00f3licas sui iuris; los Jefes de los 25 dicasterios de la Curia Romana; el Secretario General y el Subsecretario.<\/p>\n<p align=\"justify\">Entre los 270 padres sinodales se cuentan : 74 cardenales (incluyendo 1 patriarca cardenal y 2 arzobispos mayores), 6 patriarcas, 1 arzobispo mayor, 72 arzobispos (incluyendo 3 titulares), 102 obispos (entre ellos 6 obispos auxiliares, 3 vicarios apost\u00f3licos y 1 Em\u00e9rito), 2 sacerdotes p\u00e1rrocos y 13 religiosos.<\/p>\n<p align=\"justify\">Adem\u00e1s, tomar\u00e1n parte en esta Asamblea sinodal otros invitados (cf. art 7 Ordo Synodi.) de diferentes culturas y naciones: 24 expertos o colaboradores del Secretario Especial, 51 auditores y auditoras, 14 delegados fraternos. Cabe destacar que, dado que la Asamblea se ocupar\u00e1 de la familia, se ha querido dar especial importancia a los c\u00f3nyuges, padres y jefes de familia, que son en total 18 (17 entre los auditores y una entre los expertos) . &#8221;Por \u00faltimo -a\u00f1adi\u00f3 el cardenal Baldisseri- nos complace acoger a los Delegados Fraternos, que, como representantes de otras Iglesias y comunidades eclesiales, sin duda comparten con la Iglesia Cat\u00f3lica la solicitud por la evangelizaci\u00f3n y la atenci\u00f3n pastoral de las familias en el mundo actual&#8221;.<\/p>\n<p align=\"justify\">Por cuanto respecta a la metodolog\u00eda del S\u00ednodo, Su Secretario General especific\u00f3 que gracias a la experiencia adquirida durante la III Asamblea General Extraordinaria del pasado octubre y teniendo en cuenta varias sugerencias de diversa procedencia, sobre todo de los Padres sinodales, la Secretar\u00eda General del S\u00ednodo ha elaborado una nueva metodolog\u00eda para aplicar a la Asamblea General Ordinaria, que el Santo Padre aprob\u00f3 en la reuni\u00f3n del Consejo Ordinario de la Secretar\u00eda del 25 al 26 de mayo de 2015.<\/p>\n<p align=\"justify\">Considerada la metodolog\u00eda de los S\u00ednodos precedentes, la mayor\u00eda de los Padres sugiri\u00f3 que la Asamblea General Ordinaria fuera m\u00e1s din\u00e1mica y participativa a trav\u00e9s de la distribuci\u00f3n de las intervenciones en el aula de los miembros en un momento sucesivo, para poder dedicar m\u00e1s atenci\u00f3n a la aportaci\u00f3n de cada uno de ellos. Por otra parte, los Padres solicitaron que se valorizase el trabajo en los Circulos Menores, donde hay una participaci\u00f3n m\u00e1s activa en la discusi\u00f3n y un debate m\u00e1s directo e inmediato entre los Padres en su propio idioma, en el que eventualmente pueden intervenir los auditores y delegados fraternos.<\/p>\n<p align=\"justify\">El fruto de la primera etapa s\u00ednodal, madurado en la pasada Asamblea General Extraordinaria, ha sido la Relatio Synodi, que se ha convertido junto con una serie de preguntas anejas en los Lineamenta de la Asamblea General Ordinaria entregados a las Iglesias particulares y a todos los dem\u00e1s sujetos que tuvieran derecho. El Instrumentum Laboris, resultado de la composici\u00f3n de la Relatio Synodi y de las respuestas relacionadas, es el documento base de los trabajos sinodales de esta Asamblea.<\/p>\n<p align=\"justify\">En la sesi\u00f3n inaugural, el Presidente Delegado dirige su saludo al Santo Padre, que abre los trabajos. A continuaci\u00f3n intervienen el Secretario General y el Relator General, con sus respectivas relaciones. Despu\u00e9s, el Relator General presenta los temas de la primera parte (&#8220;La escucha de los retos de la familia&#8221;; cf. Instrumentum Laboris n\u00ba 6-36.). Despu\u00e9s del testimonio de un matrimonio de auditores, comienzan las intervenciones de los Padres sinodales en las Congregaciones Generales, cuya contribuci\u00f3n integra el texto de base.<\/p>\n<p align=\"justify\">Se abren despu\u00e9s las sesiones de los C\u00edrculos Menores donde los Padres reflexionan sobre el texto base enriquecido por las aportaciones efectuadas en el Aula, con el fin de elaborar las &#8221;modos&#8221; para que el texto madure ulteriormente. Al final de las sesiones, el relator de cada C\u00edrculo presenta en el aula una breve relaci\u00f3n del trabajo desarrollado y entrega las &#8221;modos&#8221; que se incluyen en el texto base. Las relaciones de los C\u00edrculos Minores se publicar\u00e1n.<\/p>\n<p align=\"justify\">El mismo procedimiento se repite en la segunda parte (&#8220;El discernimiento de la vocaci\u00f3n de la familia&#8221;; cf. Instrumentum Laboris n\u00ba 37-68.) y en la tercera (&#8220;La misi\u00f3n de la familia hoy.&#8221;; Cf. Instrumentum Laboris n\u00ba 69 -147), durante las dos semanas sucesivas.<\/p>\n<p align=\"justify\">La Comisi\u00f3n para la Elaboraci\u00f3n de la Relaci\u00f3n Final, nombrada por el Santo Padre, donde est\u00e1n representados los cinco continentes, est\u00e1 compuesta como sigue: cardenal P\u00e9ter Erd?, arzobispo de Esztergom-Budapest (Hungr\u00eda), Relator General; Mons. Bruno Forte, arzobispo de Chieti-Vasto (Italia), Secretario General; cardenal Oswald Gracias, arzobispo de Bombay (India); cardenal Donald William Wuerl, arzobispo de Washington (Estados Unidos); cardenal John Atcherley Dew, arzobispo de Wellington (Nueva Zelanda); Mons. Victor Manuel Fern\u00e1ndez, arzobispo titular de Tiburnia y rector de la Pontificia Universidad Cat\u00f3lica Argentina (Argentina); Mons. Mathieu Madega Lebouakehan, obispo de Mouila (Gabon); Mons. Marcello Semeraro, obispo de Albano (Italia); Padre Adolfo Nicol\u00e1s Pach\u00f3n, S.I., Preposito General de la Compa\u00f1\u00eda de Jes\u00fas, en representaci\u00f3n de la Uni\u00f3n de los Superiores Generales.<\/p>\n<p align=\"justify\">Dicha Comisi\u00f3n tiene la tarea de seguir cada etapa del proyecto; por lo tanto, se re\u00fane al final de los trabajos, en cada una de sus partes y para la redacci\u00f3n final. Al final de las tres etapas de trabajo, esa Comisi\u00f3n supervisa la preparaci\u00f3n del proyecto de la Relaci\u00f3n final, que se presenta en el aula. Teniendo en cuenta que el proyecto est\u00e1 compuesto de tres textos que ya han recibido los modos colectivos de los c\u00edrculos menores &#8211; cuyas relaciones fueron le\u00eddas en el aula y publicadas -las intervenciones posteriores deben respetar el trabajo colectivo realizado hasta el momento.<\/p>\n<p align=\"justify\">Sucesivamente, la Comisi\u00f3n supervisa la elaboraci\u00f3n del texto definitivo de la Relatio finalis , que por la ma\u00f1ana del s\u00e1bado, 24 de octubre, se presentar\u00e1 en el Aula y por la tarde se someter\u00e1 al sufragio de la Asamblea.<\/p>\n<p align=\"justify\">En conformidad con la naturaleza del S\u00ednodo, este documento, fruto del trabajo coelgial de los Padres (cf. C\u00f3digo de Derecho Can\u00f3nico, can. 343), se entrega al Papa (cf. Ordo Synodi Episcoporum, art. 23 \u00a7 4), a quien competen las decisiones al respecto.<\/p>\n<p align=\"justify\">Dado el gran n\u00famero de personas con derecho a tomar la palabra (318 entre Padres, Delegados Fraternos y Auditores) y el mayor espacio reservado a los C\u00edrculos Menores (13 sesiones), cada orador tiene la facultad de hablar en el Aula durante tres minutos e intervenir ampliamente en los Circulos. Como en el pasado, en las Congregaciones generales habr\u00e1 una serie de momentos, de una hora de duraci\u00f3n cada uno, dedicados a las intervenciones libres de los Padres. Adem\u00e1s, siempre se pueden presentar a la Secretar\u00eda General, adem\u00e1s de la versi\u00f3n en papel e inform\u00e1tica de los textos pronunciados en el Aula, otros textos escritos,<\/p>\n<p align=\"justify\">Considerando que la comunicaci\u00f3n con los medios y la informaci\u00f3n durante la pasada Asablea General Extraordinaria fueron abundantes y completas, en esta Asamblea General se utiliza el mismo m\u00e9todo. En este sentido, se tiene presente el criterio fundamental, recordado varias veces por el Santo Padre: el S\u00ednodo debe ser un espacio protegido, para que pueda actuar el Esp\u00edritu Santo, de modo que los Padres tengan la libertad de expresarse con parres\u00eda.<\/p>\n<p align=\"justify\">Durante las tres semanas, como base de la informaci\u00f3n habr\u00e1 un briefing que se ampliar\u00e1 con una mayor presencia de los Padres sinodales, utilizando todos los medios de comunicaci\u00f3n disponibles. Los Padres tienen la libertad de hablar con los medios de comunicaci\u00f3n a su propia discreci\u00f3n y responsabilidad. Las diversas fases de elaboraci\u00f3n del documento son reservadas, considerando que los textos, durante el proceso sinodal, est\u00e1n sujetos a la evoluci\u00f3n continua hasta la redacci\u00f3n final. Se publicaran, en cambio, las relaciones de los C\u00edrculos Menores relativos a las tres partes de los trabajos sinodales. Una comisi\u00f3n especial, junto con la Oficina de Prensa, se ocupa oportunamente, como de costumbre, de la informaci\u00f3n sobre el S\u00ednodo.<\/p>\n<p align=\"justify\">Como informaci\u00f3n adicional, el cardenal dijo que el s\u00e1bado 17 de octubre, de las 9 a las 12,30 tendr\u00e1 lugar la conmemoraci\u00f3n del 50 Aniversario del S\u00ednodo de los Obispos, en el Aula Pablo VI. El evento est\u00e1 abierto a todos, adem\u00e1s de a los participantes en el S\u00ednodo. &#8221; En la mente del Beato Pablo VI que lo instituy\u00f3 el 15 de septiembre de 1965 -record\u00f3 el prelado- el S\u00ednodo deb\u00eda perpetuar en la Iglesia el esp\u00edritu del Concilio Vaticano II, para que incluso despu\u00e9s de su conclusi\u00f3n siguiera llegando al pueblo cristiano la gran abundancia de beneficios producidos durante el Concilio de la viva uni\u00f3n del Pont\u00edfice con los obispos.<\/p>\n<p align=\"justify\">Despu\u00e9s de la introducci\u00f3n del Secretario General, la relaci\u00f3n conmemorativa correr\u00e1 a cargo del cardenal Christoph Sch\u00f6nborn, arzobispo de Viena y presidente de la Conferencia Episcopal de Austria. Seguir\u00e1n las intervenciones de cinco prelados que representan a todos los continentes (el cardenal Vincent Gerald Nichols, arzobispo de Westminster y Presidente de la Conferencia Episcopal de Inglaterra y Gales, por Europa, Mons. Francisco Chimoio, arzobispo de Maputo, por \u00c1frica, el cardenal Ricardo Ezzati Andrello , arzobispo de Santiago y Presidente de la Conferencia Episcopal de Chile, por las Am\u00e9ricas; Su Beatitud Louis Raphael I Sako, Patriarca de Babilonia de los Caldeos, y Jefe del S\u00ednodo de la Iglesia Caldea, por Asia; el cardenal Soane Patita Paini Mafi, obispo de Tonga y Presidente de la Conferencia Episcopal del Pac\u00edfico, por Ocean\u00eda). Por \u00faltimo, el Santo Padre pronunciar\u00e1 el discurso de clausura.<\/p>\n<p align=\"justify\">El domingo, 18 de octubre, a las 10,30 , en la Bas\u00edlica Vaticana, habr\u00e1 una misa para la canonizaci\u00f3n, entre otros, de los esposos beatos Louis Martin y Marie-Z\u00e9lie Gu\u00e9rin, padres de Santa Teresita del Ni\u00f1o Jes\u00fas.<\/p>\n<p align=\"justify\">En la bas\u00edlica de Santa Mar\u00eda la Mayor de Roma, se invita al pueblo de Dios a acompa\u00f1ar con la oraci\u00f3n los trabajos del S\u00ednodo, invocando la protecci\u00f3n de la Salus Populi Romani y del matrimonio de los beatos Martin, cuyas reliquias est\u00e1n expuestas en el templo. Todos los d\u00edas a las 17, se rezar\u00e1 el Rosario y se celebrar\u00e1 misa a las 18. En la primera semana se rezar\u00e1 por los ni\u00f1os, en la segunda por los padres,en la tercera por los abuelos .<\/p>\n<p align=\"justify\">En las cercan\u00edas del Aula sinodal -concluy\u00f3 el cardenal- se ha predispuesto, como de costumbre, una capilla para la oraci\u00f3n de los participantes en el S\u00ednodo, donde est\u00e1n expuestas las reliquias de Santa Teresita del Ni\u00f1o Jes\u00fas, de sus padres y de los esposos Beltrame Quattrocchi.<\/p>\n<p style=\"text-align: justify;\">Ciudad del Vaticano, 2 de octubre de 2015 (Vis).-<\/p>\n","protected":false},"excerpt":{"rendered":"<p>El cardenal Lorenzo Baldisseri explica como ser\u00e1 el S\u00ednodo sobre la Familia El cardenal Lorenzo Baldisseri, Secretario General del S\u00ednodo de los Obispos, inform\u00f3 esta ma\u00f1ana en la Oficina de Prensa de la Santa Sede sobre la Asamblea General Ordinaria del S\u00ednodo &#8221;La vocaci\u00f3n y la misi\u00f3n de la familia en la Iglesia y en &hellip; <a href=\"https:\/\/www.biblia.work\/sermones\/el-cardenal-lorenzo-baldisseri-explica-como-sera-el-sinodo-sobre-la-familia\/\" class=\"more-link\">Continuar leyendo<span class=\"screen-reader-text\"> \u00abEl cardenal Lorenzo Baldisseri explica como ser\u00e1 el S\u00ednodo sobre la Familia\u00bb<\/span><\/a><\/p>\n","protected":false},"author":1,"featured_media":0,"comment_status":"open","ping_status":"closed","sticky":false,"template":"","format":"standard","meta":{"footnotes":""},"categories":[1],"tags":[],"class_list":["post-37008","post","type-post","status-publish","format-standard","hentry","category-general"],"_links":{"self":[{"href":"https:\/\/www.biblia.work\/sermones\/wp-json\/wp\/v2\/posts\/37008","targetHints":{"allow":["GET"]}}],"collection":[{"href":"https:\/\/www.biblia.work\/sermones\/wp-json\/wp\/v2\/posts"}],"about":[{"href":"https:\/\/www.biblia.work\/sermones\/wp-json\/wp\/v2\/types\/post"}],"author":[{"embeddable":true,"href":"https:\/\/www.biblia.work\/sermones\/wp-json\/wp\/v2\/users\/1"}],"replies":[{"embeddable":true,"href":"https:\/\/www.biblia.work\/sermones\/wp-json\/wp\/v2\/comments?post=37008"}],"version-history":[{"count":0,"href":"https:\/\/www.biblia.work\/sermones\/wp-json\/wp\/v2\/posts\/37008\/revisions"}],"wp:attachment":[{"href":"https:\/\/www.biblia.work\/sermones\/wp-json\/wp\/v2\/media?parent=37008"}],"wp:term":[{"taxonomy":"category","embeddable":true,"href":"https:\/\/www.biblia.work\/sermones\/wp-json\/wp\/v2\/categories?post=37008"},{"taxonomy":"post_tag","embeddable":true,"href":"https:\/\/www.biblia.work\/sermones\/wp-json\/wp\/v2\/tags?post=37008"}],"curies":[{"name":"wp","href":"https:\/\/api.w.org\/{rel}","templated":true}]}}