{"id":37009,"date":"2016-06-21T10:56:17","date_gmt":"2016-06-21T15:56:17","guid":{"rendered":"http:\/\/www.biblia.work\/sermones\/el-vaticano-presenta-un-navegador-sobre-el-magisterio-de-la-comunicacion\/"},"modified":"2016-06-21T10:56:17","modified_gmt":"2016-06-21T15:56:17","slug":"el-vaticano-presenta-un-navegador-sobre-el-magisterio-de-la-comunicacion","status":"publish","type":"post","link":"https:\/\/www.biblia.work\/sermones\/el-vaticano-presenta-un-navegador-sobre-el-magisterio-de-la-comunicacion\/","title":{"rendered":"El Vaticano presenta un \u2018navegador\u2019 sobre el Magisterio de la comunicaci\u00f3n"},"content":{"rendered":"<h5 style=\"text-align: justify;\">El Vaticano presenta un \u2018navegador\u2019 sobre el Magisterio de la comunicaci\u00f3n<\/h5>\n<p>\u00a0Registra\u00a0m\u00e1s de 1.100 documentos traducidos a diversos idiomas<\/p>\n<p dir=\"ltr\" style=\"text-align: justify;\">\u201cIglesia y Comunicaci\u00f3n\u201d es una \u201cbiblioteca digital online\u201d dedicada a los documentos sobre la comunicaci\u00f3n propuestos por el Magisterio Pontificio.<\/p>\n<p align=\"justify\">\n<p dir=\"ltr\" style=\"text-align: justify;\">La p\u00e1gina web pone a disposici\u00f3n de los usuarios fragmentos escogidos de entre m\u00e1s de 1.100 documentos traducidos a diversos idiomas, desde el siglo I al XX. Se llama proyecto Baragli y ha sido promovido por el Pontificio Consejo para las Comunicaciones Sociales (PCCS) y realizado por Franco Lever y Paolo Sparaci, docentes de la Facultad de Ciencias de la Comunicaci\u00f3n Social de la Universidad Pontificia Salesiana, quienes han contado con el apoyo de su Universidad y con la colaboraci\u00f3n de la\u00a0<em>Libreria Editrice Vaticana<\/em>\u00a0y del portal Vatican.va. El proyecto ha sido presentado esta ma\u00f1ana en la sala de prensa del Vaticano.<\/p>\n<p dir=\"ltr\" style=\"text-align: justify;\">Se trata de un \u201cnavegador\u201d que gu\u00eda la exploraci\u00f3n de las fuentes disponibles en la red, una plataforma para la lectura y para el estudio personal, un ambiente abierto a la colaboraci\u00f3n.<\/p>\n<p dir=\"ltr\" style=\"text-align: justify;\">Durante la presentaci\u00f3n, monse\u00f1or Claudio Maria Celli, presidente de dicho dicasterio, record\u00f3 que la finalidad del PCCS es promover la importancia de la comunicaci\u00f3n en la vida de la Iglesia.<strong>\u00a0<\/strong>Y precis\u00f3 que \u201ceste proyecto es especialmente valioso, porque re\u00fane y pone a disposici\u00f3n de un p\u00fablico cada vez m\u00e1s amplio una larga tradici\u00f3n de ense\u00f1anzas y reflexiones de la Iglesia sobre la centralidad de la comunicaci\u00f3n\u201d.<\/p>\n<p dir=\"ltr\" style=\"text-align: justify;\">Del mismo modo, observ\u00f3 que los materiales que forman parte de este proyecto son\u00a0extremamente significativos, ya que muestran c\u00f3mo la Iglesia, a lo largo de toda su historia, ha tratado de afrontar los cambios en los medios y de las formas de comunicaci\u00f3n que han plasmado la cultura y la sociedad humanas.<\/p>\n<p dir=\"ltr\" style=\"text-align: justify;\">Tambi\u00e9n asegur\u00f3 que la publicaci\u00f3n de estos materiales on line proporcionar\u00e1 los recursos primarios que permitir\u00e1n a te\u00f3logos y estudiosos de la comunicaci\u00f3n \u201cprofundizar sus reflexiones sobre la manera en la que la Iglesia debe hoy orientar su esfuerzo por compartir su mensaje con todas las personas\u201d.<\/p>\n<p dir=\"ltr\" style=\"text-align: justify;\">Franco Lever, dio a conocer la versi\u00f3n beta online en lengua italiana, en la direcci\u00f3n\u00a0www.chiesaecomunicazione.com, con el fin de compartir los resultados alcanzados y recoger sugerencias para preparar la versi\u00f3n definitiva en los pr\u00f3ximos meses.\u00a0Mientras que Paolo Saparci explic\u00f3\u00a0el funcionamiento de la web, mostrando la forma de trabajar en ella.<\/p>\n<p dir=\"ltr\" style=\"text-align: justify;\">Ciudad del Vaticano,\u00a030 de septiembre de 2015\u00a0(ZENIT.org)<\/p>\n","protected":false},"excerpt":{"rendered":"<p>El Vaticano presenta un \u2018navegador\u2019 sobre el Magisterio de la comunicaci\u00f3n \u00a0Registra\u00a0m\u00e1s de 1.100 documentos traducidos a diversos idiomas \u201cIglesia y Comunicaci\u00f3n\u201d es una \u201cbiblioteca digital online\u201d dedicada a los documentos sobre la comunicaci\u00f3n propuestos por el Magisterio Pontificio. La p\u00e1gina web pone a disposici\u00f3n de los usuarios fragmentos escogidos de entre m\u00e1s de 1.100 &hellip; <a href=\"https:\/\/www.biblia.work\/sermones\/el-vaticano-presenta-un-navegador-sobre-el-magisterio-de-la-comunicacion\/\" class=\"more-link\">Continuar leyendo<span class=\"screen-reader-text\"> \u00abEl Vaticano presenta un \u2018navegador\u2019 sobre el Magisterio de la comunicaci\u00f3n\u00bb<\/span><\/a><\/p>\n","protected":false},"author":1,"featured_media":0,"comment_status":"open","ping_status":"closed","sticky":false,"template":"","format":"standard","meta":{"footnotes":""},"categories":[1],"tags":[],"class_list":["post-37009","post","type-post","status-publish","format-standard","hentry","category-general"],"_links":{"self":[{"href":"https:\/\/www.biblia.work\/sermones\/wp-json\/wp\/v2\/posts\/37009","targetHints":{"allow":["GET"]}}],"collection":[{"href":"https:\/\/www.biblia.work\/sermones\/wp-json\/wp\/v2\/posts"}],"about":[{"href":"https:\/\/www.biblia.work\/sermones\/wp-json\/wp\/v2\/types\/post"}],"author":[{"embeddable":true,"href":"https:\/\/www.biblia.work\/sermones\/wp-json\/wp\/v2\/users\/1"}],"replies":[{"embeddable":true,"href":"https:\/\/www.biblia.work\/sermones\/wp-json\/wp\/v2\/comments?post=37009"}],"version-history":[{"count":0,"href":"https:\/\/www.biblia.work\/sermones\/wp-json\/wp\/v2\/posts\/37009\/revisions"}],"wp:attachment":[{"href":"https:\/\/www.biblia.work\/sermones\/wp-json\/wp\/v2\/media?parent=37009"}],"wp:term":[{"taxonomy":"category","embeddable":true,"href":"https:\/\/www.biblia.work\/sermones\/wp-json\/wp\/v2\/categories?post=37009"},{"taxonomy":"post_tag","embeddable":true,"href":"https:\/\/www.biblia.work\/sermones\/wp-json\/wp\/v2\/tags?post=37009"}],"curies":[{"name":"wp","href":"https:\/\/api.w.org\/{rel}","templated":true}]}}