{"id":37010,"date":"2016-06-21T10:56:28","date_gmt":"2016-06-21T15:56:28","guid":{"rendered":"http:\/\/www.biblia.work\/sermones\/el-papa-francisco-bendijo-una-estatua-de-santa-rita\/"},"modified":"2016-06-21T10:56:28","modified_gmt":"2016-06-21T15:56:28","slug":"el-papa-francisco-bendijo-una-estatua-de-santa-rita","status":"publish","type":"post","link":"https:\/\/www.biblia.work\/sermones\/el-papa-francisco-bendijo-una-estatua-de-santa-rita\/","title":{"rendered":"El Papa Francisco bendijo una estatua de Santa Rita"},"content":{"rendered":"<h5>El Papa Francisco bendijo una estatua de Santa Rita<\/h5>\n<p>\u00a0La estatua, de 6 metros de altura y 27 toneladas, ser\u00e1 colocada en la ciudad natal de la santa<\/p>\n<p align=\"justify\">\n<p dir=\"ltr\">El papa Francisco, al concluir la audiencia general, bendijo una estatua de santa Rita,\u00a0regalo de\u00a0un grupo de devotos libaneses. La\u00a0estatua, que mide 6 metros y pesa 27 toneladas, est\u00e1 realizada en piedra caliza y\u00a0ser\u00e1 colocada en el cruce de la calle que conduce a Roccaporena &#8211;ciudad natal de la santa&#8211; con Cascia, en cuya bas\u00edlica est\u00e1 su cuerpo.<\/p>\n<p dir=\"ltr\">Por ello, le han presentado al Santo Padre a los a los \u201cdevotos de Santa Rita\u201d presentes en la audiencia, procedentes de distintas partes de Italia, acompa\u00f1ados por monse\u00f1or Renato Boccardo, arzobispo de Spoleto-Norcia, di\u00f3cesis en la que tiene sede la ciudad de Cascia. El prelado celebrar\u00e1 esta tarde\u00a0la misa en el altar de la c\u00e1tedra de la bas\u00edlica vaticana.<\/p>\n<p dir=\"ltr\">\u201cAl bendecir la gran estatua de la santa &#8211;ha dicho el Pont\u00edfice en los saludos&#8211; \u00a0invito a todos, en el pr\u00f3ximo Jubileo de la Misericordia, a releer su extraordinaria experiencia humana y espiritual como signo del poder de la misericordia de Dios\u201d.<\/p>\n<p dir=\"ltr\">\u00a0Ciudad del Vaticano,\u00a030 de septiembre de 2015\u00a0(ZENIT.org)<\/p>\n","protected":false},"excerpt":{"rendered":"<p>El Papa Francisco bendijo una estatua de Santa Rita \u00a0La estatua, de 6 metros de altura y 27 toneladas, ser\u00e1 colocada en la ciudad natal de la santa El papa Francisco, al concluir la audiencia general, bendijo una estatua de santa Rita,\u00a0regalo de\u00a0un grupo de devotos libaneses. La\u00a0estatua, que mide 6 metros y pesa 27 &hellip; <a href=\"https:\/\/www.biblia.work\/sermones\/el-papa-francisco-bendijo-una-estatua-de-santa-rita\/\" class=\"more-link\">Continuar leyendo<span class=\"screen-reader-text\"> \u00abEl Papa Francisco bendijo una estatua de Santa Rita\u00bb<\/span><\/a><\/p>\n","protected":false},"author":1,"featured_media":0,"comment_status":"open","ping_status":"closed","sticky":false,"template":"","format":"standard","meta":{"footnotes":""},"categories":[1],"tags":[],"class_list":["post-37010","post","type-post","status-publish","format-standard","hentry","category-general"],"_links":{"self":[{"href":"https:\/\/www.biblia.work\/sermones\/wp-json\/wp\/v2\/posts\/37010","targetHints":{"allow":["GET"]}}],"collection":[{"href":"https:\/\/www.biblia.work\/sermones\/wp-json\/wp\/v2\/posts"}],"about":[{"href":"https:\/\/www.biblia.work\/sermones\/wp-json\/wp\/v2\/types\/post"}],"author":[{"embeddable":true,"href":"https:\/\/www.biblia.work\/sermones\/wp-json\/wp\/v2\/users\/1"}],"replies":[{"embeddable":true,"href":"https:\/\/www.biblia.work\/sermones\/wp-json\/wp\/v2\/comments?post=37010"}],"version-history":[{"count":0,"href":"https:\/\/www.biblia.work\/sermones\/wp-json\/wp\/v2\/posts\/37010\/revisions"}],"wp:attachment":[{"href":"https:\/\/www.biblia.work\/sermones\/wp-json\/wp\/v2\/media?parent=37010"}],"wp:term":[{"taxonomy":"category","embeddable":true,"href":"https:\/\/www.biblia.work\/sermones\/wp-json\/wp\/v2\/categories?post=37010"},{"taxonomy":"post_tag","embeddable":true,"href":"https:\/\/www.biblia.work\/sermones\/wp-json\/wp\/v2\/tags?post=37010"}],"curies":[{"name":"wp","href":"https:\/\/api.w.org\/{rel}","templated":true}]}}