{"id":37011,"date":"2016-06-21T10:56:33","date_gmt":"2016-06-21T15:56:33","guid":{"rendered":"http:\/\/www.biblia.work\/sermones\/el-cardenal-lluis-martinez-sistach-arzobispo-de-barcelona-participara-en-el-sinodo-de-los-obispos-en-roma\/"},"modified":"2016-06-21T10:56:33","modified_gmt":"2016-06-21T15:56:33","slug":"el-cardenal-lluis-martinez-sistach-arzobispo-de-barcelona-participara-en-el-sinodo-de-los-obispos-en-roma","status":"publish","type":"post","link":"https:\/\/www.biblia.work\/sermones\/el-cardenal-lluis-martinez-sistach-arzobispo-de-barcelona-participara-en-el-sinodo-de-los-obispos-en-roma\/","title":{"rendered":"El cardenal Lluis Mart\u00ednez Sistach, arzobispo de Barcelona, participar\u00e1 en el S\u00ednodo de los Obispos en Roma"},"content":{"rendered":"<p style=\"text-align: justify;\"><strong>El cardenal arzobispo de Barcelona viaja a Roma para participar en el pr\u00f3ximo S\u00ednodo de Obispos invitado por el papa Francisco<\/strong><\/p>\n<p style=\"text-align: justify;\">El cardenal arzobispo de Barcelona, Dr. <strong>Llu\u00eds Mart\u00ednez Sistach<\/strong>, viaja a Roma esta ma\u00f1ana para participar en la pr\u00f3xima Asamblea General Ordinaria del S\u00ednodo de Obispos, que se celebrar\u00e1 entre el 4 y el 25 de octubre.<\/p>\n<p style=\"text-align: justify;\">El papa Francisco ha nombrado al arzobispo de la provincia eclesi\u00e1stica de Barcelona miembro de la Asamblea del S\u00ednodo de los Obispos que tratar\u00e1 la vocaci\u00f3n y misi\u00f3n de la familia en la Iglesia y en la sociedad.<\/p>\n<p style=\"text-align: justify;\">El Papa ha invitado tambi\u00e9n a otros tres catalanes. Como colaborador de la Secretar\u00eda del S\u00ednodo acudir\u00e1 el Dr. Llu\u00eds Clavell, miembro de la Academia Pontificia de Santo Tom\u00e1s de Aquino y como auditores al matrimonio formado por el ex vicepresidente del Tribunal Constitucional de Espa\u00f1a, Eugeni Gay, y su mujer, Maria Montserrat Rosell.<\/p>\n<p style=\"text-align: justify;\">\n<p style=\"text-align: justify;\">\n<p style=\"text-align: justify;\">Acerca de la Iglesia Archidiocesana de Barcelona<\/p>\n<p style=\"text-align: justify;\">La presencia de la Iglesia en Barcelona se remonta a la edad antigua. Actualmente, la obra pastoral de la Iglesia Archidiocesana de Barcelona comprende toda la regi\u00f3n metropolitana de la capital catalana que tiene una poblaci\u00f3n cercana a los 3 millones de personas. Desde el a\u00f1o 2004, el Dr. Llu\u00eds Mart\u00ednez Sistach es el primer Arzobispo Metropolitano de Barcelona, con dos di\u00f3cesis sufrag\u00e1neas que son Terrassa y Sant Feliu de Llobregat. En el a\u00f1o 2007 fue nombrado Cardenal.<\/p>\n","protected":false},"excerpt":{"rendered":"<p>El cardenal arzobispo de Barcelona viaja a Roma para participar en el pr\u00f3ximo S\u00ednodo de Obispos invitado por el papa Francisco El cardenal arzobispo de Barcelona, Dr. Llu\u00eds Mart\u00ednez Sistach, viaja a Roma esta ma\u00f1ana para participar en la pr\u00f3xima Asamblea General Ordinaria del S\u00ednodo de Obispos, que se celebrar\u00e1 entre el 4 y el &hellip; <a href=\"https:\/\/www.biblia.work\/sermones\/el-cardenal-lluis-martinez-sistach-arzobispo-de-barcelona-participara-en-el-sinodo-de-los-obispos-en-roma\/\" class=\"more-link\">Continuar leyendo<span class=\"screen-reader-text\"> \u00abEl cardenal Lluis Mart\u00ednez Sistach, arzobispo de Barcelona, participar\u00e1 en el S\u00ednodo de los Obispos en Roma\u00bb<\/span><\/a><\/p>\n","protected":false},"author":1,"featured_media":0,"comment_status":"open","ping_status":"closed","sticky":false,"template":"","format":"standard","meta":{"footnotes":""},"categories":[1],"tags":[],"class_list":["post-37011","post","type-post","status-publish","format-standard","hentry","category-general"],"_links":{"self":[{"href":"https:\/\/www.biblia.work\/sermones\/wp-json\/wp\/v2\/posts\/37011","targetHints":{"allow":["GET"]}}],"collection":[{"href":"https:\/\/www.biblia.work\/sermones\/wp-json\/wp\/v2\/posts"}],"about":[{"href":"https:\/\/www.biblia.work\/sermones\/wp-json\/wp\/v2\/types\/post"}],"author":[{"embeddable":true,"href":"https:\/\/www.biblia.work\/sermones\/wp-json\/wp\/v2\/users\/1"}],"replies":[{"embeddable":true,"href":"https:\/\/www.biblia.work\/sermones\/wp-json\/wp\/v2\/comments?post=37011"}],"version-history":[{"count":0,"href":"https:\/\/www.biblia.work\/sermones\/wp-json\/wp\/v2\/posts\/37011\/revisions"}],"wp:attachment":[{"href":"https:\/\/www.biblia.work\/sermones\/wp-json\/wp\/v2\/media?parent=37011"}],"wp:term":[{"taxonomy":"category","embeddable":true,"href":"https:\/\/www.biblia.work\/sermones\/wp-json\/wp\/v2\/categories?post=37011"},{"taxonomy":"post_tag","embeddable":true,"href":"https:\/\/www.biblia.work\/sermones\/wp-json\/wp\/v2\/tags?post=37011"}],"curies":[{"name":"wp","href":"https:\/\/api.w.org\/{rel}","templated":true}]}}