{"id":37012,"date":"2016-06-21T10:56:37","date_gmt":"2016-06-21T15:56:37","guid":{"rendered":"http:\/\/www.biblia.work\/sermones\/el-papa-francisco-recibe-a-los-misioneros-combonianos-del-corazon-de-jesus\/"},"modified":"2016-06-21T10:56:37","modified_gmt":"2016-06-21T15:56:37","slug":"el-papa-francisco-recibe-a-los-misioneros-combonianos-del-corazon-de-jesus","status":"publish","type":"post","link":"https:\/\/www.biblia.work\/sermones\/el-papa-francisco-recibe-a-los-misioneros-combonianos-del-corazon-de-jesus\/","title":{"rendered":"El Papa Francisco recibe a los Misioneros Combonianos del Coraz\u00f3n de Jes\u00fas"},"content":{"rendered":"<p style=\"text-align: justify;\"><strong>Francisco elogia el gran patrimonio espiritual y misionero de los Combonianos del Sagrado Coraz\u00f3n<\/strong><\/p>\n<p style=\"text-align: justify;\">Los <strong>Misioneros Combonianos del Coraz\u00f3n de Jes\u00fas<\/strong>, que participan en el cap\u00edtulo general de ese Instituto, han sido recibidos esta ma\u00f1ana por el Santo Padre en la Sala Clementina. En el discurso que les dirigi\u00f3, Francisco habl\u00f3 de las palabras que definen su nombre e identidad.<\/p>\n<p style=\"text-align: justify;\">Como Misioneros, los Combonianos son &#8221;servidores y mensajeros del Evangelio especialmente para los que no lo conocen o lo han olvidado- dijo el Papa- En la base de todo est\u00e1 la relaci\u00f3n personal con Cristo que&#8230; determina nuestro ser y actuar y se vive se alimenta sobre todo en la oraci\u00f3n, en el permanecer al lado del Se\u00f1or&#8230; En este espacio orante se encuentra el verdadero tesoro que dar a los hermanos mediante el anuncio. El misionero, de hecho, se hace servidor del Dios que habla, que quiere hablar a los hombres y mujeres de hoy, como Jes\u00fas hablaba a los de su tiempo&#8230;En la Palabra de Dios est\u00e1 la sabidur\u00eda que procede de lo alto y que permite encontrar lenguajes, actitudes, herramientas aptas para responder a los retos de la humanidad que cambia&#8221;.<\/p>\n<p style=\"text-align: justify;\">Como Combonianos del Coraz\u00f3n de Jes\u00fas contribuyen &#8221;con alegr\u00eda a la misi\u00f3n de la Iglesia testimoniando el carisma de san Daniele Comboni, carecterizado por el amor misericordioso del Coraz\u00f3n de Cristo por las personas indefensas. De este Coraz\u00f3n brota la fuente de misericordia que salva y genera esperanza. Por lo tanto, como consagrados a Dios por la misi\u00f3n, est\u00e1is llamados a imitar a Jes\u00fas misericordioso y manso, para vivir vuestro servicio con coraz\u00f3n humilde, atendiendo a los m\u00e1s abandonados de nuestro tiempo&#8230;De ese Coraz\u00f3n se aprende la mansedumbre necesaria para emprender la acci\u00f3n apost\u00f3lico incluso en contextos dif\u00edciles y hostiles. Ese Coraz\u00f3n que tanto am\u00f3 a los seres humanos os empuja a las periferias de la sociedad para dar testimonio de la perseverancia del amor paciente y fiel&#8221;.<\/p>\n<p style=\"text-align: justify;\">Al final, el Papa expres\u00f3 a los misioneros el deseo de que este cap\u00edtulo general ilumine el camino de su Instituto en los pr\u00f3ximos a\u00f1os, ayud\u00e1ndoles a descubrir &#8221;cada vez m\u00e1s su gran patrimonio de espiritualidad y de actividad misionera. As\u00ed podr\u00e9is -dijo- proseguir con confianza vuestra apreciada colaboraci\u00f3n en la misi\u00f3n de la Iglesia. Que os sirva de est\u00edmulo y aliento el ejemplo de tantos hermanos vuestros que ofrecieron su vida por la causa del Evangelio, dispuestos tambi\u00e9n al testimonio supremo de la sangre. Todos saben que la historia del Instituto Comboniano est\u00e1 jalonada por una cadena ininterrumpida de m\u00e1rtires que llega hasta nuestros d\u00edas. Son semilla fecunda en la difusi\u00f3n del Reino y protectores de vuestro compromiso apost\u00f3lico&#8221;.<\/p>\n<p style=\"text-align: justify;\">Ciudad del Vaticano, 1 de octubre de 2015 (Vis).-<\/p>\n","protected":false},"excerpt":{"rendered":"<p>Francisco elogia el gran patrimonio espiritual y misionero de los Combonianos del Sagrado Coraz\u00f3n Los Misioneros Combonianos del Coraz\u00f3n de Jes\u00fas, que participan en el cap\u00edtulo general de ese Instituto, han sido recibidos esta ma\u00f1ana por el Santo Padre en la Sala Clementina. En el discurso que les dirigi\u00f3, Francisco habl\u00f3 de las palabras que &hellip; <a href=\"https:\/\/www.biblia.work\/sermones\/el-papa-francisco-recibe-a-los-misioneros-combonianos-del-corazon-de-jesus\/\" class=\"more-link\">Continuar leyendo<span class=\"screen-reader-text\"> \u00abEl Papa Francisco recibe a los Misioneros Combonianos del Coraz\u00f3n de Jes\u00fas\u00bb<\/span><\/a><\/p>\n","protected":false},"author":1,"featured_media":0,"comment_status":"open","ping_status":"closed","sticky":false,"template":"","format":"standard","meta":{"footnotes":""},"categories":[1],"tags":[],"class_list":["post-37012","post","type-post","status-publish","format-standard","hentry","category-general"],"_links":{"self":[{"href":"https:\/\/www.biblia.work\/sermones\/wp-json\/wp\/v2\/posts\/37012","targetHints":{"allow":["GET"]}}],"collection":[{"href":"https:\/\/www.biblia.work\/sermones\/wp-json\/wp\/v2\/posts"}],"about":[{"href":"https:\/\/www.biblia.work\/sermones\/wp-json\/wp\/v2\/types\/post"}],"author":[{"embeddable":true,"href":"https:\/\/www.biblia.work\/sermones\/wp-json\/wp\/v2\/users\/1"}],"replies":[{"embeddable":true,"href":"https:\/\/www.biblia.work\/sermones\/wp-json\/wp\/v2\/comments?post=37012"}],"version-history":[{"count":0,"href":"https:\/\/www.biblia.work\/sermones\/wp-json\/wp\/v2\/posts\/37012\/revisions"}],"wp:attachment":[{"href":"https:\/\/www.biblia.work\/sermones\/wp-json\/wp\/v2\/media?parent=37012"}],"wp:term":[{"taxonomy":"category","embeddable":true,"href":"https:\/\/www.biblia.work\/sermones\/wp-json\/wp\/v2\/categories?post=37012"},{"taxonomy":"post_tag","embeddable":true,"href":"https:\/\/www.biblia.work\/sermones\/wp-json\/wp\/v2\/tags?post=37012"}],"curies":[{"name":"wp","href":"https:\/\/api.w.org\/{rel}","templated":true}]}}