{"id":37014,"date":"2016-06-21T10:56:43","date_gmt":"2016-06-21T15:56:43","guid":{"rendered":"http:\/\/www.biblia.work\/sermones\/el-papa-recuerda-a-la-beata-klara-ludwika-szczesna-a-santa-rita-de-casia-y-a-san-jeronimo\/"},"modified":"2016-06-21T10:56:43","modified_gmt":"2016-06-21T15:56:43","slug":"el-papa-recuerda-a-la-beata-klara-ludwika-szczesna-a-santa-rita-de-casia-y-a-san-jeronimo","status":"publish","type":"post","link":"https:\/\/www.biblia.work\/sermones\/el-papa-recuerda-a-la-beata-klara-ludwika-szczesna-a-santa-rita-de-casia-y-a-san-jeronimo\/","title":{"rendered":"El Papa recuerda a la beata Klara Ludwika Szcz\u0119sna, a Santa Rita de Casia y a San Jer\u00f3nimo"},"content":{"rendered":"<p style=\"text-align: justify;\"><strong>El Papa recuerda a la beata Klara Ludwika Szcz\u0119sna, a Santa Rita de Casia y a San Jer\u00f3nimo<\/strong><\/p>\n<p align=\"justify\">Despu\u00e9s de la catequesis, el Santo Padre salud\u00f3 entre otros a las Siervas del Sagrado Coraz\u00f3n de Jes\u00fas, de Polonia, llegadas a Roma, el &#8221;coraz\u00f3n de la Iglesia&#8221; para dar las gracias por la beatificaci\u00f3n, el pasado domingo en Cracovia de <strong>Klara Ludwika Szcz\u0119sna<\/strong>, Cofundadora de esa congregaci\u00f3n.<\/p>\n<p style=\"text-align: justify;\"> &#8221;Con su vida la nueva beata -dijo Francisco- nos ha ense\u00f1ado la entrega a Dios, el servicio humilde al pr\u00f3jimo, la vida seg\u00fan el esp\u00edritu del Evangelio, la sensibilidad con los pobres, a los que pasan necesidades y a todos los que se han perdido en la vida. Su lema &#8221;Todo por el Coraz\u00f3n de Jes\u00fas&#8221;, sea para cada uno de nosotros un reto, para que podamos vivir seg\u00fan la voluntad de Cristo.<\/p>\n<p align=\"justify\">Tambi\u00e9n bendijo una estatua de Santa Rita de Casia, ofrecida por un grupo de fieles libaneses a la di\u00f3cesis italiana de Spoleto-Norcia- que ser\u00e1 colocada el pr\u00f3ximo 18 de octubre en el cruce que lleva al pueblo natal de la santa, Roccaporena, y a Casia, en cuya bas\u00edlica est\u00e1n sus reliquias- invitando a todos, en el pr\u00f3ximo Jubileo de la Misericordia, a &#8221;releer su extraordinaria experiencia humana y espiritual como signo de la potencia de la misericordia de Dios&#8221;.<\/p>\n<p align=\"justify\">Por \u00faltimo record\u00f3 que hoy se celebra la memoria de San Jer\u00f3nimo y anim\u00f3 a los j\u00f3venes a que la pasi\u00f3n del santo por la Sagrada Escritura hiciera que se enamorasen del &#8221;Libro de la Vida; a los enfermos a que su austeridad llenase de significado sus sufrimientos y a los reci\u00e9n casados a que su vigor espiritual reforzase la fe en sus hogares&#8221;.<\/p>\n<p style=\"text-align: justify;\">Ciudad del Vaticano, 30 de septiembre de 2015 (Vis).-<\/p>\n","protected":false},"excerpt":{"rendered":"<p>El Papa recuerda a la beata Klara Ludwika Szcz\u0119sna, a Santa Rita de Casia y a San Jer\u00f3nimo Despu\u00e9s de la catequesis, el Santo Padre salud\u00f3 entre otros a las Siervas del Sagrado Coraz\u00f3n de Jes\u00fas, de Polonia, llegadas a Roma, el &#8221;coraz\u00f3n de la Iglesia&#8221; para dar las gracias por la beatificaci\u00f3n, el pasado &hellip; <a href=\"https:\/\/www.biblia.work\/sermones\/el-papa-recuerda-a-la-beata-klara-ludwika-szczesna-a-santa-rita-de-casia-y-a-san-jeronimo\/\" class=\"more-link\">Continuar leyendo<span class=\"screen-reader-text\"> \u00abEl Papa recuerda a la beata Klara Ludwika Szcz\u0119sna, a Santa Rita de Casia y a San Jer\u00f3nimo\u00bb<\/span><\/a><\/p>\n","protected":false},"author":1,"featured_media":0,"comment_status":"open","ping_status":"closed","sticky":false,"template":"","format":"standard","meta":{"footnotes":""},"categories":[1],"tags":[],"class_list":["post-37014","post","type-post","status-publish","format-standard","hentry","category-general"],"_links":{"self":[{"href":"https:\/\/www.biblia.work\/sermones\/wp-json\/wp\/v2\/posts\/37014","targetHints":{"allow":["GET"]}}],"collection":[{"href":"https:\/\/www.biblia.work\/sermones\/wp-json\/wp\/v2\/posts"}],"about":[{"href":"https:\/\/www.biblia.work\/sermones\/wp-json\/wp\/v2\/types\/post"}],"author":[{"embeddable":true,"href":"https:\/\/www.biblia.work\/sermones\/wp-json\/wp\/v2\/users\/1"}],"replies":[{"embeddable":true,"href":"https:\/\/www.biblia.work\/sermones\/wp-json\/wp\/v2\/comments?post=37014"}],"version-history":[{"count":0,"href":"https:\/\/www.biblia.work\/sermones\/wp-json\/wp\/v2\/posts\/37014\/revisions"}],"wp:attachment":[{"href":"https:\/\/www.biblia.work\/sermones\/wp-json\/wp\/v2\/media?parent=37014"}],"wp:term":[{"taxonomy":"category","embeddable":true,"href":"https:\/\/www.biblia.work\/sermones\/wp-json\/wp\/v2\/categories?post=37014"},{"taxonomy":"post_tag","embeddable":true,"href":"https:\/\/www.biblia.work\/sermones\/wp-json\/wp\/v2\/tags?post=37014"}],"curies":[{"name":"wp","href":"https:\/\/api.w.org\/{rel}","templated":true}]}}