{"id":37015,"date":"2016-06-21T10:56:52","date_gmt":"2016-06-21T15:56:52","guid":{"rendered":"http:\/\/www.biblia.work\/sermones\/cantate-domino-la-musica-de-los-papas-grabada-en-la-capilla-sixtina\/"},"modified":"2016-06-21T10:56:52","modified_gmt":"2016-06-21T15:56:52","slug":"cantate-domino-la-musica-de-los-papas-grabada-en-la-capilla-sixtina","status":"publish","type":"post","link":"https:\/\/www.biblia.work\/sermones\/cantate-domino-la-musica-de-los-papas-grabada-en-la-capilla-sixtina\/","title":{"rendered":"&#8216;Cantate Domino&#8221;, la m\u00fasica de los Papas grabada en la Capilla Sixtina"},"content":{"rendered":"<p style=\"text-align: justify;\"><strong>&#8216;Cantate Domino&#8221;, la m\u00fasica de los Papas grabada en la Capilla Sixtina<\/strong><\/p>\n<p style=\"text-align: justify;\">\nEsta ma\u00f1ana en la Oficina de Prensa de la Santa Sede ha tenido lugar la conferencia de presentaci\u00f3n del cd musical <strong>Cantate Domino. La Capilla Sixtina y la m\u00fasica de los Papas<\/strong> editado por la Deutsche Grammophon. Han intervenido el arzobispo Georg G\u00e4nswein, Prefecto de la Casa Pontificia, mons. Massimo Palombella, S.D.B, Maestro Director de la Capilla Musical Pontificia Sixtina, Mark Wilkinson, Presidente de Deutsche Grammophon y Mirko Gratton, Director del sector de M\u00fasica Cl\u00e1sica de Universal Italia.<\/p>\n<p align=\"justify\">&#8221;La Capilla Musical Pontificia, tambi\u00e9n llamada Sixtina, se encuentra entre las instituciones corales m\u00e1s antiguas del mundo y tiene la caracter\u00edstica de ser el coro del Papa&#8221;, ha explicado el arzobispo G\u00e4nswein. Una caracter\u00edstica que hace de ella- ya que su servicio se inserta en la vida de la &#8221;Casa del Papa&#8221;- una articulaci\u00f3n de la Prefectura de la Casa Pontificia cuya misi\u00f3n espec\u00edfica es ser un organismo de servicio totalmente dedicado al Pontifice. &#8221;La Prefectura -prosigui\u00f3- es el referente de la Capilla Musical por cuanto respecta a su gesti\u00f3n art\u00edstica, administrativa y disciplinar. Se trata de una realidad compuesta y articulada formada por 20 cantores adultos, regularmente contratados por la Santa Sede, a la que se suman unos treinta pueri cantores que frecuentan la escuela elemental aneja a la Sixtina. La publicaci\u00f3n de un CD musical con la prestigiosa etiqueta Deutsche Grammophon constituye un evento in\u00e9dito en la historia de la Capilla que atestigua la calidad y profesionalidad que esta instituci\u00f3n ha alcanzado gracias al trabajo serio y asiduo bajo la gu\u00eda del Maestro Director mons. Massimo Palombella&#8221;.<\/p>\n<p align=\"justify\">El album, publicado el 25 de septiembre, comprende m\u00fasica renacentista compuesta para el coro de la Capilla Sixtina por Palestrina, Lasso y De Victoria, dos cantos gregorianos y dos primeras grabaciones mundiales: el famoso Miserere de Allegri en la versi\u00f3n original seg\u00fan el Codex Sixtino del 1661 y un Nunc dimittis, atribuido a Palestrina, que se canta todav\u00eda en las celebraciones papales. &#8221;Cantate domino&#8221;, presenta estas piezas como hab\u00edan sido concebidas: en lat\u00edn y grabadas en el lugar para el que hab\u00edan sido compuestas. Para capturar todo el sabor de esta m\u00fasica ejecutada en su ambiente &#8221;natural&#8221;, la Deutsche Grammophon instal\u00f3 en la Capilla un estudio construido ex-profeso. La consola de mezclas se coloc\u00f3 en una antec\u00e1mera, al lado de la &#8221;Sala del Llanto&#8221; ( donde el Pontifice elegido se viste por primera vez con las vestimentas papales).<\/p>\n<p align=\"justify\">&#8221;La Capilla Sixtina se consagr\u00f3 en 1483 y desde entonces ha sido el lugar donde ha cantado ininterrumpidamente la Capilla Musical Pontificia- ha explicado mons. Palombella- En estos \u00faltimos a\u00f1os, tras un estudio intenso y espec\u00edfico de la m\u00fasica sacra en el Renacimiento y su pertinencia est\u00e9tica, hemos podido hacer frente a una grabaci\u00f3n interesante y significativa. Mi esperanza es que estas obras maestras musicales lleguen a millones de personas en todo el mundo para ponerles en contacto con la hist\u00f3rica cultura y la profunda espiritualidad de la Iglesia Cat\u00f3lica&#8221;.<\/p>\n<p style=\"text-align: justify;\">Ciudad del Vaticano, 29 de septiembre de 2015 (Vis).-<\/p>\n","protected":false},"excerpt":{"rendered":"<p>&#8216;Cantate Domino&#8221;, la m\u00fasica de los Papas grabada en la Capilla Sixtina Esta ma\u00f1ana en la Oficina de Prensa de la Santa Sede ha tenido lugar la conferencia de presentaci\u00f3n del cd musical Cantate Domino. La Capilla Sixtina y la m\u00fasica de los Papas editado por la Deutsche Grammophon. Han intervenido el arzobispo Georg G\u00e4nswein, &hellip; <a href=\"https:\/\/www.biblia.work\/sermones\/cantate-domino-la-musica-de-los-papas-grabada-en-la-capilla-sixtina\/\" class=\"more-link\">Continuar leyendo<span class=\"screen-reader-text\"> \u00ab&#8216;Cantate Domino&#8221;, la m\u00fasica de los Papas grabada en la Capilla Sixtina\u00bb<\/span><\/a><\/p>\n","protected":false},"author":1,"featured_media":0,"comment_status":"open","ping_status":"closed","sticky":false,"template":"","format":"standard","meta":{"footnotes":""},"categories":[1],"tags":[],"class_list":["post-37015","post","type-post","status-publish","format-standard","hentry","category-general"],"_links":{"self":[{"href":"https:\/\/www.biblia.work\/sermones\/wp-json\/wp\/v2\/posts\/37015","targetHints":{"allow":["GET"]}}],"collection":[{"href":"https:\/\/www.biblia.work\/sermones\/wp-json\/wp\/v2\/posts"}],"about":[{"href":"https:\/\/www.biblia.work\/sermones\/wp-json\/wp\/v2\/types\/post"}],"author":[{"embeddable":true,"href":"https:\/\/www.biblia.work\/sermones\/wp-json\/wp\/v2\/users\/1"}],"replies":[{"embeddable":true,"href":"https:\/\/www.biblia.work\/sermones\/wp-json\/wp\/v2\/comments?post=37015"}],"version-history":[{"count":0,"href":"https:\/\/www.biblia.work\/sermones\/wp-json\/wp\/v2\/posts\/37015\/revisions"}],"wp:attachment":[{"href":"https:\/\/www.biblia.work\/sermones\/wp-json\/wp\/v2\/media?parent=37015"}],"wp:term":[{"taxonomy":"category","embeddable":true,"href":"https:\/\/www.biblia.work\/sermones\/wp-json\/wp\/v2\/categories?post=37015"},{"taxonomy":"post_tag","embeddable":true,"href":"https:\/\/www.biblia.work\/sermones\/wp-json\/wp\/v2\/tags?post=37015"}],"curies":[{"name":"wp","href":"https:\/\/api.w.org\/{rel}","templated":true}]}}