{"id":37016,"date":"2016-06-21T10:56:56","date_gmt":"2016-06-21T15:56:56","guid":{"rendered":"http:\/\/www.biblia.work\/sermones\/comunicacion-y-misericordia-un-encuentro-fecundo-lema-de-la-jornada-mundial-de-las-comunicaciones-sociales-2016\/"},"modified":"2016-06-21T10:56:56","modified_gmt":"2016-06-21T15:56:56","slug":"comunicacion-y-misericordia-un-encuentro-fecundo-lema-de-la-jornada-mundial-de-las-comunicaciones-sociales-2016","status":"publish","type":"post","link":"https:\/\/www.biblia.work\/sermones\/comunicacion-y-misericordia-un-encuentro-fecundo-lema-de-la-jornada-mundial-de-las-comunicaciones-sociales-2016\/","title":{"rendered":"Comunicaci\u00f3n y Misericordia: un encuentro fecundo, lema de la Jornada Mundial de las Comunicaciones Sociales 2016"},"content":{"rendered":"<p align=\"justify\"><b>Comunicaci\u00f3n y Misericordia: un encuentro fecundo, lema de la Jornada Mundial de las Comunicaciones Sociales 2016<br \/>\n<\/b><\/p>\n<p align=\"justify\">La elecci\u00f3n del Tema de este a\u00f1o ha estado determinada, claramente, por la celebraci\u00f3n del Jubileo Extraordinario de la Misericordia y, sin duda, el Santo Padre ha querido que la Jornada Mundial de las Comunicaciones Sociales ofreciese una ocasi\u00f3n propicia para reflexionar sobre la sinergia profunda entre comunicaci\u00f3n y misericordia.<\/p>\n<p align=\"justify\">En la Bula de Convocaci\u00f3n del A\u00f1o Jubilar, en el n\u00famero 12, el Papa afirma que \u201cla Iglesia tiene la misi\u00f3n de anunciar la misericordia de Dios, coraz\u00f3n palpitante del Evangelio, que por su medio debe alcanzar la mente y el coraz\u00f3n de toda persona\u201d. Y, en el mismo n\u00famero, el Papa a\u00f1ade: \u201cSu lenguaje y sus gestos deben transmitir misericordia para penetrar en el coraz\u00f3n de las personas y motivarlas a reencontrar el camino de vuelta al Padre\u201d.<\/p>\n<p align=\"justify\">Parece oportuno recordar, a este respecto, que nos situamos en el contexto de una comunicaci\u00f3n que es momento constitutivo de la promoci\u00f3n de la cultura del encuentro.<\/p>\n<p align=\"justify\">El Papa en esta ocasi\u00f3n se refiere al lenguaje y a los gestos de la Iglesia; pero en la perspectiva que nos indica, todo hombre y mujer de hoy, en su propia comunicaci\u00f3n, en el ir al encuentro de los dem\u00e1s, debe estar animado por una profunda dimensi\u00f3n de acogida, de disponibilidad, de perd\u00f3n.<\/p>\n<p align=\"justify\">El Tema subraya que una buena comunicaci\u00f3n puede abrir un espacio para el di\u00e1logo, para la comprensi\u00f3n rec\u00edproca y la reconciliaci\u00f3n, permitiendo de ese modo que florezcan encuentros humanos fecundos. En un momento en el que nuestra atenci\u00f3n se dirige a menudo a la naturaleza exasperada y judicante de muchos comentarios en los medios sociales, el tema nos recuerda el poder de las palabras y de los gestos para superar las incomprensiones, para curar las memorias, para construir la paz y la armon\u00eda.<\/p>\n<p align=\"justify\">Una vez m\u00e1s, el Papa Francisco nos ayuda a redescubrir que en el centro de la comunicaci\u00f3n hay, sobre todo, una profunda dimensi\u00f3n humana. Comunicaci\u00f3n que no es s\u00f3lo una tecnolog\u00eda actual o avanzada, sino una profunda relaci\u00f3n interpersonal.<\/p>\n<p align=\"justify\">La Jornada Mundial de las Comunicaciones, \u00fanica jornada mundial establecida por el Concilio Vaticano II, se celebra en muchos pa\u00edses, por recomendaci\u00f3n de los obispos del mundo, el domingo anterior a la fiesta de Pentecost\u00e9s (el 8 de mayo en el 2016).<\/p>\n<p align=\"justify\">El Mensaje del Santo Padre para la Jornada Mundial de las Comunicaciones Sociales se publica tradicionalmente en ocasi\u00f3n de la festividad de San Francisco de Sales, patrono de los periodistas (el 24 de enero).<\/p>\n","protected":false},"excerpt":{"rendered":"<p>Comunicaci\u00f3n y Misericordia: un encuentro fecundo, lema de la Jornada Mundial de las Comunicaciones Sociales 2016 La elecci\u00f3n del Tema de este a\u00f1o ha estado determinada, claramente, por la celebraci\u00f3n del Jubileo Extraordinario de la Misericordia y, sin duda, el Santo Padre ha querido que la Jornada Mundial de las Comunicaciones Sociales ofreciese una ocasi\u00f3n &hellip; <a href=\"https:\/\/www.biblia.work\/sermones\/comunicacion-y-misericordia-un-encuentro-fecundo-lema-de-la-jornada-mundial-de-las-comunicaciones-sociales-2016\/\" class=\"more-link\">Continuar leyendo<span class=\"screen-reader-text\"> \u00abComunicaci\u00f3n y Misericordia: un encuentro fecundo, lema de la Jornada Mundial de las Comunicaciones Sociales 2016\u00bb<\/span><\/a><\/p>\n","protected":false},"author":1,"featured_media":0,"comment_status":"open","ping_status":"closed","sticky":false,"template":"","format":"standard","meta":{"footnotes":""},"categories":[1],"tags":[],"class_list":["post-37016","post","type-post","status-publish","format-standard","hentry","category-general"],"_links":{"self":[{"href":"https:\/\/www.biblia.work\/sermones\/wp-json\/wp\/v2\/posts\/37016","targetHints":{"allow":["GET"]}}],"collection":[{"href":"https:\/\/www.biblia.work\/sermones\/wp-json\/wp\/v2\/posts"}],"about":[{"href":"https:\/\/www.biblia.work\/sermones\/wp-json\/wp\/v2\/types\/post"}],"author":[{"embeddable":true,"href":"https:\/\/www.biblia.work\/sermones\/wp-json\/wp\/v2\/users\/1"}],"replies":[{"embeddable":true,"href":"https:\/\/www.biblia.work\/sermones\/wp-json\/wp\/v2\/comments?post=37016"}],"version-history":[{"count":0,"href":"https:\/\/www.biblia.work\/sermones\/wp-json\/wp\/v2\/posts\/37016\/revisions"}],"wp:attachment":[{"href":"https:\/\/www.biblia.work\/sermones\/wp-json\/wp\/v2\/media?parent=37016"}],"wp:term":[{"taxonomy":"category","embeddable":true,"href":"https:\/\/www.biblia.work\/sermones\/wp-json\/wp\/v2\/categories?post=37016"},{"taxonomy":"post_tag","embeddable":true,"href":"https:\/\/www.biblia.work\/sermones\/wp-json\/wp\/v2\/tags?post=37016"}],"curies":[{"name":"wp","href":"https:\/\/api.w.org\/{rel}","templated":true}]}}