{"id":37018,"date":"2016-06-21T10:57:05","date_gmt":"2016-06-21T15:57:05","guid":{"rendered":"http:\/\/www.biblia.work\/sermones\/el-vaticano-acoge-ya-a-una-familia-de-refugiados-sirios\/"},"modified":"2016-06-21T10:57:05","modified_gmt":"2016-06-21T15:57:05","slug":"el-vaticano-acoge-ya-a-una-familia-de-refugiados-sirios","status":"publish","type":"post","link":"https:\/\/www.biblia.work\/sermones\/el-vaticano-acoge-ya-a-una-familia-de-refugiados-sirios\/","title":{"rendered":"El Vaticano acoge ya a una familia de refugiados sirios"},"content":{"rendered":"<p align=\"justify\"><strong>El Vaticano acoge ya a una familia de refugiados sirios<\/strong><\/p>\n<p align=\"justify\">La Limosner\u00eda Pontificia informa en en comunicado publicado hoy de que desde hace algunos d\u00edas la comunidad parroquial de Santa Ana en el Vaticano hospeda a una familia de pr\u00f3fugos (padre, madre y dos hijos). Son sirios, cristianos de rito melquita cat\u00f3lico, del Patriarcado de Antioquia, llegados de Damasco, de la que han escapado a causa de la guerra y llegaron a Italia precisamente el domingo 6 de septiembre, cuando durante el Angelus, el Papa lanz\u00f3 un llamamiento para que cada parroquia, comunidad religiosa, monasterio o santuario acogiese a una familia.<\/p>\n<p align=\"justify\">Los cuatro miembros de la familia se alojan en un apartamento del Vaticano, en las cercan\u00edas de San Pedro. El procedimiento de solicitud de protecci\u00f3n internacional para ellos se ha puesto en marcha inmediatamente. De acuerdo con la ley, durante los primeros seis meses a partir de la presentaci\u00f3n de la solicitud de asilo, los peticionarios de protecci\u00f3n internacional no pueden trabajar. En ese per\u00edodo les ayudar\u00e1 y acompa\u00f1ar\u00e1 la comunidad parroquial de Santa Ana. Hasta que Italia tome la decisi\u00f3n de conceder o denegar la condici\u00f3n de refugiados no es posible facilitar informaciones sobre esta familia. Precisamente para protegerlos en esta fase, es oportuno que los medios de comunicaci\u00f3n respeten su deseo de no ser buscados ni entrevistados.<\/p>\n<p align=\"justify\">Con respecto a la acogida de la segunda familia por parte de la parroquia vaticana de San Pedro, la Limosner\u00eda no puede facilitar ninguna noticia hasta que no se cumplan los requisitos necesarios.<\/p>\n<p align=\"justify\">En este contexto de caridad cristiana para las personas que escapan de la guerra y del hambre, vale la pena recordar que desde hace muchos a\u00f1os los pont\u00edfices, a trav\u00e9s de la Limosner\u00eda Apost\u00f3lica, han contribuido al pago de las tasas de emisi\u00f3n del primer permiso de residencia de los refugiados mediante el Centro Astalli que dirigen los jesuitas ( en 2014 se han dado 50.000 euros para ese fin). Adem\u00e1s, la Limosner\u00eda, siempre en nombre del Papa, ayuda diariamente a numerosas personas y familias de pr\u00f3fugos, adem\u00e1s de ocuparse de las primeras necesidades, tambi\u00e9n sanitarias, de muchos centros de acogida en Roma.<\/p>\n<p align=\"justify\">A esto hay que a\u00f1adir que desde hace algunos d\u00edas un moderno ambulatorio m\u00f3vil, que fue regalado al Papa hace a\u00f1os y hasta ahora se utilizaba solamente en los acontecimientos que presid\u00eda, se ha puesto a disposici\u00f3n para atender a los pr\u00f3fugos varios d\u00edas a la semana en los centros de acogida, incluidos los no regulares, situados en la periferia romana. Los voluntarios, m\u00e9dicos, enfermeros y guardias suizos, son empleados del Estado Vaticano, de la Universidad de Tor Vergata y miembros de la Asociaci\u00f3n del Instituto de Medicina Solidaria Onlus.<\/p>\n","protected":false},"excerpt":{"rendered":"<p>El Vaticano acoge ya a una familia de refugiados sirios La Limosner\u00eda Pontificia informa en en comunicado publicado hoy de que desde hace algunos d\u00edas la comunidad parroquial de Santa Ana en el Vaticano hospeda a una familia de pr\u00f3fugos (padre, madre y dos hijos). Son sirios, cristianos de rito melquita cat\u00f3lico, del Patriarcado de &hellip; <a href=\"https:\/\/www.biblia.work\/sermones\/el-vaticano-acoge-ya-a-una-familia-de-refugiados-sirios\/\" class=\"more-link\">Continuar leyendo<span class=\"screen-reader-text\"> \u00abEl Vaticano acoge ya a una familia de refugiados sirios\u00bb<\/span><\/a><\/p>\n","protected":false},"author":1,"featured_media":0,"comment_status":"open","ping_status":"closed","sticky":false,"template":"","format":"standard","meta":{"footnotes":""},"categories":[1],"tags":[],"class_list":["post-37018","post","type-post","status-publish","format-standard","hentry","category-general"],"_links":{"self":[{"href":"https:\/\/www.biblia.work\/sermones\/wp-json\/wp\/v2\/posts\/37018","targetHints":{"allow":["GET"]}}],"collection":[{"href":"https:\/\/www.biblia.work\/sermones\/wp-json\/wp\/v2\/posts"}],"about":[{"href":"https:\/\/www.biblia.work\/sermones\/wp-json\/wp\/v2\/types\/post"}],"author":[{"embeddable":true,"href":"https:\/\/www.biblia.work\/sermones\/wp-json\/wp\/v2\/users\/1"}],"replies":[{"embeddable":true,"href":"https:\/\/www.biblia.work\/sermones\/wp-json\/wp\/v2\/comments?post=37018"}],"version-history":[{"count":0,"href":"https:\/\/www.biblia.work\/sermones\/wp-json\/wp\/v2\/posts\/37018\/revisions"}],"wp:attachment":[{"href":"https:\/\/www.biblia.work\/sermones\/wp-json\/wp\/v2\/media?parent=37018"}],"wp:term":[{"taxonomy":"category","embeddable":true,"href":"https:\/\/www.biblia.work\/sermones\/wp-json\/wp\/v2\/categories?post=37018"},{"taxonomy":"post_tag","embeddable":true,"href":"https:\/\/www.biblia.work\/sermones\/wp-json\/wp\/v2\/tags?post=37018"}],"curies":[{"name":"wp","href":"https:\/\/api.w.org\/{rel}","templated":true}]}}