{"id":37019,"date":"2016-06-21T10:57:08","date_gmt":"2016-06-21T15:57:08","guid":{"rendered":"http:\/\/www.biblia.work\/sermones\/santa-sede-temas-de-la-xi-reunion-del-consejo-de-cardenales\/"},"modified":"2016-06-21T10:57:08","modified_gmt":"2016-06-21T15:57:08","slug":"santa-sede-temas-de-la-xi-reunion-del-consejo-de-cardenales","status":"publish","type":"post","link":"https:\/\/www.biblia.work\/sermones\/santa-sede-temas-de-la-xi-reunion-del-consejo-de-cardenales\/","title":{"rendered":"Santa Sede: temas de la XI reuni\u00f3n del Consejo de Cardenales"},"content":{"rendered":"<p style=\"text-align: justify;\"><strong>Temas de la XI reuni\u00f3n del Consejo de Cardenales: nuevas congregaciones, Secretar\u00eda para la Informaci\u00f3n, nombramientos de obispos, abuso de menores<\/strong><\/p>\n<p style=\"text-align: justify;\">El director de la Oficina de Prensa de la Santa Sede, Padre Federico Lombardi S.I, ha informado esta ma\u00f1ana sobre los resultados de la und\u00e9cima reuni\u00f3n del Consejo de Cardenales con el Santo Padre que comenz\u00f3 el pasado lunes, 14 de diciembre.<\/p>\n<p style=\"text-align: justify;\">&#8221;Los cardenales -ha dicho el P. Lombardi- han analizado la propuesta de una nueva congregaci\u00f3n llamada, de forma indicativa, &#8220;Laicos, Familia y Vida&#8221; . En este sentido ha intervenido el cardenal Dionigi Tettamanzi, a quien el Santo Padre hab\u00eda encargado en los \u00faltimos meses un estudio sobre la viabilidad del proyecto. El Consejo, despu\u00e9s de someterlo a reflexi\u00f3n, ha presentado al Papa una propuesta, orientada a su implementaci\u00f3n.<\/p>\n<p style=\"text-align: justify;\">Tambi\u00e9n ha proseguido el examen de la propuesta sobre la nueva congregaci\u00f3n dedicada a \u2018\u2019Caridad, Justicia y Paz&#8221;. Si bien se ha hablado del proyecto, el Consejo no ha llegado todav\u00eda a una conclusi\u00f3n definitiva.<\/p>\n<p style=\"text-align: justify;\">Otro tema de reflexi\u00f3n ha sido el procedimiento para el nombramiento de nuevos obispos, en particular se ha hablado de las cualidades y requisitos de los candidatos a la luz de las exigencias del mundo de hoy y de la recopilaci\u00f3n de informaciones al respecto. Naturalmente, el tema debe ser profundizado y desarrollado junto con los dicasterios interesados.<\/p>\n<p style=\"text-align: justify;\">Asimismo, hubo una audicion del Prefecto de la nueva Secretar\u00eda de Comunicaci\u00f3n, que inform\u00f3 sobre los primeros pasos dados y en particular sobre el nombramiento de un grupo de elaboraci\u00f3n de los Estatutos de dicha Secretar\u00eda. El grupo de trabajo, que est\u00e1 ya formado y ha iniciado su actividad, est\u00e1 compuesto por representantes de las instituciones interesadas. El Estatuto , si bien tenga en cuenta la fase progresiva de consolidaci\u00f3n de las diferentes entidades que forman parte de la Secretar\u00eda, definir\u00e1 la estructura formal del Departamento. Se prestar\u00e1 especial atenci\u00f3n a la consideraci\u00f3n de los aspectos jur\u00eddicos y administrativos de la actividad de comunicaci\u00f3n de la Santa Sede. Los reglamentos se elaborar\u00e1n y emanar\u00e1n sucesivamente.<\/p>\n<p style=\"text-align: justify;\">El Consejo ha expresado su un\u00e1nime aprecio, reiterando que, no obstante los avances, se faciliten con prontitud l\u00edneas precisas de conducta para las instituciones involucradas, para que &#8211; conforme a lo solicitado por el Motu Proprio &#8211; la reforma proceda con decisi\u00f3n hacia una gesti\u00f3n integrada y unificada.<\/p>\n<p style=\"text-align: justify;\">Se ha reanudado el debate del tema propuesto en la \u00faltima sesi\u00f3n del Consejo respecto a las cuestiones relacionadas con el abuso de menores, analizando a fondo la manera de implementar las propuestas formuladas, sobre todo la posibilidad de acelerar la gesti\u00f3n de los numerosos casos pendientes.<\/p>\n<p style=\"text-align: justify;\">Los purpurados han vuelto a examinar el borrador del pre\u00e1mbulo de la nueva Constituci\u00f3n.<\/p>\n<p style=\"text-align: justify;\">El cardenal Oscar Andr\u00e9s Rodr\u00edguez Maradiaga estaba ausente por razones de salud,<\/p>\n<p style=\"text-align: justify;\">La pr\u00f3xima reuni\u00f3n del Consejo est\u00e1 programada del 10 al 12 de diciembre de 2015&#8221;.<\/p>\n<p align=\"justify\">Ciudad del Vaticano, 16 de septiembre de 2015 (Vis).-<\/p>\n","protected":false},"excerpt":{"rendered":"<p>Temas de la XI reuni\u00f3n del Consejo de Cardenales: nuevas congregaciones, Secretar\u00eda para la Informaci\u00f3n, nombramientos de obispos, abuso de menores El director de la Oficina de Prensa de la Santa Sede, Padre Federico Lombardi S.I, ha informado esta ma\u00f1ana sobre los resultados de la und\u00e9cima reuni\u00f3n del Consejo de Cardenales con el Santo Padre &hellip; <a href=\"https:\/\/www.biblia.work\/sermones\/santa-sede-temas-de-la-xi-reunion-del-consejo-de-cardenales\/\" class=\"more-link\">Continuar leyendo<span class=\"screen-reader-text\"> \u00abSanta Sede: temas de la XI reuni\u00f3n del Consejo de Cardenales\u00bb<\/span><\/a><\/p>\n","protected":false},"author":1,"featured_media":0,"comment_status":"open","ping_status":"closed","sticky":false,"template":"","format":"standard","meta":{"footnotes":""},"categories":[1],"tags":[],"class_list":["post-37019","post","type-post","status-publish","format-standard","hentry","category-general"],"_links":{"self":[{"href":"https:\/\/www.biblia.work\/sermones\/wp-json\/wp\/v2\/posts\/37019","targetHints":{"allow":["GET"]}}],"collection":[{"href":"https:\/\/www.biblia.work\/sermones\/wp-json\/wp\/v2\/posts"}],"about":[{"href":"https:\/\/www.biblia.work\/sermones\/wp-json\/wp\/v2\/types\/post"}],"author":[{"embeddable":true,"href":"https:\/\/www.biblia.work\/sermones\/wp-json\/wp\/v2\/users\/1"}],"replies":[{"embeddable":true,"href":"https:\/\/www.biblia.work\/sermones\/wp-json\/wp\/v2\/comments?post=37019"}],"version-history":[{"count":0,"href":"https:\/\/www.biblia.work\/sermones\/wp-json\/wp\/v2\/posts\/37019\/revisions"}],"wp:attachment":[{"href":"https:\/\/www.biblia.work\/sermones\/wp-json\/wp\/v2\/media?parent=37019"}],"wp:term":[{"taxonomy":"category","embeddable":true,"href":"https:\/\/www.biblia.work\/sermones\/wp-json\/wp\/v2\/categories?post=37019"},{"taxonomy":"post_tag","embeddable":true,"href":"https:\/\/www.biblia.work\/sermones\/wp-json\/wp\/v2\/tags?post=37019"}],"curies":[{"name":"wp","href":"https:\/\/api.w.org\/{rel}","templated":true}]}}