{"id":37020,"date":"2016-06-21T10:57:18","date_gmt":"2016-06-21T15:57:18","guid":{"rendered":"http:\/\/www.biblia.work\/sermones\/el-papa-francisco-se-reune-con-los-ministros-de-medio-ambiente-de-la-ue\/"},"modified":"2016-06-21T10:57:18","modified_gmt":"2016-06-21T15:57:18","slug":"el-papa-francisco-se-reune-con-los-ministros-de-medio-ambiente-de-la-ue","status":"publish","type":"post","link":"https:\/\/www.biblia.work\/sermones\/el-papa-francisco-se-reune-con-los-ministros-de-medio-ambiente-de-la-ue\/","title":{"rendered":"El Papa Francisco se re\u00fane con los ministros de Medio Ambiente de la UE"},"content":{"rendered":"<p style=\"text-align: justify;\"><strong>\u00a0El Papa a los ministros de Medio Ambiente de la UE: Hay que saldar la deuda ecol\u00f3gica<\/strong><\/p>\n<p style=\"text-align: justify;\"><strong>Responder adecuadamente al grito de la Tierra y al grito de los pobres<\/strong><\/p>\n<p style=\"text-align: justify;\">\u00a0Discurso del Papa Francisco a los ministros de Medio Ambiente de los Pa\u00edses Miembros de la Uni\u00f3n Europeo (16-9-2015) <\/p>\n<p style=\"text-align: justify;\">Se\u00f1oras y se\u00f1ores: \u00a1Buenos d\u00edas!<\/p>\n<p style=\"text-align: justify;\">Saludo cordialmente a todos ustedes, se\u00f1ores ministros de Medio Ambiente de la Uni\u00f3n Europea, cuyo cargo ha ido asumiendo, durante estos \u00faltimos a\u00f1os, una importancia cada vez mayor para el cuidado de la casa com\u00fan. Y es que el medio ambiente es un bien colectivo, patrimonio de toda la humanidad y responsabilidad de cada uno de nosotros. Una responsabilidad que solo puede ser transversal y que requiere una colaboraci\u00f3n eficaz en el seno de toda la comunidad internacional.<\/p>\n<p style=\"text-align: justify;\">Les agradezco vivamente que hayan querido celebrar el presente encuentro, que me depara la oportunidad de compartir con ustedes, siquiera brevemente, algunas reflexiones, con vistas tambi\u00e9n a los importantes acontecimientos internacionales de los pr\u00f3ximos meses: la adopci\u00f3n de los Objetivos de Desarrollo Sostenible a finales de este mes y la COP 21 de Par\u00eds.<\/p>\n<p style=\"text-align: justify;\">Quisiera tratar de tres principios. En primer lugar, el principio de solidaridad, palabra que a veces se olvida y de la que en otras ocasiones se abusa de manera est\u00e9ril. Sabemos que las personas m\u00e1s vulnerables ante la degradaci\u00f3n medioambiental son los pobres, que padecen sus consecuencias m\u00e1s graves. Solidaridad significa, pues, poner en juego instrumentos eficaces, capaces de unir la lucha contra la degradaci\u00f3n medioambiental a la lucha contra la pobreza. Existen numerosas experiencias positivas en esta direcci\u00f3n. Se trata, por ejemplo, de desarrollo y transferencia de tecnolog\u00edas adecuadas, capaces de emplear de forma \u00f3ptima recursos humanos, naturales, socioecon\u00f3micos, mayormente accesibles en el \u00e1mbito local, con vistas a garantizar su sostenibilidad incluso a largo plazo.<\/p>\n<p style=\"text-align: justify;\">En segundo lugar, el principio de justicia. En la Enc\u00edclica Laudato si\u2019 he hablado de \u00abdeuda ecol\u00f3gica\u00bb, sobre todo entre Norte y Sur, vinculada a desequilibrios comerciales que entra\u00f1an consecuencias en el \u00e1mbito ecol\u00f3gico y tambi\u00e9n al uso desproporcionado de los recursos naturales que algunos pa\u00edses han hecho a lo largo de la historia. Debemos honrar esta deuda. Tales pa\u00edses est\u00e1n llamados a brindar su aportaci\u00f3n, a resarcir esa deuda dando buen ejemplo; limitando de manera significativa el consumo de energ\u00eda no renovable; aportando recursos a los pa\u00edses m\u00e1s necesitados para promover pol\u00edticas y programas de desarrollo sostenible; adoptando sistemas de gesti\u00f3n adecuada de los bosques, del transporte, de los residuos; afrontando con seriedad el grave problema del despilfarro de comida; favoreciendo un modelo circular de econom\u00eda; alentando nuevas actitudes y estilos de vida.<\/p>\n<p style=\"text-align: justify;\">En tercer lugar, el principio de participaci\u00f3n, que exige la implicaci\u00f3n de todas las partes en juego: incluso la de aquellas que a menudo se quedan al margen de los procesos de toma de decisiones. Vivimos, en efecto, un momento hist\u00f3rico muy interesante: por un lado, la ciencia y la tecnolog\u00eda ponen en nuestras manos un poder sin precedentes; por otro, una utilizaci\u00f3n correcta de este poder presupone la adopci\u00f3n de una visi\u00f3n m\u00e1s integral e integradora. Ello requiere abrir las puertas a un di\u00e1logo: di\u00e1logo inspirado en dicha visi\u00f3n, enraizada en esa ecolog\u00eda integral que es objeto de la Enc\u00edclica Laudato si\u2019. Se trata, obviamente, de un gran reto cultural, espiritual y educativo: solidaridad, justicia y participaci\u00f3n por respeto a nuestra dignidad y por respeto a la creaci\u00f3n.<\/p>\n<p style=\"text-align: justify;\">Queridos se\u00f1ores ministros: La COP 21 se acerca r\u00e1pidamente y queda a\u00fan mucho camino por recorrer para obtener un resultado capaz de aunar positivamente los numerosos est\u00edmulos que han sido brindados como contribuci\u00f3n a tan importante proceso. Los animo vivamente a intensificar su labor, junto con la de sus colegas, para que en Par\u00eds se alcance el resultado deseado. Por mi parte y por parte de la Santa Sede no ha de faltar apoyo para responder adecuadamente tanto al grito de la Tierra como al grito de los pobres. Gracias.<\/p>\n<p style=\"text-align: justify;\">\n<p align=\"justify\">(Original italiano procedente del archivo inform\u00e1tico de la Santa Sede; traducci\u00f3n de ECCLESIA)<\/p>\n<p align=\"justify\">.-<\/p>\n","protected":false},"excerpt":{"rendered":"<p>\u00a0El Papa a los ministros de Medio Ambiente de la UE: Hay que saldar la deuda ecol\u00f3gica Responder adecuadamente al grito de la Tierra y al grito de los pobres \u00a0Discurso del Papa Francisco a los ministros de Medio Ambiente de los Pa\u00edses Miembros de la Uni\u00f3n Europeo (16-9-2015) Se\u00f1oras y se\u00f1ores: \u00a1Buenos d\u00edas! Saludo &hellip; <a href=\"https:\/\/www.biblia.work\/sermones\/el-papa-francisco-se-reune-con-los-ministros-de-medio-ambiente-de-la-ue\/\" class=\"more-link\">Continuar leyendo<span class=\"screen-reader-text\"> \u00abEl Papa Francisco se re\u00fane con los ministros de Medio Ambiente de la UE\u00bb<\/span><\/a><\/p>\n","protected":false},"author":1,"featured_media":0,"comment_status":"open","ping_status":"closed","sticky":false,"template":"","format":"standard","meta":{"footnotes":""},"categories":[1],"tags":[],"class_list":["post-37020","post","type-post","status-publish","format-standard","hentry","category-general"],"_links":{"self":[{"href":"https:\/\/www.biblia.work\/sermones\/wp-json\/wp\/v2\/posts\/37020","targetHints":{"allow":["GET"]}}],"collection":[{"href":"https:\/\/www.biblia.work\/sermones\/wp-json\/wp\/v2\/posts"}],"about":[{"href":"https:\/\/www.biblia.work\/sermones\/wp-json\/wp\/v2\/types\/post"}],"author":[{"embeddable":true,"href":"https:\/\/www.biblia.work\/sermones\/wp-json\/wp\/v2\/users\/1"}],"replies":[{"embeddable":true,"href":"https:\/\/www.biblia.work\/sermones\/wp-json\/wp\/v2\/comments?post=37020"}],"version-history":[{"count":0,"href":"https:\/\/www.biblia.work\/sermones\/wp-json\/wp\/v2\/posts\/37020\/revisions"}],"wp:attachment":[{"href":"https:\/\/www.biblia.work\/sermones\/wp-json\/wp\/v2\/media?parent=37020"}],"wp:term":[{"taxonomy":"category","embeddable":true,"href":"https:\/\/www.biblia.work\/sermones\/wp-json\/wp\/v2\/categories?post=37020"},{"taxonomy":"post_tag","embeddable":true,"href":"https:\/\/www.biblia.work\/sermones\/wp-json\/wp\/v2\/tags?post=37020"}],"curies":[{"name":"wp","href":"https:\/\/api.w.org\/{rel}","templated":true}]}}