{"id":37021,"date":"2016-06-21T10:57:22","date_gmt":"2016-06-21T15:57:22","guid":{"rendered":"http:\/\/www.biblia.work\/sermones\/vigilia-de-oracion-para-jovenes-consagrados-y-consagradas-en-roma\/"},"modified":"2016-06-21T10:57:22","modified_gmt":"2016-06-21T15:57:22","slug":"vigilia-de-oracion-para-jovenes-consagrados-y-consagradas-en-roma","status":"publish","type":"post","link":"https:\/\/www.biblia.work\/sermones\/vigilia-de-oracion-para-jovenes-consagrados-y-consagradas-en-roma\/","title":{"rendered":"Vigilia de oraci\u00f3n para j\u00f3venes consagrados y consagradas en Roma"},"content":{"rendered":"<p align=\"justify\"><strong>&#8220;\u00a1Despierten al mundo!&#8221;. Vigilia de oraci\u00f3n para j\u00f3venes consagrados y consagradas<\/strong><\/p>\n<p style=\"text-align: justify;\">(RV).- En el marco del <strong>A\u00f1o de la Vida Consagrada<\/strong> tuvo lugar la tarde del martes 15 de septiembre la <strong>Vigilia de Oraci\u00f3n<\/strong>, presidida Monse\u00f1or <strong>Jos\u00e9 Rodr\u00edguez Carballo<\/strong> OFM, Arzobispo Secretario de la Congregaci\u00f3n para los Institutos de Vida Consagrada y las Sociedades de Vida Apost\u00f3lica que abre el <strong>Encuentro Mundial de J\u00f3venes Consagrados y Consagradas<\/strong> sobre el tema \u201cDespierten al mundo, Evangelio \u2013 profec\u00eda &#8211; esperanza\u201d que tendr\u00e1 lugar en Roma hasta el 19 de septiembre.<\/p>\n<p style=\"text-align: justify;\">\u00a0Este encuentro est\u00e1 dirigido a quienes est\u00e1n en el per\u00edodo que precede al noviciado, en el per\u00edodo de discernimiento y de prueba, en el tiempo de la profesi\u00f3n tempor\u00e1nea y dentro de los diez a\u00f1os de la incorporaci\u00f3n perpetua o definitiva en los institutos y congregaciones.<\/p>\n<p style=\"text-align: justify;\">\u00a0Los j\u00f3venes consagrados y consagradas se preparan para vivir una experiencia de formaci\u00f3n a trav\u00e9s de la profundizaci\u00f3n b\u00edblica, teol\u00f3gica, carism\u00e1tica y eclesiol\u00f3gica de los elementos fundamentales de la Vida consagrada, adem\u00e1s de compartir las propias realidades, los deseos y las expectativas formativas. Todo esto sin olvidar celebrar y dar testimonio de la belleza de la propia vocaci\u00f3n.<\/p>\n<p style=\"text-align: justify;\">\u00a0La vigila ser\u00e1 animada por la Comunidad de los hermanos de Taiz\u00e9, y entre las actividades de los pr\u00f3ximos d\u00edas, se prev\u00e9 el encuentro este jueves a mediod\u00eda con el Papa Francisco en el Aula Pablo VI del Vaticano.<\/p>\n<p style=\"text-align: justify;\">\u00a0El encuentro concluir\u00e1 el s\u00e1bado 19 con la celebraci\u00f3n eucar\u00edstica en la Bas\u00edlica de San Pedro.<\/p>\n<p style=\"text-align: justify;\">\u00a0(GM &#8211; RV)<\/p>\n<p style=\"text-align: justify;\">(from Vatican Radio)<\/p>\n","protected":false},"excerpt":{"rendered":"<p>&#8220;\u00a1Despierten al mundo!&#8221;. Vigilia de oraci\u00f3n para j\u00f3venes consagrados y consagradas (RV).- En el marco del A\u00f1o de la Vida Consagrada tuvo lugar la tarde del martes 15 de septiembre la Vigilia de Oraci\u00f3n, presidida Monse\u00f1or Jos\u00e9 Rodr\u00edguez Carballo OFM, Arzobispo Secretario de la Congregaci\u00f3n para los Institutos de Vida Consagrada y las Sociedades de &hellip; <a href=\"https:\/\/www.biblia.work\/sermones\/vigilia-de-oracion-para-jovenes-consagrados-y-consagradas-en-roma\/\" class=\"more-link\">Continuar leyendo<span class=\"screen-reader-text\"> \u00abVigilia de oraci\u00f3n para j\u00f3venes consagrados y consagradas en Roma\u00bb<\/span><\/a><\/p>\n","protected":false},"author":1,"featured_media":0,"comment_status":"open","ping_status":"closed","sticky":false,"template":"","format":"standard","meta":{"footnotes":""},"categories":[1],"tags":[],"class_list":["post-37021","post","type-post","status-publish","format-standard","hentry","category-general"],"_links":{"self":[{"href":"https:\/\/www.biblia.work\/sermones\/wp-json\/wp\/v2\/posts\/37021","targetHints":{"allow":["GET"]}}],"collection":[{"href":"https:\/\/www.biblia.work\/sermones\/wp-json\/wp\/v2\/posts"}],"about":[{"href":"https:\/\/www.biblia.work\/sermones\/wp-json\/wp\/v2\/types\/post"}],"author":[{"embeddable":true,"href":"https:\/\/www.biblia.work\/sermones\/wp-json\/wp\/v2\/users\/1"}],"replies":[{"embeddable":true,"href":"https:\/\/www.biblia.work\/sermones\/wp-json\/wp\/v2\/comments?post=37021"}],"version-history":[{"count":0,"href":"https:\/\/www.biblia.work\/sermones\/wp-json\/wp\/v2\/posts\/37021\/revisions"}],"wp:attachment":[{"href":"https:\/\/www.biblia.work\/sermones\/wp-json\/wp\/v2\/media?parent=37021"}],"wp:term":[{"taxonomy":"category","embeddable":true,"href":"https:\/\/www.biblia.work\/sermones\/wp-json\/wp\/v2\/categories?post=37021"},{"taxonomy":"post_tag","embeddable":true,"href":"https:\/\/www.biblia.work\/sermones\/wp-json\/wp\/v2\/tags?post=37021"}],"curies":[{"name":"wp","href":"https:\/\/api.w.org\/{rel}","templated":true}]}}