{"id":37022,"date":"2016-06-21T10:57:27","date_gmt":"2016-06-21T15:57:27","guid":{"rendered":"http:\/\/www.biblia.work\/sermones\/lista-de-los-participantes-en-la-xiv-asamblea-general-ordinaria-del-sinodo-de-los-obispos\/"},"modified":"2016-06-21T10:57:27","modified_gmt":"2016-06-21T15:57:27","slug":"lista-de-los-participantes-en-la-xiv-asamblea-general-ordinaria-del-sinodo-de-los-obispos","status":"publish","type":"post","link":"https:\/\/www.biblia.work\/sermones\/lista-de-los-participantes-en-la-xiv-asamblea-general-ordinaria-del-sinodo-de-los-obispos\/","title":{"rendered":"Lista de los participantes en la XIV Asamblea General Ordinaria del S\u00ednodo de los Obispos"},"content":{"rendered":"<p align=\"justify\"><strong>Lista de los participantes en la XIV Asamblea General Ordinaria del S\u00ednodo de los Obispos<\/strong><\/p>\n<p align=\"justify\">Sigue la lista de los participantes en la XIV Asamblea General Ordinaria del S\u00ednodo de los obispos que tendr\u00e1 lugar del 4 al 25 de octubre en el Vaticano y cuyo tema es &#8221;La vocaci\u00f3n y la misi\u00f3n de la familia en la Iglesia y en el mundo contempor\u00e1neo&#8221;.<\/p>\n<p align=\"justify\"><strong>A. LISTA DE PADRES SINODALES SEG\u00daN EL NIVEL DE PARTICIPACI\u00d3N<\/strong><\/p>\n<p align=\"justify\">I. Presidente<\/p>\n<p align=\"justify\">FRANCISCO, Sumo Pont\u00edfice<\/p>\n<p align=\"justify\">II. SECRETARIO GENERAL<\/p>\n<p align=\"justify\">Su Emcia. Revma. Cardenal Lorenzo BALDISSERI<\/p>\n<p align=\"justify\">III. PRESIDENTES DELEGADOS<\/p>\n<p align=\"justify\">Su Emcia. Revma. Cardenal Andr\u00e9 VINGT-TROIS, arzobispo de Par\u00eds (Francia)<\/p>\n<p align=\"justify\">Su Emcia. Revma. Cardenal Luis Antonio G. TAGLE, arzobispo de Manila (Filipinas)<\/p>\n<p align=\"justify\">Su Emcia. Revma Cardenal Raymundo DAMASCENO ASSIS, arzobispo de Aparecida (Brasil)<\/p>\n<p align=\"justify\">Su Emcia. Rev.ma Cardenal Wilfrid Fox NAPIER, OFM, arzobispo de Durban (Sud\u00e1frica)<\/p>\n<li>RELATOR GENERAL<\/li>\n<p align=\"justify\">Su Emcia. Revma. Cardenal P\u00e9ter ERDO, arzobispo de Esztergom-Budapest, Presidente de la Conferencia Episcopal (Hungr\u00eda), Presidente del Consejo de las Conferencias Episcopales de Europa (CCEE<\/p>\n<li>SECRETARIO ESPECIAL<\/li>\n<p align=\"justify\">Su Excia. Revma. Mons. Bruno FORTE, arzobispo de Chieti-Vasto (Italia)<\/p>\n<li>COMISI\u00d3N PARA LA INFORMACI\u00d3N<\/li>\n<p align=\"justify\">Presidente<\/p>\n<p align=\"justify\">Su Excia. Revma. Mons. arzobispo Claudio Maria CELLI,Presidente del Pontificio Consejo para las Comunicaciones Sociales (Ciudad del Vaticano).<\/p>\n<p align=\"justify\">Secretario<\/p>\n<p align=\"justify\">Rev. Padre Federico LOMBARDI, SI, Director de la Oficina de Prensa de la Santa Sede (Ciudad del Vaticano)<\/p>\n<p align=\"justify\">VII. DE LAS IGLESIAS ORIENTALES CAT\u00d3LICAS<\/p>\n<p align=\"justify\">S\u00ednodo de la Iglesia Copta Cat\u00f3lica<\/p>\n<p align=\"justify\">ex officio<\/p>\n<p align=\"justify\">Su Beatitud Rev.ma Isaac Ibrahim SEDRAK, Patriarca de Alejandr\u00eda de los Coptos, Jefe del S\u00ednodo de la Iglesia copta cat\u00f3lica.<\/p>\n<p align=\"justify\">S\u00ednodo de la Iglesia Greco-Melquita Cat\u00f3lica<\/p>\n<p align=\"justify\">ex officio<\/p>\n<p align=\"justify\">Su Beatitud Rev.ma Gr\u00e9goire III LAHAM, BS, Patriarca de Antioqu\u00eda de los greco-melquitas, Jefe del S\u00ednodo de la Iglesia greco-melquita cat\u00f3lica.<\/p>\n<p align=\"justify\">ex electione<\/p>\n<p align=\"justify\">Su Excia. Revma. Mons.Georges BACOUNI, arzobispo de Akka, San Juan de Acre, Tolemaida de los Greco-Melquitas.<\/p>\n<p align=\"justify\">S\u00ednodo de la Iglesia Siro Cat\u00f3lica<\/p>\n<p align=\"justify\">ex officio<\/p>\n<p align=\"justify\">Su Beatitud Revma. Ignace Youssif III Rev.ma YOUNAN, Patriarca de Antioqu\u00eda de los Sirios, Jefe del S\u00ednodo de la Iglesia Siro Cat\u00f3lica .<\/p>\n<p align=\"justify\">S\u00ednodo de la Iglesia Maronita<\/p>\n<p align=\"justify\">ex officio<\/p>\n<p align=\"justify\">Su Beatitud Emcia. . Cardenal Bechara Boutros RAI, OMM, Patriarca de Antioqu\u00eda de los Maronitas, Jefe del S\u00ednodo de la Iglesia Maronita.<\/p>\n<p align=\"justify\">ex electione<\/p>\n<p align=\"justify\">Su Excia. Revma. Mons. Antoine Nabil ANDARI, obispo auxiliar y sincelo de Joubb\u00e9, Sarba y Jounieh de los Maronitas, Presidente de la Comisi\u00f3n Episcopal para la Familia y la Vida.<\/p>\n<p align=\"justify\">Su Excia. Revma. Mons. Antoine TARABAY, OLM, obispo de San Mar\u00f3n de Sydney de los Maronitas.<\/p>\n<p align=\"justify\">S\u00ednodo de la Iglesia Caldea<\/p>\n<p align=\"justify\">ex officio<\/p>\n<p align=\"justify\">Su Beatitud Rev.ma Louis Raphael I SAKO, Patriarca de Babilonia de los Caldeos, Jefe del S\u00ednodo de la Iglesia Caldea.<\/p>\n<p align=\"justify\">S\u00ednodo de la Iglesia Armenia Cat\u00f3lica Armenia<\/p>\n<p align=\"justify\">ex officio<\/p>\n<p align=\"justify\">Su Beatitud Rev.ma Gr\u00e9goire Pierre XX GHABROYAN, Patriarca de Cilicia de los Armenios, Jefe del S\u00ednodo de la Iglesia Cat\u00f3lica Armenia.<\/p>\n<p align=\"justify\">&nbsp;<\/p>\n<p align=\"justify\">S\u00ednodo de la Iglesia Greco-Cat\u00f3lica Ucraniana<\/p>\n<p align=\"justify\">ex officio<\/p>\n<p align=\"justify\">Su Beatitud Rev.ma Sviatoslav SHEVCHUK, arzobispo mayor de Kiev-Halyc, Jefe del S\u00ednodo de la Iglesia Greco-Cat\u00f3lica ucraniana.<\/p>\n<p align=\"justify\">ex electione<\/p>\n<p align=\"justify\">Su Excia. Revma. Mons. Hlib Borys Sviatoslav LONCHYNA, obispo de la Sagrada Familia de Londres de los ucranianos bizantinos.<\/p>\n<p align=\"justify\">Su Excia. Revma. Mons. Borys GUDZIAK, obispo de San Vladimir-Le-Grand de Par\u00eds de los ucranianos bizantinos.<\/p>\n<p align=\"justify\">S\u00ednodo de la Iglesia Siro-Malabar<\/p>\n<p align=\"justify\">ex officio<\/p>\n<p align=\"justify\">Su Beatitud Emcia. . Cardenal George ALENCHERRY, arzobispo mayor de Ernakulam-Angamaly de los Siro-Malabares, Presidente del S\u00ednodo de la Iglesia Siro-Malabar.<\/p>\n<p align=\"justify\">ex electione<\/p>\n<p align=\"justify\">Su Excia. Revma. Mons. Joseph KALLARANGATT, obispo de Palai de los Siro-Malabares.<\/p>\n<p align=\"justify\">Su Excia. Revma. Mons. Andrews THAZHATH, arzobispo de Trichur de los Siro-malabares.<\/p>\n<p align=\"justify\">S\u00ednodo de la Iglesia Siro-Malankar<\/p>\n<p align=\"justify\">ex officio<\/p>\n<p align=\"justify\">Su Beatitud Emcia. Cardenal Baselios Cleemis THOTTUNKAL, arzobispo mayor de Trivandrum de los Siro-Malankares, Jefe del S\u00ednodo de la Iglesia siro-malankar.<\/p>\n<p align=\"justify\">S\u00ednodo de la Iglesia Rumana<\/p>\n<p align=\"justify\">ex designatione<\/p>\n<p align=\"justify\">Su Excia. Revma. Mons. Mihai C?t?lin FR??IL?, obispo de San Basilio Magno de Bucarest de los rumanos.<\/p>\n<p align=\"justify\">Consejo de la Iglesia Et\u00edope<\/p>\n<p align=\"justify\">ex officio<\/p>\n<p align=\"justify\">Su Emcia. Rev.ma Cardenal Berhaneyesus Demerew SOURAPHIEL, CM, Presidente de la Conferencia Episcopal, arzobispo metropolitano de Addis Abeba, Presidente del Consejo de la Iglesia et\u00edope.<\/p>\n<p align=\"justify\">Consejo de la Iglesia Rutenia, EE.UU.<\/p>\n<p align=\"justify\">ex officio<\/p>\n<p align=\"justify\">&nbsp;<\/p>\n<p align=\"justify\">Su Excia. Revma. Mons. William Charles SKURLA, arzobispo Metropolitano de Pittsburgh de los Bizantinos, Presidente del Consejo de la Iglesia Rutenia.<\/p>\n<p align=\"justify\">&nbsp;<\/p>\n<p align=\"justify\">Consejo de la Iglesia Eslovaca<\/p>\n<p align=\"justify\">&nbsp;<\/p>\n<p align=\"justify\">ex officio<\/p>\n<p align=\"justify\">&nbsp;<\/p>\n<p align=\"justify\">Su Excia. Revma. Mons. J\u00e1n BABJAK, SI, arzobispo Metropolitano de Presov para los cat\u00f3licos de rito bizantino, Presidente del Consejo de la Iglesia Eslovaca.<\/p>\n<p align=\"justify\">&nbsp;<\/p>\n<p align=\"justify\">Consejo de la Iglesia Eritrea<\/p>\n<p align=\"justify\">&nbsp;<\/p>\n<p align=\"justify\">ex officio<\/p>\n<p align=\"justify\">&nbsp;<\/p>\n<p align=\"justify\">Su Excia. Revma. Mons. Menghesteab TESFAMARIAN MCCJ, arzobispo Metropolitano de Asmara, Presidente del Consejo de la Iglesia Eritrea.<\/p>\n<p align=\"justify\">&nbsp;<\/p>\n<p align=\"justify\">Consejo de la Iglesia H\u00fangara<\/p>\n<p align=\"justify\">&nbsp;<\/p>\n<p align=\"justify\">ex officio<\/p>\n<p align=\"justify\">&nbsp;<\/p>\n<p align=\"justify\">Su Excia. Revma. Mons. F\u00fcl\u00f6p KOCSIS, arzobispo Metropolitano de Hajd\u00fadorog para los cat\u00f3licos de rito bizantino, Presidente del Consejo de la Iglesia H\u00fangara.<\/p>\n<p align=\"justify\">&nbsp;<\/p>\n<p align=\"justify\">VIII. ELEGIDOS POR LAS CONFERENCIAS EPISCOPALES<\/p>\n<p align=\"justify\">&nbsp;<\/p>\n<p align=\"justify\">\u00c1FRICA<\/p>\n<p align=\"justify\">\u00c1FRICA DEL NORTE (C.E.R.N.A.)<\/p>\n<p align=\"justify\">&nbsp;<\/p>\n<p align=\"justify\">Su Ex.cia Rev.ma Mons. Jean-Paul VESCO, OP, obispo de Or\u00e1n (Argelia)<\/p>\n<p align=\"justify\">&nbsp;<\/p>\n<p align=\"justify\">ANGOLA Y SANTO TOM\u00c9<\/p>\n<p align=\"justify\">&nbsp;<\/p>\n<p align=\"justify\">Su Excia. Revma. Mons. Emilio SUMBELELO, obispo de U\u00edje (Angola)<\/p>\n<p align=\"justify\">&nbsp;<\/p>\n<p align=\"justify\">BENIN<\/p>\n<p align=\"justify\">&nbsp;<\/p>\n<p align=\"justify\">Su Excia. Revma. Mons. Eugene Cyrille HOUND\u00c9KON, obispo de Abomey, VicePresidente de la Conferencia Episcopal<\/p>\n<p align=\"justify\">&nbsp;<\/p>\n<p align=\"justify\">BOTSWANA, SUD\u00c1FRICA Y SWAZILANDIA<\/p>\n<p align=\"justify\">&nbsp;<\/p>\n<p align=\"justify\">Su Excia. Revma. Mons. Stephen BRISLIN, arzobispo de Ciudad del Cabo, Kaapstad, Presidente de la Conferencia Episcopal (Sud\u00e1frica)<\/p>\n<p align=\"justify\">&nbsp;<\/p>\n<p align=\"justify\">Su Excia. Revma. Mons. Peter Zolile MPAMBANI, SCI, obispo de Kokstad (Sud\u00e1frica)<\/p>\n<p align=\"justify\">&nbsp;<\/p>\n<p align=\"justify\">BURKINA FASO Y N\u00cdGER<\/p>\n<p align=\"justify\">&nbsp;<\/p>\n<p align=\"justify\">Su Excia. Revma. Mons. Joseph SAMA, obispo de Nouna (Burkina Faso)<\/p>\n<p align=\"justify\">&nbsp;<\/p>\n<p align=\"justify\">BURUNDI<\/p>\n<p align=\"justify\">&nbsp;<\/p>\n<p align=\"justify\">Su Excia. Revma. Mons. Gervais BANSHIMIYUBUSA, obispo de Ngozi, Presidente de la Conferencia Episcopal<\/p>\n<p align=\"justify\">&nbsp;<\/p>\n<p align=\"justify\">CAMER\u00daN<\/p>\n<p align=\"justify\">&nbsp;<\/p>\n<p align=\"justify\">Su Excia. Revma. Mons. Joseph ATANGA, SI, arzobispo de Bertoua<\/p>\n<p align=\"justify\">&nbsp;<\/p>\n<p align=\"justify\">Su Excia. Revma. Mons. Samuel KLEDA, arzobispo de Douala, Presidente de la Conferencia Episcopal<\/p>\n<p align=\"justify\">&nbsp;<\/p>\n<p align=\"justify\">CONGO (Rep. del)<\/p>\n<p align=\"justify\">&nbsp;<\/p>\n<p align=\"justify\">Su Excia. Revma. Mons. Urbain NGASSONGO, obispo de Gamboma, Presidente de la Comisi\u00f3n Episcopal de Pastoral Familiar<\/p>\n<p align=\"justify\">&nbsp;<\/p>\n<p align=\"justify\">CONGO (Rep. Democr\u00e1tica del)<\/p>\n<p align=\"justify\">&nbsp;<\/p>\n<p align=\"justify\">Su Excia. Revma. Mons. Nicolas Djomo LOLA, obispo de Tshumbe<\/p>\n<p align=\"justify\">&nbsp;<\/p>\n<p align=\"justify\">Su Excia. Revma. Mons. Philibert TEMBO Nlandu, CICM, obispo de Budjala<\/p>\n<p align=\"justify\">&nbsp;<\/p>\n<p align=\"justify\">COSTA DE MARFIL<\/p>\n<p align=\"justify\">&nbsp;<\/p>\n<p align=\"justify\">Su Excia. Revma. Mons. Ignace BESSI DOGBO, obispo de Katiola, Presidente de la Comisi\u00f3n Episcopal Nacional del Apostolado de los laicos<\/p>\n<p align=\"justify\">&nbsp;<\/p>\n<p align=\"justify\">CHAD<\/p>\n<p align=\"justify\">&nbsp;<\/p>\n<p align=\"justify\">Su Excia. Revma. Mons. Henri COUDRAY, SI, Vicario Apost\u00f3lico de Mongo<\/p>\n<p align=\"justify\">&nbsp;<\/p>\n<p align=\"justify\">ETIOP\u00cdA Y ERITREA<\/p>\n<p align=\"justify\">&nbsp;<\/p>\n<p align=\"justify\">Su Excia. Revma. Mons. Tsegaye Keneni DERARA, Vicario Apost\u00f3lico de Soddo (Etiop\u00eda)<\/p>\n<p align=\"justify\">&nbsp;<\/p>\n<p align=\"justify\">GAB\u00d3N<\/p>\n<p align=\"justify\">&nbsp;<\/p>\n<p align=\"justify\">Su Excia. Revma. Mons. Mathieu MADEGA LEBOUAKEHAN, obispo de Mouila, Presidente de la Conferencia Episcopal<\/p>\n<p align=\"justify\">&nbsp;<\/p>\n<p align=\"justify\">GAMBIA Y SIERRA LEONA<\/p>\n<p align=\"justify\">&nbsp;<\/p>\n<p align=\"justify\">Su Excia. Revma. Mons. Charles Allieu Mateo CAMPBELL, obispo de Bo (Sierra Leona)<\/p>\n<p align=\"justify\">&nbsp;<\/p>\n<p align=\"justify\">GHANA<\/p>\n<p align=\"justify\">&nbsp;<\/p>\n<p align=\"justify\">Su Excia. Revma. Mons. Gabriel Charles PALMER-BUCKLE, arzobispo de Accra<\/p>\n<p align=\"justify\">&nbsp;<\/p>\n<p align=\"justify\">GUINEA<\/p>\n<p align=\"justify\">&nbsp;<\/p>\n<p align=\"justify\">Su Excia. Revma. Mons. Rapha\u00ebl Balla GUILAVOGUI, obispo de N&#8217;Z\u00e9r\u00e9kor\u00e9<\/p>\n<p align=\"justify\">&nbsp;<\/p>\n<p align=\"justify\">GUINEA ECUATORIAL<\/p>\n<p align=\"justify\">&nbsp;<\/p>\n<p align=\"justify\">Su Excia. Revma. Mons. Juan Matogo OYANA, CMF, obispo de Bata<\/p>\n<p align=\"justify\">&nbsp;<\/p>\n<p align=\"justify\">KENIA<\/p>\n<p align=\"justify\">&nbsp;<\/p>\n<p align=\"justify\">Su Emcia. Revma. Cardenal John NJUE, arzobispo de Nairobi<\/p>\n<p align=\"justify\">&nbsp;<\/p>\n<p align=\"justify\">Su Excia. Revma. Mons. James Mar\u00eda WAINAINA KUNGU, obispo de Muranga<\/p>\n<p align=\"justify\">&nbsp;<\/p>\n<p align=\"justify\">LESOTHO<\/p>\n<p align=\"justify\">&nbsp;<\/p>\n<p align=\"justify\">Su Excia. Revma. Mons. Gerard Tlali LEROTHOLI, OMI, arzobispo de Maseru, Presidente de la Conferencia Episcopal<\/p>\n<p align=\"justify\">&nbsp;<\/p>\n<p align=\"justify\">LIBERIA<\/p>\n<p align=\"justify\">&nbsp;<\/p>\n<p align=\"justify\">Su Excia. Revma. Mons. Anthony Fallah BORWAH, obispo de Gbarnga<\/p>\n<p align=\"justify\">&nbsp;<\/p>\n<p align=\"justify\">MADAGASCAR<\/p>\n<p align=\"justify\">&nbsp;<\/p>\n<p align=\"justify\">Su Excia. Revma. Mons. D\u00e9sir\u00e9 TSARAHAZANA, obispo de Toamasina, Presidente de la Conferencia Episcopal<\/p>\n<p align=\"justify\">&nbsp;<\/p>\n<p align=\"justify\">MALAWI<\/p>\n<p align=\"justify\">&nbsp;<\/p>\n<p align=\"justify\">Su Excia. Revma. Mons. Thomas Lucas MSUSA, SMM, arzobispo de Blantyre, Presidente de la Conferencia Episcopal<\/p>\n<p align=\"justify\">&nbsp;<\/p>\n<p align=\"justify\">MALI<\/p>\n<p align=\"justify\">&nbsp;<\/p>\n<p align=\"justify\">Su Excia. Revma. Mons. Jonas DEMBELE, obispo de Kayes<\/p>\n<p align=\"justify\">&nbsp;<\/p>\n<p align=\"justify\">MOZAMBIQUE<\/p>\n<p align=\"justify\">&nbsp;<\/p>\n<p align=\"justify\">Su Excia. Revma. Mons. Francisco CHIMOIO, O.F.M. Cap., arzobispo de Maputo, Presidente de la Comisi\u00f3n Episcopal para la Familia<\/p>\n<p align=\"justify\">&nbsp;<\/p>\n<p align=\"justify\">NAMIBIA<\/p>\n<p align=\"justify\">&nbsp;<\/p>\n<p align=\"justify\">Su Excia. Revma. Mons. Philipp POLLITZER, OMI, obispo de Keetmanshoop<\/p>\n<p align=\"justify\">&nbsp;<\/p>\n<p align=\"justify\">NIGERIA<\/p>\n<p align=\"justify\">&nbsp;<\/p>\n<p align=\"justify\">Su Excia. Revma. Mons. Mateo Man-oso NDAGOSO, arzobispo de Kaduna<\/p>\n<p align=\"justify\">&nbsp;<\/p>\n<p align=\"justify\">Su Excia. Revma. Mons. Camilo Raymond UMOH, obispo de Ikot Ekpene<\/p>\n<p align=\"justify\">&nbsp;<\/p>\n<p align=\"justify\">Su Excia. Revma. Mons. Jude Ayodeji AROGUNDADE, obispo de Ondo<\/p>\n<p align=\"justify\">&nbsp;<\/p>\n<p align=\"justify\">OC\u00c9ANO \u00cdNDICO (C.E.D.O.I.)<\/p>\n<p align=\"justify\">&nbsp;<\/p>\n<p align=\"justify\">Su Excia. Revma. Mons. Maurice PIAT CSSp., obispo de Port-Louis (Mauricio), Presidente de la Conferencia Episcopal<\/p>\n<p align=\"justify\">&nbsp;<\/p>\n<p align=\"justify\">REP\u00daBLICA CENTROAFRICANA<\/p>\n<p align=\"justify\">&nbsp;<\/p>\n<p align=\"justify\">Su Excia. Revma. Mons. N\u00e9stor YAPAUPA-Cyr, obispo de Alindao<\/p>\n<p align=\"justify\">&nbsp;<\/p>\n<p align=\"justify\">RUANDA<\/p>\n<p align=\"justify\">&nbsp;<\/p>\n<p align=\"justify\">Su Excia. Revma. Mons. Antoine KAMBANDA, obispo de Kibungo<\/p>\n<p align=\"justify\">&nbsp;<\/p>\n<p align=\"justify\">SENEGAL, MAURITANIA, CABO VERDE Y GUINEA-BISSAU<\/p>\n<p align=\"justify\">&nbsp;<\/p>\n<p align=\"justify\">Su Excia. Revma. Mons. Benjamin NDIAYE, arzobispo de Dakar (Senegal), Presidente de la Conferencia Episcopal<\/p>\n<p align=\"justify\">&nbsp;<\/p>\n<p align=\"justify\">SUD\u00c1N<\/p>\n<p align=\"justify\">&nbsp;<\/p>\n<p align=\"justify\">Su Excia. Revma. Mons. Paulino LUKUDU LORO MCCJ, arzobispo de Juba<\/p>\n<p align=\"justify\">&nbsp;<\/p>\n<p align=\"justify\">TANZANIA<\/p>\n<p align=\"justify\">&nbsp;<\/p>\n<p align=\"justify\">Su Excia. Revma. Mons. Tarcisio JM NGALALEKUMTWA, obispo de Iringa, Presidente de la Conferencia Episcopal<\/p>\n<p align=\"justify\">&nbsp;<\/p>\n<p align=\"justify\">Su Excia. Revma. Mons. Renato Leonard NKWANDE, obispo de Bunda<\/p>\n<p align=\"justify\">&nbsp;<\/p>\n<p align=\"justify\">TOGO<\/p>\n<p align=\"justify\">&nbsp;<\/p>\n<p align=\"justify\">Su Excia. Revma. Mons. Jacques Danka LONGA, obispo de Kara<\/p>\n<p align=\"justify\">&nbsp;<\/p>\n<p align=\"justify\">UGANDA<\/p>\n<p align=\"justify\">&nbsp;<\/p>\n<p align=\"justify\">Su Excia. Revma. Mons. John Baptist ODAMA, arzobispo de Gulu, Presidente de la Conferencia Episcopal<\/p>\n<p align=\"justify\">&nbsp;<\/p>\n<p align=\"justify\">Su Excia. Revma.Mons. Joseph Anthony ZZIWA, obispo de Kiyinda-Mityana, VicePresidente de la Conferencia Episcopal<\/p>\n<p align=\"justify\">&nbsp;<\/p>\n<p align=\"justify\">ZAMBIA<\/p>\n<p align=\"justify\">&nbsp;<\/p>\n<p align=\"justify\">Su Excia. Revma. Mons. Benjamin PHIRI, obispo auxiliar de Chipata<\/p>\n<p align=\"justify\">&nbsp;<\/p>\n<p align=\"justify\">ZIMBABWE<\/p>\n<p align=\"justify\">&nbsp;<\/p>\n<p align=\"justify\">Su Excia. Revma. Mons. Xavier Johnsai MUNYONGANI, obispo de Gweru<\/p>\n<p align=\"justify\">&nbsp;<\/p>\n<p align=\"justify\">AMERICA<\/p>\n<p align=\"justify\">&nbsp;<\/p>\n<p align=\"justify\">ANTILLAS<\/p>\n<p align=\"justify\">&nbsp;<\/p>\n<p align=\"justify\">Su Excia. Revma. Mons. Francis ALLEYNE OSB, obispo de Georgetown<\/p>\n<p align=\"justify\">&nbsp;<\/p>\n<p align=\"justify\">ARGENTINA<\/p>\n<p align=\"justify\">&nbsp;<\/p>\n<p align=\"justify\">Su Excia. Revma. Mons. Pedro Mar\u00eda LAXAGUE, obispo auxiliar de Bah\u00eda Blanca, Presidente de la Comisi\u00f3n Episcopal de Familia y Laicos<\/p>\n<p align=\"justify\">&nbsp;<\/p>\n<p align=\"justify\">Su Excia. Revma. Mons. Jos\u00e9 Mar\u00eda ARANCEDO, arzobispo de Santa Fe de la Vera Cruz, Presidente de la Conferencia Episcopal<\/p>\n<p align=\"justify\">&nbsp;<\/p>\n<p align=\"justify\">Su Emcia. Revma. Cardenal Mario Aurelio POLOS, arzobispo de Buenos Aires<\/p>\n<p align=\"justify\">&nbsp;<\/p>\n<p align=\"justify\">BOLIVIA<\/p>\n<p align=\"justify\">&nbsp;<\/p>\n<p align=\"justify\">Su Excia. Revma. Mons. Braulio S\u00c1EZ GARC\u00cdA, OCD, obispo auxiliar de Santa Cruz de la Sierra<\/p>\n<p align=\"justify\">&nbsp;<\/p>\n<p align=\"justify\">Su Excia. Revma. Mons. Krzysztof Janusz BIALASIK WAWROWSKA, SVD, obispo de Oruro<\/p>\n<p align=\"justify\">&nbsp;<\/p>\n<p align=\"justify\">BRASIL<\/p>\n<p align=\"justify\">&nbsp;<\/p>\n<p align=\"justify\">Su Excia. Revma. Mons. S\u00e9rgio DA ROCHA, arzobispo de Brasilia, Presidente de la Conferencia Episcopal<\/p>\n<p align=\"justify\">&nbsp;<\/p>\n<p align=\"justify\">Su Excia. Revma. Mons. Jo\u00e3o Carlos PETRINI, obispo de Cama\u00e7ari<\/p>\n<p align=\"justify\">&nbsp;<\/p>\n<p align=\"justify\">Su Excia. Revma. Mons. Geraldo LYRIO ROCHA, arzobispo de Mariana<\/p>\n<p align=\"justify\">&nbsp;<\/p>\n<p align=\"justify\">Su Emcia. Rev.ma Cardenal Odilo Pedro SCHERER, arzobispo de S\u00e3o Paulo<\/p>\n<p align=\"justify\">&nbsp;<\/p>\n<p align=\"justify\">CANAD\u00c1<\/p>\n<p align=\"justify\">&nbsp;<\/p>\n<p align=\"justify\">Su Excia. Revma. Mons. Paul-Andr\u00e9 DUROCHER, arzobispo de Gatineau, Presidente de la Conferencia Episcopal<\/p>\n<p align=\"justify\">&nbsp;<\/p>\n<p align=\"justify\">Su Excia. Revma. Mons. No\u00ebl SIMARD, obispo de Valleyfield<\/p>\n<p align=\"justify\">&nbsp;<\/p>\n<p align=\"justify\">Su Emcia. Revma. Cardenal Thomas Christopher COLLINS, arzobispo de Toronto<\/p>\n<p align=\"justify\">&nbsp;<\/p>\n<p align=\"justify\">Su Excia. Revma. Mons. Richard William SMITH, arzobispo de Edmonton<\/p>\n<p align=\"justify\">&nbsp;<\/p>\n<p align=\"justify\">COLOMBIA<\/p>\n<p align=\"justify\">&nbsp;<\/p>\n<p align=\"justify\">Su Excia. Revma. Mons. Pablo Emir SALAS ANTELIZ, obispo de Armenia<\/p>\n<p align=\"justify\">&nbsp;<\/p>\n<p align=\"justify\">Su Emcia. Rev.ma Cardenal Rub\u00e9n SALAZAR G\u00d3MEZ, arzobispo de Bogot\u00e1, Presidente del Consejo Episcopal Latinoamericano (CELAM).<\/p>\n<p align=\"justify\">&nbsp;<\/p>\n<p align=\"justify\">Su Excia. Revma. Mons. \u00d3scar URBINA ORTEGA, arzobispo de Villavicencio<\/p>\n<p align=\"justify\">&nbsp;<\/p>\n<p align=\"justify\">COSTA RICA<\/p>\n<p align=\"justify\">&nbsp;<\/p>\n<p align=\"justify\">Su Excia. Revma. Mons. Jos\u00e9 Francisco ULLOA ROJAS, obispo de Cartago, Presidente de la Comisi\u00f3n Episcopal para la Pastoral Familiar<\/p>\n<p align=\"justify\">&nbsp;<\/p>\n<p align=\"justify\">CUBA<\/p>\n<p align=\"justify\">&nbsp;<\/p>\n<p align=\"justify\">Su Excia. Revma. Mons. Marcelo Arturo GONZALEZ AMADOR, obispo de Santa Clara<\/p>\n<p align=\"justify\">&nbsp;<\/p>\n<p align=\"justify\">CHILE<\/p>\n<p align=\"justify\">&nbsp;<\/p>\n<p align=\"justify\">Su Excia. Revma. Mons. Bernardo Miguel BASTRES FLORENCE, SDB, obispo de Punta Arenas<\/p>\n<p align=\"justify\">&nbsp;<\/p>\n<p align=\"justify\">Su Emcia. Rev.ma Card. Ricardo EZZATI ANDRELLO, SDB, arzobispo de Santiago de Chile, Presidente de la Conferencia Episcopal<\/p>\n<p align=\"justify\">&nbsp;<\/p>\n<p align=\"justify\">ECUADOR<\/p>\n<p align=\"justify\">&nbsp;<\/p>\n<p align=\"justify\">Su Excia. Revma. Mons. Antonio ARREGUI YARZA, arzobispo de Guayaquil<\/p>\n<p align=\"justify\">&nbsp;<\/p>\n<p align=\"justify\">Su Excia. Revma. Mons. Luis Gerardo CABRERA HERRERA, OFM, arzobispo de Cuenca<\/p>\n<p align=\"justify\">&nbsp;<\/p>\n<p align=\"justify\">EL SALVADOR<\/p>\n<p align=\"justify\">&nbsp;<\/p>\n<p align=\"justify\">Su Excia. Revma. Mons. Constantino BARRERA MORALES, obispo de Sonsonate<\/p>\n<p align=\"justify\">&nbsp;<\/p>\n<p align=\"justify\">ESTADOS UNIDOS DE AMERICA<\/p>\n<p align=\"justify\">&nbsp;<\/p>\n<p align=\"justify\">Su Excia. Revma. Mons. Joseph Edward KURTZ, arzobispo de Louisville, Presidente de la Conferencia Episcopal<\/p>\n<p align=\"justify\">&nbsp;<\/p>\n<p align=\"justify\">Su Excia. Revma. Mons. Charles J. CHAPUT, OFM Cap., arzobispo de Filadelfia<\/p>\n<p align=\"justify\">&nbsp;<\/p>\n<p align=\"justify\">Su Emcia. Revma. Cardenal Daniel N. DI NARDO, arzobispo de Galveston-Houston, vicePresidente de la Conferencia Episcopal<\/p>\n<p align=\"justify\">&nbsp;<\/p>\n<p align=\"justify\">Su Excia. Revma. Mons. Jos\u00e9 Horacio G\u00d3MEZ, arzobispo de Los \u00c1ngeles<\/p>\n<p align=\"justify\">&nbsp;<\/p>\n<p align=\"justify\">GUATEMALA<\/p>\n<p align=\"justify\">&nbsp;<\/p>\n<p align=\"justify\">Su Excia. Revma. Mons. Rodolfo VALENZUELA N\u00da\u00d1EZ, obispo de Vera Paz, Cob\u00e1n, Presidente de la Conferencia Episcopal<\/p>\n<p align=\"justify\">&nbsp;<\/p>\n<p align=\"justify\">HAIT\u00cd<\/p>\n<p align=\"justify\">&nbsp;<\/p>\n<p align=\"justify\">Su Excia. Revma. Mons. Yves-Marie P\u00c9AN, CSC, obispo de Gona\u00efves<\/p>\n<p align=\"justify\">&nbsp;<\/p>\n<p align=\"justify\">HONDURAS<\/p>\n<p align=\"justify\">&nbsp;<\/p>\n<p align=\"justify\">Su Excia. Revma. Mons. Luis SOL\u00c9 FA, CM, obispo de Trujillo<\/p>\n<p align=\"justify\">&nbsp;<\/p>\n<p align=\"justify\">MEXICO<\/p>\n<p align=\"justify\">&nbsp;<\/p>\n<p align=\"justify\">Su Excia. Revma. Mons. Rodrigo AGUILAR, MARTINEZ obispo de Tehuac\u00e1n<\/p>\n<p align=\"justify\">&nbsp;<\/p>\n<p align=\"justify\">Su Emcia. Rev.ma Cardenal Norberto RIVERA CARRERA, arzobispo de M\u00e9xico<\/p>\n<p align=\"justify\">&nbsp;<\/p>\n<p align=\"justify\">Su Excia. Revma. Mons. Gerardo Alfonso MIRANDA GUARDIOLA, obispo auxiliar de Monterrey<\/p>\n<p align=\"justify\">&nbsp;<\/p>\n<p align=\"justify\">Su Emcia. Rev.ma Cardenal Francisco ROBLES ORTEGA, arzobispo de Guadalajara, Presidente de la Conferencia Episcopal<\/p>\n<p align=\"justify\">&nbsp;<\/p>\n<p align=\"justify\">NICARAGUA<\/p>\n<p align=\"justify\">&nbsp;<\/p>\n<p align=\"justify\">Su Excia. Revma. Mons. C\u00e9sar Bosco VIVAS ROBELO, obispo de Le\u00f3n en Nicaragua<\/p>\n<p align=\"justify\">&nbsp;<\/p>\n<p align=\"justify\">PANAM\u00c1<\/p>\n<p align=\"justify\">&nbsp;<\/p>\n<p align=\"justify\">Su Excia. Revma. Mons. An\u00edbal SALDA\u00d1A SANTAMAR\u00cdA, OAR, obispo prelado de Bocas del Toro<\/p>\n<p align=\"justify\">&nbsp;<\/p>\n<p align=\"justify\">PARAGUAY<\/p>\n<p align=\"justify\">&nbsp;<\/p>\n<p align=\"justify\">Su Excia. Revma. Mons. Miguel \u00c1ngel CABELLO ALMADA, obispo de Concepci\u00f3n en Paraguay<\/p>\n<p align=\"justify\">&nbsp;<\/p>\n<p align=\"justify\">PER\u00da<\/p>\n<p align=\"justify\">&nbsp;<\/p>\n<p align=\"justify\">Su Excia. Revma. Mons. Salvador PI\u00d1EIRO GARC\u00cdA-CALDER\u00d3N arzobispo de Ayacucho o Huamanga, Presidente de la Conferencia Episcopal<\/p>\n<p align=\"justify\">&nbsp;<\/p>\n<p align=\"justify\">Su Excia. Revma. Mons. H\u00e9ctor Miguel CABREJOS VIDARTE, OFM, arzobispo de Trujillo<\/p>\n<p align=\"justify\">&nbsp;<\/p>\n<p align=\"justify\">PUERTO RICO<\/p>\n<p align=\"justify\">&nbsp;<\/p>\n<p align=\"justify\">Su Excia. Revma. Mons. Roberto GONZ\u00c1LEZ NIEVES, OFM, arzobispo de San Juan de Puerto Rico, Presidente de la Conferencia Episcopal<\/p>\n<p align=\"justify\">&nbsp;<\/p>\n<p align=\"justify\">REP\u00daBLICA DOMINICANA<\/p>\n<p align=\"justify\">&nbsp;<\/p>\n<p align=\"justify\">Su Excia. Revma. Mons. Gregorio Nicanor PE\u00d1A RODR\u00cdGUEZ, obispo de Nuestra Se\u00f1ora de la Altagracia en Hig\u00fcey, Presidente de la Conferencia Episcopal<\/p>\n<p align=\"justify\">&nbsp;<\/p>\n<p align=\"justify\">URUGUAY<\/p>\n<p align=\"justify\">&nbsp;<\/p>\n<p align=\"justify\">Su Excia. Revma. Mons. Jaime Rafael FUENTES MARTIN, obispo de Minas<\/p>\n<p align=\"justify\">&nbsp;<\/p>\n<p align=\"justify\">VENEZUELA<\/p>\n<p align=\"justify\">&nbsp;<\/p>\n<p align=\"justify\">Su Emcia. Revma. Cardenal Jorge UROSA, SAVINO arzobispo de Caracas, Santiago de Venezuela<\/p>\n<p align=\"justify\">&nbsp;<\/p>\n<p align=\"justify\">Su Excia. Revma. Mons. Diego Rafael PADR\u00d3N S\u00c1NCHEZ, arzobispo de Cuman\u00e1, Presidente de la Conferencia Episcopal<\/p>\n<p align=\"justify\">&nbsp;<\/p>\n<p align=\"justify\">ASIA<\/p>\n<p align=\"justify\">&nbsp;<\/p>\n<p align=\"justify\">BANGLADESH<\/p>\n<p align=\"justify\">&nbsp;<\/p>\n<p align=\"justify\">Su Excia. Revma. Mons. Paul Ponen KUBI, CSC, obispo de Mymensingh, Presidente de la Comisi\u00f3n Episcopal para la Vida Familiar<\/p>\n<p align=\"justify\">&nbsp;<\/p>\n<p align=\"justify\">CAMBOYA Y LAOS<\/p>\n<p align=\"justify\">&nbsp;<\/p>\n<p align=\"justify\">Su Excia. Revma. Mons. Louis-Marie Ling MANGKHANEKHOUN, Vicario Apost\u00f3lico de Pakse (Laos)<\/p>\n<p align=\"justify\">&nbsp;<\/p>\n<p align=\"justify\">CHINA<\/p>\n<p align=\"justify\">&nbsp;<\/p>\n<p align=\"justify\">Su Excia. Revma. Mons. Juan Bautista LEE KEH-Mien, obispo de Hsinchu<\/p>\n<p align=\"justify\">&nbsp;<\/p>\n<p align=\"justify\">COREA<\/p>\n<p align=\"justify\">&nbsp;<\/p>\n<p align=\"justify\">Su Excia. Revma. Mons. Peter Kang U-IL, obispo de Cheju<\/p>\n<p align=\"justify\">&nbsp;<\/p>\n<p align=\"justify\">FILIPINAS<\/p>\n<p align=\"justify\">&nbsp;<\/p>\n<p align=\"justify\">Su Excia. Revma. Mons. R\u00f3mulo G. VALLES, arzobispo de Davao<\/p>\n<p align=\"justify\">&nbsp;<\/p>\n<p align=\"justify\">Su Excia. Revma. Mons. Jos\u00e9 S. PALM, arzobispo de Cebu<\/p>\n<p align=\"justify\">&nbsp;<\/p>\n<p align=\"justify\">Su Excia. Revma. Mons. Gilbert A. GARCERA, obispo de Daet<\/p>\n<p align=\"justify\">&nbsp;<\/p>\n<p align=\"justify\">INDIA (C.C.B.I.)<\/p>\n<p align=\"justify\">&nbsp;<\/p>\n<p align=\"justify\">Su Emcia. Revma. Cardenal Oswald GRACIAS, arzobispo de Bombay, Presidente de la Conferencia Episcopal<\/p>\n<p align=\"justify\">&nbsp;<\/p>\n<p align=\"justify\">Su Excia. Revma. Mons. Ant\u00f3nio Sebasti\u00e3o Filipe Blacks DO ROSARIO FERRAO, arzobispo de Goa y Damao<\/p>\n<p align=\"justify\">&nbsp;<\/p>\n<p align=\"justify\">Su Excia. Revma. Mons. Selvister PONNUMUTHAN, obispo de Punalur<\/p>\n<p align=\"justify\">&nbsp;<\/p>\n<p align=\"justify\">Su Excia. Revma. Mons. Dominic JALA, SDB, arzobispo de Shillong<\/p>\n<p align=\"justify\">&nbsp;<\/p>\n<p align=\"justify\">INDONESIA<\/p>\n<p align=\"justify\">&nbsp;<\/p>\n<p align=\"justify\">Su Excia. Revma. Mons. Ignacio SUHARYO HARDJOATMODJO, arzobispo de Yakarta, Presidente de la Conferencia Episcopal<\/p>\n<p align=\"justify\">&nbsp;<\/p>\n<p align=\"justify\">Su Excia. Revma. Mons. Fransiskus KOPONG KUNG, obispo de Larantuka<\/p>\n<p align=\"justify\">&nbsp;<\/p>\n<p align=\"justify\">IR\u00c1N<\/p>\n<p align=\"justify\">&nbsp;<\/p>\n<p align=\"justify\">Su Excia. Revma. Mons. Ramzi GARMOU, arzobispo de Teher\u00e1n de los Caldeos, Administrador Patriarcal de Ahwaz de los Caldeos, Presidente de la Conferencia Episcopal<\/p>\n<p align=\"justify\">&nbsp;<\/p>\n<p align=\"justify\">JAP\u00d3N<\/p>\n<p align=\"justify\">&nbsp;<\/p>\n<p align=\"justify\">Su Excia. Revma. Mons. Joseph Mitsuaki TAKAMI, PSS, arzobispo de Nagasaki, VicePresidente de la Conferencia Episcopal<\/p>\n<p align=\"justify\">&nbsp;<\/p>\n<p align=\"justify\">KAZAKIST\u00c1N<\/p>\n<p align=\"justify\">&nbsp;<\/p>\n<p align=\"justify\">Su Excia. Revma. Mons. Bernard Tomash PETA, arzobispo de Mar\u00eda Sant\u00edsima en Astana, Presidente de la Conferencia Episcopal<\/p>\n<p align=\"justify\">&nbsp;<\/p>\n<p align=\"justify\">MALASIA &#8211; SINGAPUR &#8211; BRUNEI<\/p>\n<p align=\"justify\">&nbsp;<\/p>\n<p align=\"justify\">Su Excia. Revma. Mons. John Philip SOO UAE, arzobispo de Kota Kinabalu (Malasia)<\/p>\n<p align=\"justify\">&nbsp;<\/p>\n<p align=\"justify\">MYANMAR<\/p>\n<p align=\"justify\">&nbsp;<\/p>\n<p align=\"justify\">Su Emcia. Revma. Cardenal Charles Maung BO, SDB, arzobispo de Yangon<\/p>\n<p align=\"justify\">&nbsp;<\/p>\n<p align=\"justify\">PA\u00cdSES \u00c1RABES<\/p>\n<p align=\"justify\">&nbsp;<\/p>\n<p align=\"justify\">Su Beatitud Rev.ma Fouad TWAL, Patriarca de Jerusal\u00e9n de los Latinos (Jerusal\u00e9n), Presidente de la Conferencia Episcopal<\/p>\n<p align=\"justify\">&nbsp;<\/p>\n<p align=\"justify\">PAKIST\u00c1N<\/p>\n<p align=\"justify\">&nbsp;<\/p>\n<p align=\"justify\">Su Excia. Revma. Mons. Joseph ARSHAD, obispo de Faisalabad, VicePresidente de la Conferencia Episcopal<\/p>\n<p align=\"justify\">&nbsp;<\/p>\n<p align=\"justify\">SRI LANKA<\/p>\n<p align=\"justify\">&nbsp;<\/p>\n<p align=\"justify\">Su Excia. Revma. Mons. Harold Anthony PERERA, obispo de Kurunegala<\/p>\n<p align=\"justify\">&nbsp;<\/p>\n<p align=\"justify\">TAILANDIA<\/p>\n<p align=\"justify\">&nbsp;<\/p>\n<p align=\"justify\">Su Excia. Revma. Mons. Silvio Siripong CHARATSRI, obispo de Chanthaburi<\/p>\n<p align=\"justify\">&nbsp;<\/p>\n<p align=\"justify\">TIMOR ORIENTAL<\/p>\n<p align=\"justify\">&nbsp;<\/p>\n<p align=\"justify\">Su Excia. Revma. Mons. Basilio DO NASCIMENTO, obispo de Baucau, Presidente de la Conferencia Episcopal<\/p>\n<p align=\"justify\">&nbsp;<\/p>\n<p align=\"justify\">VIETNAM<\/p>\n<p align=\"justify\">&nbsp;<\/p>\n<p align=\"justify\">Su Excia. Revma. Mons. Paul BUI VAN ??C, arzobispo de Thanh-Pho Ho Chi Minh, Ho Chi Minh Ville, Presidente de la Conferencia Episcopal<\/p>\n<p align=\"justify\">&nbsp;<\/p>\n<p align=\"justify\">Su Excia. Revma. Mons. Joseph DINH DUC ?\u00c0O, obispo Coadjutor de Xuan Loc<\/p>\n<p align=\"justify\">&nbsp;<\/p>\n<p align=\"justify\">EUROPA<\/p>\n<p align=\"justify\">&nbsp;<\/p>\n<p align=\"justify\">ALBANIA<\/p>\n<p align=\"justify\">&nbsp;<\/p>\n<p align=\"justify\">Su Excia. Revma. Mons. George FRENDO, OP, obispo auxiliar de Tirana-Durres<\/p>\n<p align=\"justify\">&nbsp;<\/p>\n<p align=\"justify\">ALEMANIA<\/p>\n<p align=\"justify\">&nbsp;<\/p>\n<p align=\"justify\">Su Emcia. Revma. Cardenal Reinhard MARX, arzobispo de Munich y Freising<\/p>\n<p align=\"justify\">&nbsp;<\/p>\n<p align=\"justify\">Su Excia. Revma. Mons. Heiner KOCH, arzobispo de Berl\u00edn<\/p>\n<p align=\"justify\">&nbsp;<\/p>\n<p align=\"justify\">Su Excia. Revma. Mons. Josepf Franz-Hermann BODE, obispo de Osnabr\u00fcck<\/p>\n<p align=\"justify\">&nbsp;<\/p>\n<p align=\"justify\">AUSTRIA<\/p>\n<p align=\"justify\">&nbsp;<\/p>\n<p align=\"justify\">Su Excia. Revma. Mons. Benno ELBS, obispo de Feldkirch<\/p>\n<p align=\"justify\">&nbsp;<\/p>\n<p align=\"justify\">B\u00c9LGICA<\/p>\n<p align=\"justify\">&nbsp;<\/p>\n<p align=\"justify\">Su Excia. Revma. Mons. Jozef Johan BONNY, obispo de Amberes<\/p>\n<p align=\"justify\">&nbsp;<\/p>\n<p align=\"justify\">BIELORRUSIA<\/p>\n<p align=\"justify\">&nbsp;<\/p>\n<p align=\"justify\">Su Excia. Revma. Mons. Tadeusz KONDRUSIEWICZ de Minsk-Mohilev, Presidente de la Conferencia Episcopal<\/p>\n<p align=\"justify\">&nbsp;<\/p>\n<p align=\"justify\">BOSNIA Y HERZEGOVINA<\/p>\n<p align=\"justify\">&nbsp;<\/p>\n<p align=\"justify\">Su Excia. Revma. Mons. Tomo VUKSIC, ordinario militar de Bosnia y Herzegovina<\/p>\n<p align=\"justify\">&nbsp;<\/p>\n<p align=\"justify\">BULGARIA<\/p>\n<p align=\"justify\">&nbsp;<\/p>\n<p align=\"justify\">Su Excia. Revma. Mons. Georghi Ivanov JOVCEV, obispo de Sof\u00eda y Plovdiv<\/p>\n<p align=\"justify\">&nbsp;<\/p>\n<p align=\"justify\">CONFERENCIA EPISCOPAL INTERNACIONAL DE LOS SANTOS CIRILO Y METODIO<\/p>\n<p align=\"justify\">&nbsp;<\/p>\n<p align=\"justify\">Su Excia. Revma. Mgr. Ladislav NEMET, SVD, obispo de Zrenjanin (Serbia)<\/p>\n<p align=\"justify\">&nbsp;<\/p>\n<p align=\"justify\">CROACIA<\/p>\n<p align=\"justify\">&nbsp;<\/p>\n<p align=\"justify\">Su Excia. Revma. Mons. Antun ?KVOR?EVI?, obispo de Po?ega<\/p>\n<p align=\"justify\">&nbsp;<\/p>\n<p align=\"justify\">ESCANDINAVIA<\/p>\n<p align=\"justify\">&nbsp;<\/p>\n<p align=\"justify\">Su Excia. Revma. Mons. Teemu SIPPO, SCI, obispo de Helsinki<\/p>\n<p align=\"justify\">&nbsp;<\/p>\n<p align=\"justify\">ESLOVAQUIA<\/p>\n<p align=\"justify\">&nbsp;<\/p>\n<p align=\"justify\">Su Excia. Revma. Mons. Stanislav ZVOLENSK\u00dd, arzobispo de Bratislava, Presidente de la Conferencia Episcopal<\/p>\n<p align=\"justify\">&nbsp;<\/p>\n<p align=\"justify\">ESLOVENIA<\/p>\n<p align=\"justify\">&nbsp;<\/p>\n<p align=\"justify\">Su Excia. Revma. Mons. Stane Zore, OFM, arzobispo de Ljubljana<\/p>\n<p align=\"justify\">&nbsp;<\/p>\n<p align=\"justify\">ESPA\u00d1A<\/p>\n<p align=\"justify\">&nbsp;<\/p>\n<p align=\"justify\">Su Emcia. Rev.ma Cardenal Ricardo P\u00c9REZ BL\u00c1ZQUEZ arzobispo de Valladolid, Presidente de la Conferencia Episcopal<\/p>\n<p align=\"justify\">&nbsp;<\/p>\n<p align=\"justify\">Su Excia. Revma. Mons. Mario ICETA GAVICAGOGEASCOA, obispo de Bilbao<\/p>\n<p align=\"justify\">&nbsp;<\/p>\n<p align=\"justify\">Su Excia. Revma. Mons. Carlos OSORO SIERRA, arzobispo de Madrid<\/p>\n<p align=\"justify\">&nbsp;<\/p>\n<p align=\"justify\">FEDERACI\u00d3N DE RUSIA<\/p>\n<p align=\"justify\">&nbsp;<\/p>\n<p align=\"justify\">Su Excia. Revma. Mons. Paolo PEZZI, FSCB, arzobispo de la Madre de Dios en Mosc\u00fa, Presidente de la Conferencia Episcopal<\/p>\n<p align=\"justify\">&nbsp;<\/p>\n<p align=\"justify\">FRANCIA<\/p>\n<p align=\"justify\">&nbsp;<\/p>\n<p align=\"justify\">Su Excia. Revma. Mons. Georges PONTIER, arzobispo de Marsella, Presidente de la Conferencia Episcopal<\/p>\n<p align=\"justify\">&nbsp;<\/p>\n<p align=\"justify\">Su Emcia. Revma. Cardenal Andr\u00e9 VINGT-TROIS, arzobispo de Par\u00eds<\/p>\n<p align=\"justify\">&nbsp;<\/p>\n<p align=\"justify\">Su Excia. Revma. Mons. Jean-Luc BRUNIN, obispo de Le Havre<\/p>\n<p align=\"justify\">&nbsp;<\/p>\n<p align=\"justify\">Su Excia. Revma. Mons. Jean-Paul JAMES, obispo de Nantes<\/p>\n<p align=\"justify\">&nbsp;<\/p>\n<p align=\"justify\">GRAN BRETA\u00d1A<\/p>\n<p align=\"justify\">&nbsp;<\/p>\n<p align=\"justify\">INGLATERRA Y GALES<\/p>\n<p align=\"justify\">&nbsp;<\/p>\n<p align=\"justify\">Su Emcia. Rev.ma Cardenal Vincent Gerard NICHOLS, arzobispo de Westminster (Inglaterra), Presidente de la Conferencia Episcopal<\/p>\n<p align=\"justify\">&nbsp;<\/p>\n<p align=\"justify\">Su Excia. Revma. Mons. Peter John Haworth DOYLE, obispo de Northampton (Inglaterra)<\/p>\n<p align=\"justify\">&nbsp;<\/p>\n<p align=\"justify\">ESCOCIA<\/p>\n<p align=\"justify\">&nbsp;<\/p>\n<p align=\"justify\">Su Excia. Revma. Mons. Philip TARTAGLIA, arzobispo de Glasgow, Presidente de la Conferencia Episcopal<\/p>\n<p align=\"justify\">&nbsp;<\/p>\n<p align=\"justify\">GRECIA<\/p>\n<p align=\"justify\">&nbsp;<\/p>\n<p align=\"justify\">Su Excia. Revma. Mons. Fragkiskos PAPAMANOLIS, OFM Cap., obispo em\u00e9rito de Syros, Presidente de la Conferencia Episcopal<\/p>\n<p align=\"justify\">&nbsp;<\/p>\n<p align=\"justify\">HUNGR\u00cdA<\/p>\n<p align=\"justify\">&nbsp;<\/p>\n<p align=\"justify\">Su Excia. Revma. Mons. Andr\u00e1s VERES, obispo de Szombathely<\/p>\n<p align=\"justify\">&nbsp;<\/p>\n<p align=\"justify\">IRLANDA<\/p>\n<p align=\"justify\">&nbsp;<\/p>\n<p align=\"justify\">Su Excia. Revma. Mons. Diarmuid MARTIN, arzobispo de Dubl\u00edn<\/p>\n<p align=\"justify\">&nbsp;<\/p>\n<p align=\"justify\">Su Excia. Revma. Mons. Eamon MARTIN, arzobispo de Armagh, Presidente de la Conferencia Episcopal<\/p>\n<p align=\"justify\">&nbsp;<\/p>\n<p align=\"justify\">ITALIA<\/p>\n<p align=\"justify\">&nbsp;<\/p>\n<p align=\"justify\">Su Emcia. Revma. Cardenal Angelo BAGNASCO, arzobispo de G\u00e9nova, Presidente de la Conferencia Episcopal<\/p>\n<p align=\"justify\">&nbsp;<\/p>\n<p align=\"justify\">Su Emcia. Revma. Cardenal Angelo SCOLA, arzobispo de Mil\u00e1n<\/p>\n<p align=\"justify\">&nbsp;<\/p>\n<p align=\"justify\">Su Excia. Revma. Mons. Franco Giulio BRAMBILLA, obispo de Novara<\/p>\n<p align=\"justify\">&nbsp;<\/p>\n<p align=\"justify\">Su Excia. Revma. Mons. Enrico SOLMI , obispo de Parma<\/p>\n<p align=\"justify\">&nbsp;<\/p>\n<p align=\"justify\">LETONIA<\/p>\n<p align=\"justify\">&nbsp;<\/p>\n<p align=\"justify\">Su Excia. Revma. Mons. Zbig?evs STANKEVI?S, arzobispo de Riga<\/p>\n<p align=\"justify\">&nbsp;<\/p>\n<p align=\"justify\">LITUANIA<\/p>\n<p align=\"justify\">&nbsp;<\/p>\n<p align=\"justify\">Su Emcia. Revma. Cardenal Audrys Juozas BA?KIS, arzobispo em\u00e9rito de Vilnius<\/p>\n<p align=\"justify\">&nbsp;<\/p>\n<p align=\"justify\">MALTA<\/p>\n<p align=\"justify\">&nbsp;<\/p>\n<p align=\"justify\">Su Excia. Revma. Mons. Mario GRECH, obispo de Gozo, Presidente de la Conferencia Episcopal<\/p>\n<p align=\"justify\">&nbsp;<\/p>\n<p align=\"justify\">PA\u00cdSES BAJOS<\/p>\n<p align=\"justify\">&nbsp;<\/p>\n<p align=\"justify\">Su Emcia. Rev.ma Cardenal Willem Jacobus EIJK, arzobispo de Utrecht<\/p>\n<p align=\"justify\">&nbsp;<\/p>\n<p align=\"justify\">POLONIA<\/p>\n<p align=\"justify\">&nbsp;<\/p>\n<p align=\"justify\">Su Excia. Revma. Mons. Stanislaw GADECKI, arzobispo de Poznan, Presidente de la Conferencia Episcopal<\/p>\n<p align=\"justify\">&nbsp;<\/p>\n<p align=\"justify\">Su Excia. Revma. Mons. Henryk HOSER, SAC, arzobispo -obispo de Varsovia-Praga<\/p>\n<p align=\"justify\">&nbsp;<\/p>\n<p align=\"justify\">Su Excia. Revma. Mons. Jan Franciszek W?TROBA, obispo de Rzesz\u00f3w<\/p>\n<p align=\"justify\">&nbsp;<\/p>\n<p align=\"justify\">PORTUGAL<\/p>\n<p align=\"justify\">&nbsp;<\/p>\n<p align=\"justify\">Su Emcia. Revma. Cardenal Manuel Jos\u00e9 MACARIO DO NASCIMENTO CLEMENTE, Patriarca de Lisboa, Presidente de la Conferencia Episcopal<\/p>\n<p align=\"justify\">&nbsp;<\/p>\n<p align=\"justify\">Su Excia. Revma. Mons. Antonino Eug\u00e9nio FERNANDES DIAS, obispo de Portalegre-Castelo Branco, Presidente de la Comisi\u00f3n Episcopal Laicado y Familia<\/p>\n<p align=\"justify\">&nbsp;<\/p>\n<p align=\"justify\">REP\u00daBLICA CHECA<\/p>\n<p align=\"justify\">&nbsp;<\/p>\n<p align=\"justify\">Su Excia. Revma. Mons. Jan VOKAL, obispo de Hradec Kr\u00e1lov\u00e9<\/p>\n<p align=\"justify\">&nbsp;<\/p>\n<p align=\"justify\">RUMANIA<\/p>\n<p align=\"justify\">&nbsp;<\/p>\n<p align=\"justify\">Su Excia. Revma. Mons. Petru GHERGHEL, obispo de Iasi<\/p>\n<p align=\"justify\">&nbsp;<\/p>\n<p align=\"justify\">SUIZA<\/p>\n<p align=\"justify\">&nbsp;<\/p>\n<p align=\"justify\">Su Excia. Revma. Mons. Jean-Marie LOVEY, CRB, obispo de Sion<\/p>\n<p align=\"justify\">&nbsp;<\/p>\n<p align=\"justify\">TURQU\u00cdA<\/p>\n<p align=\"justify\">&nbsp;<\/p>\n<p align=\"justify\">Su Excia. Revma. Mons. L\u00e9von Boghos ZEKIYAN, arzobispo de Estambul de los Armenios<\/p>\n<p align=\"justify\">&nbsp;<\/p>\n<p align=\"justify\">UCRANIA<\/p>\n<p align=\"justify\">&nbsp;<\/p>\n<p align=\"justify\">Su Excia. Revma. Mons. Mieczyslaw MOKRZYCKI, arzobispo de Lviv de los Latinos, Presidente de la Conferencia Episcopal<\/p>\n<p align=\"justify\">&nbsp;<\/p>\n<p align=\"justify\">OCEAN\u00cdA<\/p>\n<p align=\"justify\">&nbsp;<\/p>\n<p align=\"justify\">AUSTRALIA<\/p>\n<p align=\"justify\">&nbsp;<\/p>\n<p align=\"justify\">Su Excia. Revma. Mons. Daniel Eugene HURLEY, obispo de Darwin<\/p>\n<p align=\"justify\">&nbsp;<\/p>\n<p align=\"justify\">Su Excia. Revma. Mons. Mark Benedict COLERIDGE, arzobispo de Brisbane<\/p>\n<p align=\"justify\">&nbsp;<\/p>\n<p align=\"justify\">NUEVA ZELANDA<\/p>\n<p align=\"justify\">&nbsp;<\/p>\n<p align=\"justify\">Su Excia. Revma. Mons. Charles Edward DRENNAN, obispo de Palmerston North<\/p>\n<p align=\"justify\">&nbsp;<\/p>\n<p align=\"justify\">PAC\u00cdFICO (CEPAC)<\/p>\n<p align=\"justify\">&nbsp;<\/p>\n<p align=\"justify\">Su Excia. Revma. Mons. Peter Loy CHONG, arzobispo de Suva<\/p>\n<p align=\"justify\">&nbsp;<\/p>\n<p align=\"justify\">PAPUA NUEVA GUINEA y ISLAS SALOM\u00d3N<\/p>\n<p align=\"justify\">&nbsp;<\/p>\n<p align=\"justify\">Su Excia. Revma. Mons. Anton BAL, obispo de Kundiawa, Comisi\u00f3n para la Vida Familiar<\/p>\n<p align=\"justify\">&nbsp;<\/p>\n<li>ELEGIDOS POR LA UNI\u00d3N DE LOS SUPERIORES GENERALES<\/li>\n<p align=\"justify\">&nbsp;<\/p>\n<p align=\"justify\">Rev. Padre Adolfo NICOL\u00c1S PACH\u00d3N, Prep\u00f3sito General de la Compa\u00f1\u00eda de Jes\u00fas (Jesuitas)<\/p>\n<p align=\"justify\">&nbsp;<\/p>\n<p align=\"justify\">Rev. P. Marco TASCA, O.F.M. Conv., Ministro General de la Orden Franciscana Frailes Menores Conventuales<\/p>\n<p align=\"justify\">&nbsp;<\/p>\n<p align=\"justify\">Rev. P. Mario ALDEGANI, CSI, Superior General de la Congregaci\u00f3n de San Jos\u00e9 (Josefinos de Murialdo)<\/p>\n<p align=\"justify\">&nbsp;<\/p>\n<p align=\"justify\">Rev. Richard P. Kuuia BAAWOBR, M.Afr., Superior General de los Misioneros de \u00c1frica (Padres Blancos)<\/p>\n<p align=\"justify\">&nbsp;<\/p>\n<p align=\"justify\">Rev. P. Bruno CADORE, OP, Maestro General de la Orden de Predicadores (Dominicos)<\/p>\n<p align=\"justify\">&nbsp;<\/p>\n<p align=\"justify\">Rev. Jes\u00fas D\u00cdAZ ALONSO, SF, Superior General de los Hijos de la Sagrada Familia de Jes\u00fas, Mar\u00eda y Jos\u00e9<\/p>\n<p align=\"justify\">&nbsp;<\/p>\n<p align=\"justify\">Rev. Padre Michael BREHL, C.Ss.R., Superior General de la Congregaci\u00f3n del Sant\u00edsimo Redentor (Redentoristas o Liguorinos)<\/p>\n<p align=\"justify\">&nbsp;<\/p>\n<p align=\"justify\">Rev. Javier \u00c1LVAREZ-OSSORIO, SS.CC., Superior general de la Congregaci\u00f3n de los Sagrados Corazones de Jes\u00fas y Mar\u00eda (Picpus)<\/p>\n<p align=\"justify\">&nbsp;<\/p>\n<p align=\"justify\">Rev. Ab. Jeremias SCHR\u00d6DER OSB, Archiabad Presidente de la Congregaci\u00f3n Benedictina de Santa Otilia<\/p>\n<p align=\"justify\">&nbsp;<\/p>\n<li>Herv\u00e9 JANSON, PFJ, Prior General de los Hermanitos de Jes\u00fas (Foucauld)<\/li>\n<p align=\"justify\">&nbsp;<\/p>\n<li>JEFES DE DICASTERIO DE LA CURIA ROMANA<\/li>\n<p align=\"justify\">&nbsp;<\/p>\n<p align=\"justify\">Su Emcia. Revma. Cardenal Pietro PAROLIN, Secretario de Estado<\/p>\n<p align=\"justify\">&nbsp;<\/p>\n<p align=\"justify\">Su Emcia. Revma. Cardenal Gerhard Ludwig M\u00dcLLER, Prefecto de la Congregaci\u00f3n para la Doctrina de la Fe<\/p>\n<p align=\"justify\">&nbsp;<\/p>\n<p align=\"justify\">Su Emcia. Revma. Cardenal Leonardo SANDRI, Prefecto de la Congregaci\u00f3n para las Iglesias Orientales<\/p>\n<p align=\"justify\">&nbsp;<\/p>\n<p align=\"justify\">Su Emcia. Revma. Cardenal Robert SARAH, Prefecto de la Congregaci\u00f3n para el Culto Divino y la Disciplina de los Sacramentos<\/p>\n<p align=\"justify\">&nbsp;<\/p>\n<p align=\"justify\">Su Emcia. Revma. Cardenal Angelo Amato, SDB, Prefecto de la Congregaci\u00f3n para las Causas de los Santos<\/p>\n<p align=\"justify\">&nbsp;<\/p>\n<p align=\"justify\">Su Emcia. Revma. Cardenal Marc OUELLET, PSS, Prefecto de la Congregaci\u00f3n para los Obispos<\/p>\n<p align=\"justify\">&nbsp;<\/p>\n<p align=\"justify\">Su Emcia. Revma. Cardenal Fernando FILONI, Prefecto de la Congregaci\u00f3n para la Evangelizaci\u00f3n de los Pueblos<\/p>\n<p align=\"justify\">&nbsp;<\/p>\n<p align=\"justify\">Su Emcia. Revma. Cardenal Beniamino STELLA, Prefecto de la Congregaci\u00f3n para el Clero<\/p>\n<p align=\"justify\">&nbsp;<\/p>\n<p align=\"justify\">Su Emcia. Revma. Cardenal Jo\u00e3o BRAZ DE AVIZ, Prefecto de la Congregaci\u00f3n para los Institutos de Vida Consagrada y las Sociedades de Vida Apost\u00f3lica<\/p>\n<p align=\"justify\">&nbsp;<\/p>\n<p align=\"justify\">Su Emcia. Revma. Cardenal Giuseppe VERSALDI, Prefecto de la Congregaci\u00f3n para la Educaci\u00f3n Cat\u00f3lica<\/p>\n<p align=\"justify\">&nbsp;<\/p>\n<p align=\"justify\">Su Emcia. Revma. Cardenal Mauro PIACENZA, Penitenciario Mayor<\/p>\n<p align=\"justify\">&nbsp;<\/p>\n<p align=\"justify\">Su Emcia. Revma. Cardenal Dominique MAMBERTI, Prefecto del Tribunal Supremo de la Signatura Apost\u00f3lica<\/p>\n<p align=\"justify\">&nbsp;<\/p>\n<p align=\"justify\">Su Emcia. Revma. Cardenal Stanislaw RYLKO, Presidente del Pontificio Consejo para los Laicos<\/p>\n<p align=\"justify\">&nbsp;<\/p>\n<p align=\"justify\">Su Emcia. Revma. Cardenal Kurt KOCH, Presidente del Pontificio Consejo para la Promoci\u00f3n de la Unidad Cristiana<\/p>\n<p align=\"justify\">&nbsp;<\/p>\n<p align=\"justify\">Su Excia. Revma. Mons. Vincenzo PAGLIA, arzobispo -obispo em\u00e9rito de Terni-Narni-Amelia, Presidente del Pontificio Consejo para la Familia<\/p>\n<p align=\"justify\">&nbsp;<\/p>\n<p align=\"justify\">Su Emcia. Revma. Cardenal Peter Kodwo Appiah TURKSON, Presidente del Pontificio Consejo Justicia y la Paz<\/p>\n<p align=\"justify\">&nbsp;<\/p>\n<p align=\"justify\">Su Emcia. Revma. Cardenal Antonio Maria VEGLI\u00d2, Presidente del Pontificio Consejo para la Pastoral de los Emigrantes e Itinerantes<\/p>\n<p align=\"justify\">&nbsp;<\/p>\n<p align=\"justify\">Su Excia. Revma. Mons. Zygmunt ZIMOWSKI, arzobispo -obispo em\u00e9rito de Radom, Presidente del Pontificio Consejo para los Agentes Sanitarios<\/p>\n<p align=\"justify\">&nbsp;<\/p>\n<p align=\"justify\">Su Emcia. Revma. Cardenal Francisco COCCOPALMERIO, Presidente del Pontificio Consejo para los Textos Legislativos<\/p>\n<p align=\"justify\">&nbsp;<\/p>\n<p align=\"justify\">Su Emcia. Revma. Cardenal Jean-Louis TAURAN, Presidente del Pontificio Consejo para el Di\u00e1logo Interreligioso<\/p>\n<p align=\"justify\">&nbsp;<\/p>\n<p align=\"justify\">Su Emcia. Revma. Cardenal Gianfranco RAVASI, Presidente del Pontificio Consejo para la Cultura<\/p>\n<p align=\"justify\">&nbsp;<\/p>\n<p align=\"justify\">Su Excia. Revma. Mons. arzobispo Claudio Maria CELLI, Presidente del Pontificio Consejo para las Comunicaciones Sociales<\/p>\n<p align=\"justify\">&nbsp;<\/p>\n<p align=\"justify\">Su Excia. Revma. Mons. arzobispo Salvatore FISICHELLA, Presidente del Pontificio Consejo para la Promoci\u00f3n de la Nueva Evangelizaci\u00f3n<\/p>\n<p align=\"justify\">&nbsp;<\/p>\n<p align=\"justify\">Su Emcia. Revma. Cardenal George PELL, Prefecto de la Secretar\u00eda de Econom\u00eda<\/p>\n<p align=\"justify\">&nbsp;<\/p>\n<p align=\"justify\">Su Emcia. Revma. Cardenal CALCAGNO Domenico, Presidente de la Administraci\u00f3n del Patrimonio de la Sede Apost\u00f3lica<\/p>\n<p align=\"justify\">&nbsp;<\/p>\n<li>MIEMBROS DE NOMINA PONTIFICIA<\/li>\n<p align=\"justify\">&nbsp;<\/p>\n<p align=\"justify\">Su Emcia. Rev.ma Card. Angelo SODANO, decano del Colegio de Cardenales (Ciudad del Vaticano).<\/p>\n<p align=\"justify\">&nbsp;<\/p>\n<p align=\"justify\">Su Emcia. Rev.ma Cardenal Godfried DANNEELS, arzobispo em\u00e9rito de Malinas-Bruselas (B\u00e9lgica).<\/p>\n<p align=\"justify\">&nbsp;<\/p>\n<p align=\"justify\">Su Emcia. Rev.ma Card. Dionigi TETTAMANZI, arzobispo em\u00e9rito de Mil\u00e1n (Italia).<\/p>\n<p align=\"justify\">&nbsp;<\/p>\n<p align=\"justify\">Su Emcia. Rev.ma Card. Christoph SCH\u00d6NBORN, OP, arzobispo de Viena (Austria), Presidente de la Conferencia Episcopal (Austria).<\/p>\n<p align=\"justify\">&nbsp;<\/p>\n<p align=\"justify\">Su Emcia. Rev.ma Card. Walter KASPER, Presidente em\u00e9rito del Pontificio Consejo para la Promoci\u00f3n de la Unidad de los Cristianos (Ciudad del Vaticano).<\/p>\n<p align=\"justify\">&nbsp;<\/p>\n<p align=\"justify\">Su Emcia. Rev.ma Cardenal Wilfrid Fox NAPIER, OFM, arzobispo de Durban (Sud\u00e1frica).<\/p>\n<p align=\"justify\">&nbsp;<\/p>\n<p align=\"justify\">Su Emcia. Rev.ma Card. Oscar Andr\u00e9s RODR\u00cdGUEZ MARADIAGA, SDB, arzobispo de Tegucigalpa, Presidente de la Conferencia Episcopal (Honduras).<\/p>\n<p align=\"justify\">&nbsp;<\/p>\n<p align=\"justify\">Su Emcia. Rev.ma Cardenal P\u00e9ter ERDO, arzobispo de Esztergom-Budapest, Presidente de la Conferencia Episcopal, Presidente del Consejo de las Conferencias Episcopales de Europa (CCEE) (Hungr\u00eda).<\/p>\n<p align=\"justify\">&nbsp;<\/p>\n<p align=\"justify\">Su Emcia. Rev.ma Cardenal Carlo CAFFARRA, arzobispo de Bolonia (Italia).<\/p>\n<p align=\"justify\">&nbsp;<\/p>\n<p align=\"justify\">Su Emcia. Rev.ma Cardenal Llu\u00eds MART\u00cdNEZ SISTACH, arzobispo de Barcelona (Espa\u00f1a).<\/p>\n<p align=\"justify\">&nbsp;<\/p>\n<p align=\"justify\">Su Emcia. Rev.ma Cardenal Laurent MONSENGWO PASINYA, arzobispo de Kinshasa (Rep\u00fablica Democr\u00e1tica del Congo).<\/p>\n<p align=\"justify\">&nbsp;<\/p>\n<p align=\"justify\">Su Emcia. Rev.ma Cardenal Donald WUERL, arzobispo de Washington (EE.UU.).<\/p>\n<p align=\"justify\">&nbsp;<\/p>\n<p align=\"justify\">Su Emcia. Rev.ma Cardenal Raymundo DAMASCENO ASSIS, arzobispo de Aparecida (Brasil).<\/p>\n<p align=\"justify\">&nbsp;<\/p>\n<p align=\"justify\">Su Emcia. Rev.ma Cardenal Timoteo Michael DOLAN, arzobispo de Nueva York (EE.UU.).<\/p>\n<p align=\"justify\">&nbsp;<\/p>\n<p align=\"justify\">Su Emcia. Rev.ma Cardenal Luis Antonio G. TAGLE, arzobispo de Manila (Filipinas).<\/p>\n<p align=\"justify\">&nbsp;<\/p>\n<p align=\"justify\">Su Emcia. Rev.ma Cardenal G\u00e9rald Cyprien LACROIX, arzobispo de Quebec (Canad\u00e1).<\/p>\n<p align=\"justify\">&nbsp;<\/p>\n<p align=\"justify\">Su Emcia. Rev.ma Cardenal Gualtiero BASSETTI, arzobispo de Perugia-Citt\u00e0 della Pieve (Italia).<\/p>\n<p align=\"justify\">&nbsp;<\/p>\n<p align=\"justify\">Su Emcia. Rev.ma Card. Philippe OU\u00c9DRAOGO, arzobispo de Ouagadougou (Burkina Faso).<\/p>\n<p align=\"justify\">&nbsp;<\/p>\n<p align=\"justify\">Su Emcia. Rev.ma Cardenal John Atcherley DEW, arzobispo de Wellington, Presidente de la Conferencia Episcopal (Nueva Zelanda).<\/p>\n<p align=\"justify\">&nbsp;<\/p>\n<p align=\"justify\">Su Emcia. Rev.ma Card. Edward MENICHELLI, arzobispo de Ancona-Osimo (Italia).<\/p>\n<p align=\"justify\">&nbsp;<\/p>\n<p align=\"justify\">Su Emcia. Rev.ma Cardenal Alberto SU\u00c1REZ INDA, arzobispo de Morelia (M\u00e9xico).<\/p>\n<p align=\"justify\">&nbsp;<\/p>\n<p align=\"justify\">Su Emcia. Rev.ma Cardenal Francesco MONTENEGRO, arzobispo de Agrigento (Italia).<\/p>\n<p align=\"justify\">&nbsp;<\/p>\n<p align=\"justify\">Su Emcia. Rev.ma Cardenal Daniel STURLA, SDB, arzobispo de Montevideo (Uruguay).<\/p>\n<p align=\"justify\">&nbsp;<\/p>\n<p align=\"justify\">Su Emcia. Rev.ma Cardenal Jos\u00e9 Luis LACUNZA MAESTROJUAN, OAR, obispo de David, Presidente de la Conferencia Episcopal (Panam\u00e1).<\/p>\n<p align=\"justify\">&nbsp;<\/p>\n<p align=\"justify\">Su Emcia. Rev.ma Cardenal Soane Patita Paini MAFI, obispo de Tonga, Presidente de la Conferencia Episcopal (Tonga).<\/p>\n<p align=\"justify\">&nbsp;<\/p>\n<p align=\"justify\">Su Emcia. Rev.ma Cardenal Elio SGRECCIA, Presidente em\u00e9rito de la Academia Pontificia para la Vida (Italia).<\/p>\n<p align=\"justify\">&nbsp;<\/p>\n<p align=\"justify\">Su Emcia. Rev.ma Card. Giuseppe BERTELLO, Presidente de la Gobernaci\u00f3n del Vaticano (Ciudad del Vaticano).<\/p>\n<p align=\"justify\">&nbsp;<\/p>\n<p align=\"justify\">Su Excia. Revma. Mons. Baltazar Enrique PORRAS CARDOZO, arzobispo de M\u00e9rida (Venezuela).<\/p>\n<p align=\"justify\">&nbsp;<\/p>\n<p align=\"justify\">Su Excia. Revma. Mons. Ioannis SPITERIS, O.F.M. Cap., arzobispo de Corf\u00fa, Zante y Cefalonia (Grecia).<\/p>\n<p align=\"justify\">&nbsp;<\/p>\n<p align=\"justify\">Su Excia. Revma. Mons. Bruno FORTE, arzobispo de Chieti-Vasto (Italia).<\/p>\n<p align=\"justify\">&nbsp;<\/p>\n<p align=\"justify\">Su Excia. Revma. Mons. Laurent ULRICH, arzobispo de Lille (Francia).<\/p>\n<p align=\"justify\">&nbsp;<\/p>\n<p align=\"justify\">Su Excia. Revma. Mons. Carlos AGUIAR RETES, arzobispo de Tlalnepantla (M\u00e9xico).<\/p>\n<p align=\"justify\">&nbsp;<\/p>\n<p align=\"justify\">Su Excia. Revma. Mons. Sergio Eduardo CASTRIANI CSSp., arzobispo de Manaus (Brasil).<\/p>\n<p align=\"justify\">&nbsp;<\/p>\n<p align=\"justify\">Su Excia. Revma. Mons. arzobispo V\u00edctor Manuel FERN\u00c1NDEZ, Rector de la Pontificia Universidad Cat\u00f3lica de Argentina (Argentina).<\/p>\n<p align=\"justify\">&nbsp;<\/p>\n<p align=\"justify\">Su Excia. Revma. Mons. Blase J. CUPICH, arzobispo de Chicago (EE.UU.).<\/p>\n<p align=\"justify\">&nbsp;<\/p>\n<p align=\"justify\">Su Excia. Revma. Mons. George Vance MURRY, SI, obispo de Youngstown (Estados Unidos).<\/p>\n<p align=\"justify\">&nbsp;<\/p>\n<p align=\"justify\">Su Excia. Revma. Mons. Marcello SEMERARO, obispo de Albano (Italia).<\/p>\n<p align=\"justify\">&nbsp;<\/p>\n<p align=\"justify\">Su Excia. Revma. Mons. Gerardo Alonso GARZA TREVI\u00d1O, obispo de Piedras Negras (M\u00e9xico).<\/p>\n<p align=\"justify\">&nbsp;<\/p>\n<p align=\"justify\">Su Excia. Revma. Mons. Lucas VAN LOOY, SDB, obispo de Gante (B\u00e9lgica).<\/p>\n<p align=\"justify\">&nbsp;<\/p>\n<p align=\"justify\">Su Ecc.za Mons. P\u00edo Vito PINTO, Decano del Tribunal de la Rota Romana (Ciudad del Vaticano).<\/p>\n<p align=\"justify\">&nbsp;<\/p>\n<p align=\"justify\">Rev.mo Mons. Sa\u00fal SCARABATTOLI, p\u00e1rroco de la Parroquia del Esp\u00edritu Santo en Port Eburnea, Perugia (Italia).<\/p>\n<p align=\"justify\">&nbsp;<\/p>\n<p align=\"justify\">Rev.mo Mons. Roberto ROSA, p\u00e1rroco de Santiago Ap\u00f3stol, Trieste (Italia).<\/p>\n<p align=\"justify\">&nbsp;<\/p>\n<p align=\"justify\">Rev. P. Fran\u00e7ois-Xavier DUMORTIER, SI, rector de la Universidad Pontificia Gregoriana de Roma (Italia).<\/p>\n<p align=\"justify\">&nbsp;<\/p>\n<p align=\"justify\">Rev. P. Antonio SPADARO, director de la revista La Civilt\u00e0 Cattolica (Italia).<\/p>\n<p align=\"justify\">&nbsp;<\/p>\n<p align=\"justify\">Rev. P. Manuel Jes\u00fas ARROBA CONDE, CMF, Decano de la Facultad de utrusque iure de la Pontificia Universidad Lateranense de Roma (Espa\u00f1a).<\/p>\n<p align=\"justify\">&nbsp;<\/p>\n<p align=\"justify\">XII. SUBSECRETARIO DEL SINODO DE LOS OBISPOS<\/p>\n<p align=\"justify\">&nbsp;<\/p>\n<p align=\"justify\">Su Excia. Revma. Mons. obispo Fabio FABENE, Ciudad del Vaticano<\/p>\n<p align=\"justify\">&nbsp;<\/p>\n<li>LISTA DE OTROS MIEMBROS SEG\u00daN EL TITULO DE PARTICIPACI\u00d3N<\/li>\n<p align=\"justify\">&nbsp;<\/p>\n<li>COLABORADORES DE LA SECRETARIA ESPECIAL<\/li>\n<p align=\"justify\">&nbsp;<\/p>\n<p align=\"justify\">Rev. P. Mat\u00edas AUG\u00c9 BENET, CMF, consultor de la Congregaci\u00f3n para el Culto Divino y la Disciplina de los Sacramentos (Espa\u00f1a).<\/p>\n<p align=\"justify\">&nbsp;<\/p>\n<p align=\"justify\">Prof. Giacomo BERTOLINI, Profesor Adjunto de Derecho Can\u00f3nico y de la Universidad Eclesi\u00e1stica de Padua, Treviso Secci\u00f3n; Profesor invitado en la Universidad Pontificia Urbaniana de Roma (Italia).<\/p>\n<p align=\"justify\">&nbsp;<\/p>\n<p align=\"justify\">Rev.do Giusppe BONFRATE, profesor de la Facultad de Teolog\u00eda de la Universidad Pontificia Gregoriana de Roma (Italia).<\/p>\n<p align=\"justify\">&nbsp;<\/p>\n<p align=\"justify\">Rev.mo Mons. Philippe BORDEYNE, Rector del Instituto Cat\u00f3lico de Par\u00eds (Francia).<\/p>\n<p align=\"justify\">&nbsp;<\/p>\n<p align=\"justify\">Rev.mo Mons. Lluis CLAVELL, Miembro titular de la Academia Pontificia de Santo Tom\u00e1s de Aquino (Espa\u00f1a).<\/p>\n<p align=\"justify\">&nbsp;<\/p>\n<p align=\"justify\">Rev.mo Mons. Duarte Nuno QUEIROZ DE BARROS DA CUNHA, Secretario General del Consejo de las Conferencias Episcopales de Europa (CCEE) (Portugal).<\/p>\n<p align=\"justify\">&nbsp;<\/p>\n<p align=\"justify\">Sr. L\u00e9opold DJOGBEDE, Profesor de la Universidad de Abomey-Calavi y del Instituto Superior de Formaci\u00f3n de Educadores Especializados (Benin).<\/p>\n<p align=\"justify\">&nbsp;<\/p>\n<p align=\"justify\">Rev. Padre Bruno ESPOSITO OP, profesor de Derecho Can\u00f3nico en la Universidad Pontificia de Santo Tom\u00e1s de Aquino (Italia).<\/p>\n<p align=\"justify\">&nbsp;<\/p>\n<p align=\"justify\">Dr. John GRABOWSKI, Profesor de Teolog\u00eda Moral en la Facultad de Estudios Religiosos de la Universidad Cat\u00f3lica de Am\u00e9rica (USA) y Teolog\u00eda.<\/p>\n<p align=\"justify\">&nbsp;<\/p>\n<p align=\"justify\">Rev. P. Jos\u00e9 GRANADOS, DCJM, Vice-Presidente del Pontificio Instituto Juan Pablo II para Estudios sobre el Matrimonio y la Familia (Espa\u00f1a).<\/p>\n<p align=\"justify\">&nbsp;<\/p>\n<p align=\"justify\">Rev.do Maurizio GRONCHI, Catedr\u00e1tico de Teolog\u00eda Dogm\u00e1tica en la Pontificia Universidad Urbaniana de Roma (Italia).<\/p>\n<p align=\"justify\">&nbsp;<\/p>\n<p align=\"justify\">Dr. John KLEINSMAN, Director del Centro Nathaniel de Bio\u00e9tica, Conferencia Episcopal de Nueva Zelanda (Nueva Zelanda).<\/p>\n<p align=\"justify\">&nbsp;<\/p>\n<p align=\"justify\">Rev. P. Sabatino MAJORANO C.SS.R., Profesor de Teolog\u00eda Moral Sistem\u00e1tica en la Academia Alfonsiana en Roma (Italia).<\/p>\n<p align=\"justify\">&nbsp;<\/p>\n<p align=\"justify\">Rev.mo Mons. Michele Giulio MASCIARELLI, Profesor de Teolog\u00eda Dogm\u00e1tica en la Facultad Marianum en Roma, y de Teolog\u00eda Fundamental en el Instituto Teol\u00f3gico de Abruzzo-Molise Chieti (Italia).<\/p>\n<p align=\"justify\">&nbsp;<\/p>\n<p align=\"justify\">Prof. Pia MATTHEWS, profesora de la Universidad de St. Mary de Londres (Reino Unido).<\/p>\n<p align=\"justify\">&nbsp;<\/p>\n<p align=\"justify\">Prof. Paolo MONETA, ex profesor de Derecho Can\u00f3nico y Eclesi\u00e1stico en la Facultad de Derecho de la Universidad de Pisa (Italia).<\/p>\n<p align=\"justify\">&nbsp;<\/p>\n<li>Antonio MOSER, OFM, profesor em\u00e9rito de Teolog\u00eda Moral y \u00c9tica en el Instituto Teol\u00f3gico Franciscano de Petr\u00f3polis (Brasil).<\/li>\n<p align=\"justify\">&nbsp;<\/p>\n<p align=\"justify\">Rev. Padre Aimable MUSONI, SDB, Profesor de Teolog\u00eda Sistem\u00e1tica: Eclesiolog\u00eda y Ecumenismo en la Universidad Pontificia Salesiana de Roma (Ruanda).<\/p>\n<p align=\"justify\">&nbsp;<\/p>\n<p align=\"justify\">Rev. Padre Georges Henri RUYSSEN profesor en la Facultad de Derecho Can\u00f3nico en el Pontificio Instituto Oriental de Roma (B\u00e9lgica).<\/p>\n<p align=\"justify\">&nbsp;<\/p>\n<p align=\"justify\">Rev.do Peter Paul SALDANHA, profesor de Eclesiolog\u00eda en la Universidad Pontificia Urbaniana de Roma (India).<\/p>\n<p align=\"justify\">&nbsp;<\/p>\n<p align=\"justify\">Rev.do Pierangelo SEQUERI, Decano y Profesor de Teolog\u00eda en la Facultad Teol\u00f3gica de Italia Septentrional; Miembro de la Comisi\u00f3n Teol\u00f3gica Internacional (Italia).<\/p>\n<p align=\"justify\">&nbsp;<\/p>\n<p align=\"justify\">Sres MIANO (Italia)<\/p>\n<p align=\"justify\">&nbsp;<\/p>\n<p align=\"justify\">Prof. Giuseppina DE SIMONE de MIANO, profesora de Filosof\u00eda de la Facultad Teol\u00f3gica de Italia Meridional en N\u00e1poles.<\/p>\n<p align=\"justify\">&nbsp;<\/p>\n<p align=\"justify\">Prof. Francesco MIANO, profesor de Filosof\u00eda Moral en la Universidad de Roma Tor Vergata.<\/p>\n<p align=\"justify\">&nbsp;<\/p>\n<li>AUDITORES y AUDITORAS<\/li>\n<p align=\"justify\">&nbsp;<\/p>\n<p align=\"justify\">Sr. Jacob Mundaplakal ABRAHAM, consultor para el Apostolado de la Familia y los Organismos laicales en la di\u00f3cesis de Kerala (India).<\/p>\n<p align=\"justify\">&nbsp;<\/p>\n<p align=\"justify\">Dra. Anca Maria CERNEA, doctora en el Centro de Diagn\u00f3stico y Tratamiento-Victor Babes y Presidenta de la Asociaci\u00f3n de M\u00e9dicos Cat\u00f3licos de Bucarest (Rumania).<\/p>\n<p align=\"justify\">&nbsp;<\/p>\n<p align=\"justify\">Sra Sharron COLE, Presidenta de los Centros de Padres Nueva Zelanda (Nueva Zelanda).<\/p>\n<p align=\"justify\">&nbsp;<\/p>\n<p align=\"justify\">Sra Agnes Offiong EROGUNAYE, Presidenta Nacional de la Organizaci\u00f3n Cat\u00f3lica de Mujeres de Nigeria (Nigeria).<\/p>\n<p align=\"justify\">&nbsp;<\/p>\n<p align=\"justify\">Rev.do Garas Boulos GARAS BISHAY, p\u00e1rroco de la parroquia de la Virgen Mar\u00eda Reina de la Paz, Sharm el Sheikh (Egipto).<\/p>\n<p align=\"justify\">&nbsp;<\/p>\n<p align=\"justify\">Prof. Giovanni GIACOBBE miembro de la Uni\u00f3n de Juristas Cat\u00f3licos Italianos (Italia).<\/p>\n<p align=\"justify\">&nbsp;<\/p>\n<p align=\"justify\">D.\u00aa Maria GOMES, Responsable de la Pastoral Familiar Parroquial en Dubai (Emiratos \u00c1rabes Unidos).<\/p>\n<p align=\"justify\">&nbsp;<\/p>\n<p align=\"justify\">D.\u00aa Maia HARRIES, Directora nacional de la pastoral familiar y la preparaci\u00f3n para el matrimonio; Miembro de la Comisi\u00f3n Nacional contra el abuso infantil (Australia).<\/p>\n<p align=\"justify\">&nbsp;<\/p>\n<p align=\"justify\">Sor Maureen KELLEHER, Religiosas del Sagrado Coraz\u00f3n de Mar\u00eda, miembro de la Uni\u00f3n Internacional de Superioras Generales (UISG) (Estados Unidos).<\/p>\n<p align=\"justify\">&nbsp;<\/p>\n<p align=\"justify\">Sra. Brenda KIM NAYOUG, atencion pastoral de los j\u00f3venes y matrimonios (Corea).<\/p>\n<p align=\"justify\">&nbsp;<\/p>\n<p align=\"justify\">Prof. Mar\u00eda Marcela MAZZINI, Profesora de Teolog\u00eda en la Facultad de Teolog\u00eda de la Pontificia Universidad Cat\u00f3lica de Argentina (Argentina).<\/p>\n<p align=\"justify\">&nbsp;<\/p>\n<p align=\"justify\">Sra. Moira MCQUEEN, Directora del Instituto Cat\u00f3lico de Bio\u00e9tica de Canad\u00e1 (Canad\u00e1).<\/p>\n<p align=\"justify\">&nbsp;<\/p>\n<p align=\"justify\">Sra Th\u00e9r\u00e8se NYIRABUKEYE, consultora y formadora de la Federaci\u00f3n Africana de Acci\u00f3n Familiar (FAAF) (Ruanda).<\/p>\n<p align=\"justify\">&nbsp;<\/p>\n<p align=\"justify\">Rev.da Sor Berta Mar\u00eda PORRAS FALLAS, Responsable de la Pastoral Familiar de las Hermanas Terciarias Capuchinas de la Sagrada Familia, miembro de la Uni\u00f3n Internacional de Superioras Generales (UISG) (Costa Rica)<\/p>\n<p align=\"justify\">&nbsp;<\/p>\n<p align=\"justify\">Sor Carmen SAMMUT, SMNDA, Presidenta de la Uni\u00f3n Internacional de Superioras Generales (UISG) (Malta).<\/p>\n<p align=\"justify\">&nbsp;<\/p>\n<p align=\"justify\">Prof. Luc\u00eda SCARAFFIA, Ex profesora de Historia Contempor\u00e1nea de la Universidad de Roma La Sapienza; Coordinadora del mensual L&#8217;Osservatore Romano &#8220;Mujer, Iglesia, Mundo&#8221; (Italia).<\/p>\n<p align=\"justify\">&nbsp;<\/p>\n<p align=\"justify\">Dr. Edgardo Humberto TEJADA ZEBALLOS, M\u00e9dico Especialista en Bio\u00e9tica y biogiuridica; Miembro de la Comisi\u00f3n Episcopal para la Familia de la Conferencia Episcopal Peruana (Per\u00fa).<\/p>\n<p align=\"justify\">&nbsp;<\/p>\n<p align=\"justify\">Sres BAJAJ (India)<\/p>\n<p align=\"justify\">&nbsp;<\/p>\n<p align=\"justify\">Sra Penny y Sr. Ishwar BAJAJ, pareja hind\u00fa- cristiana de la di\u00f3cesis de Mumbai (India).<\/p>\n<p align=\"justify\">&nbsp;<\/p>\n<p align=\"justify\">Sres BUCH(Alemania)<\/p>\n<p align=\"justify\">&nbsp;<\/p>\n<p align=\"justify\">Ms Petra BUCH, pastoral de la familia diocesana.<\/p>\n<p align=\"justify\">&nbsp;<\/p>\n<p align=\"justify\">Sr.Aloys Johann BUCH, Profesor de Teolog\u00eda Moral en el Seminario Mayor Interdiocesano de St. Lambert; Di\u00e1cono Permanente de la di\u00f3cesis de Aachen.<\/p>\n<p align=\"justify\">&nbsp;<\/p>\n<p align=\"justify\">Sres D\u00cdAZ VICTORIA (Colombia)<\/p>\n<p align=\"justify\">&nbsp;<\/p>\n<p align=\"justify\">Sra Isabel BOTIA DE D\u00cdAZ y Sr. Humberto D\u00cdAZ VICTORIA, Miembros de la Comisi\u00f3n Nacional para la Familia de la Conferencia Episcopal; Directores Pastorales de la Fundaci\u00f3n Hombres y Mujeres de futuro.<\/p>\n<p align=\"justify\">&nbsp;<\/p>\n<p align=\"justify\">.<\/p>\n<p align=\"justify\">&nbsp;<\/p>\n<p align=\"justify\">Srs. GALINDO (M\u00e9xico)<\/p>\n<p align=\"justify\">&nbsp;<\/p>\n<p align=\"justify\">Sra Clara Gertrudiz RUBIO DE GALINDO y Sr. Andr\u00e9s L\u00f3pez Salvador GALINDO, Secretarios ejecutivos de la Comisi\u00f3n Episcopal para la Familia de la Conferencia Episcopal; Secretarios del CELAM para la Zona de M\u00e9xico-Centroam\u00e9rica.<\/p>\n<p align=\"justify\">&nbsp;<\/p>\n<p align=\"justify\">Sres GAY MONTALVO (Espa\u00f1a)<\/p>\n<p align=\"justify\">&nbsp;<\/p>\n<p align=\"justify\">D.\u00aa Mar\u00eda MONSERRAT ROSELL Torrus DE GAY MONTALVO, miembro de los grupos de matrimonio de la parroquia de San Francisco de Sales en Barcelona.<\/p>\n<p align=\"justify\">&nbsp;<\/p>\n<p align=\"justify\">Sr. Eugenio GAY MONTALVO, ex juez de la Corte Constitucional de Espa\u00f1a; ex miembro del Consejo Pastoral Diocesano de Barcelona.<\/p>\n<p align=\"justify\">&nbsp;<\/p>\n<p align=\"justify\">Sres KOLA (Camer\u00fan)<\/p>\n<p align=\"justify\">&nbsp;<\/p>\n<p align=\"justify\">Sra A\u00efcha Marianne Kenne SOB KOLA y Sr. Ireneo de KOLA, miembros de la Federaci\u00f3n Africana de Acci\u00f3n Familiar (FAAF); Consejeros matrimoniales y familiares.<\/p>\n<p align=\"justify\">&nbsp;<\/p>\n<p align=\"justify\">Sres Marqus ODEESHO (Iraq)<\/p>\n<p align=\"justify\">&nbsp;<\/p>\n<p align=\"justify\">Sra Suhaila Salim TOMA y Sr. Wisam Marqus ODEESHO, dedicados a la atenci\u00f3n pastoral de la parroquia caldea de San Jorge en Bagdad.<\/p>\n<p align=\"justify\">&nbsp;<\/p>\n<p align=\"justify\">Sres MATASSONI (Italia)<\/p>\n<p align=\"justify\">&nbsp;<\/p>\n<p align=\"justify\">Sra Marialucia ZECCHINI y el Sr. Marco MATASSONI, Miembros de la Comisi\u00f3n para la pastoral familiar en la Arquidi\u00f3cesis de Trento.<\/p>\n<p align=\"justify\">&nbsp;<\/p>\n<p align=\"justify\">Sres MIGNONAT (Francia)<\/p>\n<p align=\"justify\">&nbsp;<\/p>\n<p align=\"justify\">Sra Nathalie MIGNONAT y D. Christian MIGNONAT, miembros del Movimiento de Equipos Reliance para los divorciados vueltos a casar, miembros fundadores del grupo SEDIRE para la recepci\u00f3n y el acompa\u00f1amiento de las parejas casadas civilmente.<\/p>\n<p align=\"justify\">&nbsp;<\/p>\n<p align=\"justify\">Sres NKOSI (Sud\u00e1frica)<\/p>\n<p align=\"justify\">&nbsp;<\/p>\n<p align=\"justify\">Sra Buysile Patronella NKOSI y Sr. Meshack Jabulani NKOSI, Miembros del Comit\u00e9 Asesor para la mesa Nacional de la Familia de la Conferencia Episcopal de los obispo s Cat\u00f3licos del Sur de \u00c1frica.<\/p>\n<p align=\"justify\">&nbsp;<\/p>\n<p align=\"justify\">Sres PALONI (Italia)<\/p>\n<p align=\"justify\">&nbsp;<\/p>\n<p align=\"justify\">Patrizia CALABRESE y el Sr. Massimo PALONI, pastoral misionera de la familia.<\/p>\n<p align=\"justify\">&nbsp;<\/p>\n<p align=\"justify\">Sres PULIKOWSKI (Polonia)<\/p>\n<p align=\"justify\">&nbsp;<\/p>\n<p align=\"justify\">Sra Jadwiga PULIKOWSKA y Sr. Jacek PULIKOWSKI, consultores del Consejo para la Pastoral de la Familia de la Arquidi\u00f3cesis de Poznan.<\/p>\n<p align=\"justify\">&nbsp;<\/p>\n<p align=\"justify\">Srs. DE REZENDE (Brasil)<\/p>\n<p align=\"justify\">&nbsp;<\/p>\n<p align=\"justify\">Sra Ketty ABAROA DE REZENDE y el Dr. Pedro de Jussieu REZENDE, profesores en la Universidad Estatal de Campinas, que participan en la pastoral sobre los retos que enfrenta la familia<\/p>\n<p align=\"justify\">&nbsp;<\/p>\n<p align=\"justify\">Sres ROJAS (Colombia)<\/p>\n<p align=\"justify\">&nbsp;<\/p>\n<p align=\"justify\">D.\u00aa Mar\u00eda Ang\u00e9lica ROJAS, dedicada a la pastoral familiar.<\/p>\n<p align=\"justify\">&nbsp;<\/p>\n<p align=\"justify\">Sr. Luis Haydn ROJAS MARTINEZ, Director del Departamento de \u00c9tica y Desarrollo Humano de la Universidad La Gran Colombia.<\/p>\n<p align=\"justify\">&nbsp;<\/p>\n<p align=\"justify\">Sres SALLOUM (L\u00edbano)<\/p>\n<p align=\"justify\">&nbsp;<\/p>\n<p align=\"justify\">Sra Rizk Souhe\u00efla SALLOUM, profesor de Psicolog\u00eda de la USEK.<\/p>\n<p align=\"justify\">&nbsp;<\/p>\n<p align=\"justify\">Sr. Georges Fayez SALLOUM,Experto del S\u00ednodo Patriarcal Maronita<\/p>\n<p align=\"justify\">&nbsp;<\/p>\n<p align=\"justify\">Sres VILLAFANIA (Filipinas)<\/p>\n<p align=\"justify\">&nbsp;<\/p>\n<p align=\"justify\">D.\u00aa Mar\u00eda Socorro OCAMPO VILLAFANIA, ex Profesora de Teolog\u00eda en Assumption College; colaboradora de las Hijas de Mar\u00eda Auxiliadora para la preparaci\u00f3n de los catequistas.<\/p>\n<p align=\"justify\">&nbsp;<\/p>\n<p align=\"justify\">Sr. Nelson Silvestre VILLAFANIA, Colaborador de la Fundaci\u00f3n Evangelion en Manila.<\/p>\n<p align=\"justify\">&nbsp;<\/p>\n<p align=\"justify\">Sres WITCZAK (EE.UU.)<\/p>\n<p align=\"justify\">&nbsp;<\/p>\n<p align=\"justify\">Sra. Catherine Wally WITCZAK y Sr. Paul Anthony WITCZAK, Responsables de los Equipos Eclesiales Worldwide Marriage Encounter Internacional.<\/p>\n<p align=\"justify\">&nbsp;<\/p>\n<p align=\"justify\">III. SECRETAR\u00cdA GENERAL DEL SINODO DE LOS OBISPOS<\/p>\n<p align=\"justify\">&nbsp;<\/p>\n<p align=\"justify\">Su Emcia. Rev.ma.Cardenal Lorenzo Baldisseri, Secretario General del S\u00ednodo de los obispo s<\/p>\n<p align=\"justify\">&nbsp;<\/p>\n<p align=\"justify\">Su Excia. Rev.ma Mons.obispo Fabio Fabene.<\/p>\n<p align=\"justify\">&nbsp;<\/p>\n<p align=\"justify\">Rev.mo Mons. John Anthony ABRUZZESE<\/p>\n<p align=\"justify\">&nbsp;<\/p>\n<p align=\"justify\">Rev.mo Mons. Etienne BROCARD<\/p>\n<p align=\"justify\">&nbsp;<\/p>\n<p align=\"justify\">Rev.mo Mons. Daniel ESTIVILL<\/p>\n<p align=\"justify\">&nbsp;<\/p>\n<p align=\"justify\">Rev.do Ambrogio Ivan SAMUS<\/p>\n<p align=\"justify\">&nbsp;<\/p>\n<p align=\"justify\">Rev. P. Raffaele LANZILLI, S.I.<\/p>\n<p align=\"justify\">&nbsp;<\/p>\n<p align=\"justify\">Rev.do Pasquale BUA<\/p>\n<p align=\"justify\">&nbsp;<\/p>\n<p align=\"justify\">Sra Paola VOLTERRA TOPPANO<\/p>\n<p align=\"justify\">&nbsp;<\/p>\n<p align=\"justify\">Federica VIVIAN<\/p>\n<p align=\"justify\">&nbsp;<\/p>\n<p align=\"justify\">Sr. Pietro CAMILLI<\/p>\n<p align=\"justify\">&nbsp;<\/p>\n<p align=\"justify\">Sr. Andrea CIMINO<\/p>\n<p align=\"justify\">&nbsp;<\/p>\n<p align=\"justify\">COLABORADORES DE LA SECRETAR\u00cdA GENERAL<\/p>\n<p align=\"justify\">&nbsp;<\/p>\n<p align=\"justify\">Rev.mo Mons. Zvonimir SERSIC, sacerdote de la di\u00f3cesis de Krk (Croacia)<\/p>\n<p align=\"justify\">&nbsp;<\/p>\n<p align=\"justify\">Rev.do Giuseppe DEODATO, sacerdote de la di\u00f3cesis de Roma (Italia)<\/p>\n<p align=\"justify\">&nbsp;<\/p>\n<p align=\"justify\">ASISTENTES<\/p>\n<p align=\"justify\">&nbsp;<\/p>\n<p align=\"justify\">Rev. Edouard AKOM (Camer\u00fan)<\/p>\n<p align=\"justify\">&nbsp;<\/p>\n<p align=\"justify\">Sem. Argese Francesco (Italia)<\/p>\n<p align=\"justify\">&nbsp;<\/p>\n<p align=\"justify\">Rev. Emmanuel AYO (Filipinas)<\/p>\n<p align=\"justify\">&nbsp;<\/p>\n<p align=\"justify\">Rev. Alexis BAVUGAMENSHI (Burundi)<\/p>\n<p align=\"justify\">&nbsp;<\/p>\n<p align=\"justify\">Rev. Diac. Jean-Baptiste BIENVENU (Francia)<\/p>\n<p align=\"justify\">&nbsp;<\/p>\n<p align=\"justify\">Rev. Zvonko BREZOVSKI (Croacia)<\/p>\n<p align=\"justify\">&nbsp;<\/p>\n<p align=\"justify\">Rev. Diac. Chr\u00e9tienne Vincent (Francia)<\/p>\n<p align=\"justify\">&nbsp;<\/p>\n<p align=\"justify\">Rev. Emmanuel DE Ruyver (B\u00e9lgica)<\/p>\n<p align=\"justify\">&nbsp;<\/p>\n<p align=\"justify\">Rev. Gabriele Di Martino (Italia)<\/p>\n<p align=\"justify\">&nbsp;<\/p>\n<p align=\"justify\">Rev. William Donovan (EE.UU.)<\/p>\n<p align=\"justify\">&nbsp;<\/p>\n<p align=\"justify\">Rev. Kim D&#8217;SOUZA (Canad\u00e1)<\/p>\n<p align=\"justify\">&nbsp;<\/p>\n<p align=\"justify\">Rev. Georges EKO (Camer\u00fan)<\/p>\n<p align=\"justify\">&nbsp;<\/p>\n<p align=\"justify\">Rev. Edgar Estrada (M\u00e9xico)<\/p>\n<p align=\"justify\">&nbsp;<\/p>\n<li>Jonathan FLEMINGS, L.C.s (EE.UU.)<\/li>\n<p align=\"justify\">&nbsp;<\/p>\n<p align=\"justify\">Rev. C\u00e9sar GARCIA SALAZAR (M\u00e9xico)<\/p>\n<p align=\"justify\">&nbsp;<\/p>\n<li>Javier GAXIOLA LOUSTAUNAU, L.C.s (M\u00e9xico)<\/li>\n<p align=\"justify\">&nbsp;<\/p>\n<p align=\"justify\">Rev. Tiago GURGEL DO VALE (Brasil)<\/p>\n<p align=\"justify\">&nbsp;<\/p>\n<p align=\"justify\">Rev. Juan S\u00c1EZ INIESTA (Espa\u00f1a)<\/p>\n<p align=\"justify\">&nbsp;<\/p>\n<p align=\"justify\">Rev. Miroslaw JUCHNO (Polonia)<\/p>\n<p align=\"justify\">&nbsp;<\/p>\n<p align=\"justify\">Rev. Thomas KALLIKAT (India)<\/p>\n<p align=\"justify\">&nbsp;<\/p>\n<p align=\"justify\">Rev. Laurent MAZAS, F.S.J. (Francia)<\/p>\n<p align=\"justify\">&nbsp;<\/p>\n<p align=\"justify\">Rev. Bonifacio MUNGAI (Kenia)<\/p>\n<p align=\"justify\">&nbsp;<\/p>\n<p align=\"justify\">Rev. Brian NEEDLES (EE.UU.)<\/p>\n<p align=\"justify\">&nbsp;<\/p>\n<p align=\"justify\">Rev. Stephen Prisk (EE.UU.)<\/p>\n<p align=\"justify\">&nbsp;<\/p>\n<p align=\"justify\">Rev. Diac. Luis RAMIREZ ALMANRA, L.C.s (M\u00e9xico)<\/p>\n<p align=\"justify\">&nbsp;<\/p>\n<p align=\"justify\">Rev. Carlos RODR\u00cdGUEZ BLANCO (Espa\u00f1a)<\/p>\n<p align=\"justify\">&nbsp;<\/p>\n<p align=\"justify\">Rev. Roberto SECCHI (Italia)<\/p>\n<p align=\"justify\">&nbsp;<\/p>\n<p align=\"justify\">Sem. Mattia SEU (Italia)<\/p>\n<p align=\"justify\">&nbsp;<\/p>\n<p align=\"justify\">Rev. Jhonny TANNOURY (L\u00edbano)<\/p>\n<p align=\"justify\">&nbsp;<\/p>\n<p align=\"justify\">Sem. Liviu-Nicolae URSU (Ruman\u00eda)<\/p>\n<p align=\"justify\">&nbsp;<\/p>\n<p align=\"justify\">Sem. Gabriele VECCHIONE (Italia)<\/p>\n<p align=\"justify\">&nbsp;<\/p>\n<p align=\"justify\">Rev. Biasgiu VIRGITTI (Francia)<\/p>\n<p align=\"justify\">&nbsp;<\/p>\n<li>RESPONSABLES DE LA DIVULGACI\u00d3N DE NOTICIAS<\/li>\n<p align=\"justify\">&nbsp;<\/p>\n<p align=\"justify\">Rev. Padre Federico LOMBARDI, director de la Oficina de Prensa de la Santa Sede (Ciudad del Vaticano).<\/p>\n<p align=\"justify\">&nbsp;<\/p>\n<p align=\"justify\">Rev. Ciro BENEDETTINI, CP, Subdirector de la Oficina de Prensa de la Santa Sede (Ciudad del Vaticano).<\/p>\n<p align=\"justify\">&nbsp;<\/p>\n<p align=\"justify\">Idioma Ingl\u00e9s<\/p>\n<p align=\"justify\">&nbsp;<\/p>\n<p align=\"justify\">Rev.do Thomas ROSICA, CSB, Director Ejecutivo de la Televisi\u00f3n Cat\u00f3lica Sal y Luz de Toronto (Canad\u00e1).<\/p>\n<p align=\"justify\">&nbsp;<\/p>\n<p align=\"justify\">Idioma franc\u00e9s<\/p>\n<p align=\"justify\">&nbsp;<\/p>\n<p align=\"justify\">Sra Romilda FERRAUTO, Jefe de la Secci\u00f3n francesa de Radio Vaticano.<\/p>\n<p align=\"justify\">&nbsp;<\/p>\n<p align=\"justify\">Idioma Alem\u00e1n<\/p>\n<p align=\"justify\">&nbsp;<\/p>\n<p align=\"justify\">Rev. Padre Bernard HAGENKORD, SI, director de la secci\u00f3n alemana de Radio Vaticano.<\/p>\n<p align=\"justify\">&nbsp;<\/p>\n<p align=\"justify\">Idioma Espa\u00f1ol<\/p>\n<p align=\"justify\">&nbsp;<\/p>\n<p align=\"justify\">Rev.do Manuel Dorantes, sacerdote, pastor de la Arquidi\u00f3cesis de Chicago (EE.UU.).<\/p>\n<p align=\"justify\">&nbsp;<\/p>\n<li>LISTA DE DELEGADOS FRATERNOS<\/li>\n<p align=\"justify\">&nbsp;<\/p>\n<p align=\"justify\">Patriarcado Ecum\u00e9nico<\/p>\n<p align=\"justify\">&nbsp;<\/p>\n<p align=\"justify\">Su Emcia. STEPHANOS, Primado de la Iglesia Ortodoxa de Estonia (Estonia)<\/p>\n<p align=\"justify\">&nbsp;<\/p>\n<p align=\"justify\">Patriarcado de Mosc\u00fa<\/p>\n<p align=\"justify\">&nbsp;<\/p>\n<p align=\"justify\">Su Emcia. HILARI\u00d3N, Metropolitano de Volokolamsk, Presidente del Departamento de Relaciones Exteriores del Patriarcado de Mosc\u00fa (Federaci\u00f3n de Rusia)<\/p>\n<p align=\"justify\">&nbsp;<\/p>\n<p align=\"justify\">Patriarcado de Serbia<\/p>\n<p align=\"justify\">&nbsp;<\/p>\n<p align=\"justify\">Su Emcia. ANDREY, Metropolitano de Austria-Suiza (Austria)<\/p>\n<p align=\"justify\">&nbsp;<\/p>\n<p align=\"justify\">Iglesia Ortodoxa de Rumania<\/p>\n<p align=\"justify\">&nbsp;<\/p>\n<p align=\"justify\">Su Emcia. IOSIF, Metropolitano de Europa Occidental (Francia)<\/p>\n<p align=\"justify\">&nbsp;<\/p>\n<p align=\"justify\">Iglesia Ortodoxa de Albania<\/p>\n<p align=\"justify\">&nbsp;<\/p>\n<p align=\"justify\">Su Ecc.za ANDON, obispo de Kruja (Albania)<\/p>\n<p align=\"justify\">&nbsp;<\/p>\n<p align=\"justify\">Iglesia Ortodoxa Copta de Alejandr\u00eda<\/p>\n<p align=\"justify\">&nbsp;<\/p>\n<p align=\"justify\">Su Emcia. BISHOY, Metropolitano de Damietta, Kafr Elsheikh y Elbarari (Egipto)<\/p>\n<p align=\"justify\">&nbsp;<\/p>\n<p align=\"justify\">Patriarcado ortodoxo sirio de Antioqu\u00eda y todo Oriente<\/p>\n<p align=\"justify\">&nbsp;<\/p>\n<p align=\"justify\">Su Emcia. Mar YOUSTINOS BOULOS, arzobispo de Zahle y Bekaa (L\u00edbano)<\/p>\n<p align=\"justify\">&nbsp;<\/p>\n<p align=\"justify\">Comuni\u00f3n Anglicana<\/p>\n<p align=\"justify\">&nbsp;<\/p>\n<p align=\"justify\">Muy Rev.do Timothy THORNTON, obispo de Truro (Gran Breta\u00f1a)<\/p>\n<p align=\"justify\">&nbsp;<\/p>\n<p align=\"justify\">Federaci\u00f3n Luterana Mundial<\/p>\n<p align=\"justify\">&nbsp;<\/p>\n<p align=\"justify\">Muy Rev.do Ndanganeni Petrus PHASWANA, obispo em\u00e9rito de la Iglesia Evang\u00e9lica de Sud\u00e1frica (Sud\u00e1frica)<\/p>\n<p align=\"justify\">&nbsp;<\/p>\n<p align=\"justify\">Consejo Metodista Mundial<\/p>\n<p align=\"justify\">&nbsp;<\/p>\n<p align=\"justify\">Rev. Dr. Tim MACQUIBAN, Director de la Iglesia Ecum\u00e9nica Metodista en Roma (Italia)<\/p>\n<p align=\"justify\">&nbsp;<\/p>\n<p align=\"justify\">Iglesia Cristiana (Disc\u00edpulos de Cristo)<\/p>\n<p align=\"justify\">&nbsp;<\/p>\n<p align=\"justify\">Rev. Dr. Robert K. WELSH, Presidente del Consejo de la Iglesia Cristiana (Disc\u00edpulos de Cristo) (Estados Unidos)<\/p>\n<p align=\"justify\">&nbsp;<\/p>\n<p align=\"justify\">Alianza Bautista Mundial<\/p>\n<p align=\"justify\">&nbsp;<\/p>\n<p align=\"justify\">Rev. Dr. Roy A. MEDLEY, Secretario General de las Iglesias Baptistas en los Estados Unidos de Am\u00e9rica (EE.UU.)<\/p>\n<p align=\"justify\">&nbsp;<\/p>\n<p align=\"justify\">Consejo Mundial de Iglesias<\/p>\n<p align=\"justify\">&nbsp;<\/p>\n<p align=\"justify\">Rev. Dr. Walter ALTMANN (Brasil)<\/p>\n<p align=\"justify\">&nbsp;<\/p>\n<p align=\"justify\">Alianza Evang\u00e9lica Mundial<\/p>\n<p align=\"justify\">Muy Rev.do Thomas SCHIRRMACHER Presidente de la Comisi\u00f3n de Teolog\u00eda de la Alianza Evang\u00e9lica Mundial (Alemania)<\/p>\n","protected":false},"excerpt":{"rendered":"<p>Lista de los participantes en la XIV Asamblea General Ordinaria del S\u00ednodo de los Obispos Sigue la lista de los participantes en la XIV Asamblea General Ordinaria del S\u00ednodo de los obispos que tendr\u00e1 lugar del 4 al 25 de octubre en el Vaticano y cuyo tema es &#8221;La vocaci\u00f3n y la misi\u00f3n de la &hellip; <a href=\"https:\/\/www.biblia.work\/sermones\/lista-de-los-participantes-en-la-xiv-asamblea-general-ordinaria-del-sinodo-de-los-obispos\/\" class=\"more-link\">Continuar leyendo<span class=\"screen-reader-text\"> \u00abLista de los participantes en la XIV Asamblea General Ordinaria del S\u00ednodo de los Obispos\u00bb<\/span><\/a><\/p>\n","protected":false},"author":1,"featured_media":0,"comment_status":"open","ping_status":"closed","sticky":false,"template":"","format":"standard","meta":{"footnotes":""},"categories":[1],"tags":[],"class_list":["post-37022","post","type-post","status-publish","format-standard","hentry","category-general"],"_links":{"self":[{"href":"https:\/\/www.biblia.work\/sermones\/wp-json\/wp\/v2\/posts\/37022","targetHints":{"allow":["GET"]}}],"collection":[{"href":"https:\/\/www.biblia.work\/sermones\/wp-json\/wp\/v2\/posts"}],"about":[{"href":"https:\/\/www.biblia.work\/sermones\/wp-json\/wp\/v2\/types\/post"}],"author":[{"embeddable":true,"href":"https:\/\/www.biblia.work\/sermones\/wp-json\/wp\/v2\/users\/1"}],"replies":[{"embeddable":true,"href":"https:\/\/www.biblia.work\/sermones\/wp-json\/wp\/v2\/comments?post=37022"}],"version-history":[{"count":0,"href":"https:\/\/www.biblia.work\/sermones\/wp-json\/wp\/v2\/posts\/37022\/revisions"}],"wp:attachment":[{"href":"https:\/\/www.biblia.work\/sermones\/wp-json\/wp\/v2\/media?parent=37022"}],"wp:term":[{"taxonomy":"category","embeddable":true,"href":"https:\/\/www.biblia.work\/sermones\/wp-json\/wp\/v2\/categories?post=37022"},{"taxonomy":"post_tag","embeddable":true,"href":"https:\/\/www.biblia.work\/sermones\/wp-json\/wp\/v2\/tags?post=37022"}],"curies":[{"name":"wp","href":"https:\/\/api.w.org\/{rel}","templated":true}]}}