{"id":37023,"date":"2016-06-21T10:57:31","date_gmt":"2016-06-21T15:57:31","guid":{"rendered":"http:\/\/www.biblia.work\/sermones\/19-espanoles-en-el-sinodo-de-la-familia-2015\/"},"modified":"2016-06-21T10:57:31","modified_gmt":"2016-06-21T15:57:31","slug":"19-espanoles-en-el-sinodo-de-la-familia-2015","status":"publish","type":"post","link":"https:\/\/www.biblia.work\/sermones\/19-espanoles-en-el-sinodo-de-la-familia-2015\/","title":{"rendered":"19 espa\u00f1oles en el S\u00ednodo de la Familia 2015"},"content":{"rendered":"<p align=\"justify\"><strong>19 espa\u00f1oles en el S\u00ednodo de la Familia 2015<\/strong><\/p>\n<p align=\"justify\">Entre ellos, los cardenales <strong>Bl\u00e1zquez<\/strong>, <strong>Lacunza<\/strong> y <strong>Mart\u00ednez Sistach<\/strong>, el arzobispo <strong>Carlos Osoro<\/strong>, el obispo <strong>Mario Iceta<\/strong> y el matrimonio <strong>Gay<\/strong> de Barcelona.<\/p>\n<p align=\"justify\">La Santa Sede ha hecho p\u00fablica la lista de los participantes en la XIV Asamblea General Ordinaria del S\u00ednodo de los Obispos, que tendr\u00e1 lugar en el Vaticano del 4 al 25 de octubre de 2015.<\/p>\n<p align=\"justify\">La Santa Sede ha hecho p\u00fablica la lista de los participantes en la XIV Asamblea General Ordinaria del S\u00ednodo de los Obispos, que tendr\u00e1 lugar en el Vaticano del 4 al 25 de octubre de 2015. \u201cLa vocaci\u00f3n y la misi\u00f3n de la familia en la Iglesia y en el mundo contempor\u00e1neo\u201d ser\u00e1 su tema.<\/p>\n<p align=\"justify\">Los tres obispos elegidos por la Conferencia Episcopal Espa\u00f1ola (CEE) para representarla son el cardenal Ricardo Bl\u00e1zquez, presidente de la CEE y arzobispo de Valladolid; Mario Iceta, obispo de Bilbao y presidente de la Subcomisi\u00f3n Episcopal para la Familia y la Vida; y Carlos Osoro, arzobispo de Madrid y vicepresidente de la CEE.<\/p>\n<p align=\"justify\">Otros tres obispos misioneros de origen espa\u00f1ol participar\u00e1n en el S\u00ednodo: Antonio Arregui, arzobispo de Guayaquil (Ecuador), alav\u00e9s; Luis Sol\u00e9 Fa, misionero pa\u00fal, obispo de Trujillo en Honduras; y el carmelita descalzo burgal\u00e9s Braulio S\u00e1ez Garc\u00eda, obispo auxiliar de Santa Cruz de la Sierra (Bolivia)<\/p>\n<p align=\"justify\">El Papa Francisco, dentro de los padres sinodales designados directamente por \u00e9l, ha incluido a tres espa\u00f1oles: el cardenal Llu\u00eds Mart\u00ednez Sistcah, arzobispo de Barcelona; el cardenal Jos\u00e9 Luis Lacunza Maestrojuan, obispo de David (Panam\u00e1) y religioso agustino recoleto de origen navarro; y el canonista extreme\u00f1o Manuel Arroba Conde, claretiano, profesor de la Pontificia Universidad Lateranense de Roma.<\/p>\n<p align=\"justify\">La Uni\u00f3n General de Superiores Generales de congregaciones religiosas ha elegido diez padres sinodales. Tres son espa\u00f1oles: Adolfo Nicol\u00e1s Pach\u00f3n, palentino, prep\u00f3sito general de la Compa\u00f1\u00eda de Jes\u00fas; el extreme\u00f1o Jes\u00fas D\u00edaz Alonso, superior general de los Hijos de la Sagrada Familia de Jes\u00fas, Jos\u00e9 y Mar\u00eda; y el sevillano Javier \u00c1lvarez-Ossorio, superior general de la Congregaci\u00f3n de los Sagrados Corazones.<\/p>\n<p align=\"justify\">Entre los colaboradores y expertos para la Secretar\u00eda General del S\u00ednodo, se hallar\u00e1n el liturgista Mat\u00edas Aug\u00e9, claretiano de origen balear; el te\u00f3logo Llu\u00eds Clavell, del Opus Dei, de origen catal\u00e1n; y Jos\u00e9 Granados, madrile\u00f1o, religioso disc\u00edpulo de los Corazones de Jes\u00fas y Mar\u00eda, vicepresidente del Pontificio Instituto Juan Pablo II para los estudios sobre el matrimonio y la familia.<\/p>\n<p align=\"justify\">Entre los auditores se halla el matrimonio barcelon\u00e9s de Eugeni Gay y Montserrat Rosell.<\/p>\n<p align=\"justify\">Hay tambi\u00e9n otros dos sacerdotes entre los invitados a participar como asistentes: Juan Iniesta S\u00e1ez y Carlos Rodr\u00edguez Blanco.<\/p>\n","protected":false},"excerpt":{"rendered":"<p>19 espa\u00f1oles en el S\u00ednodo de la Familia 2015 Entre ellos, los cardenales Bl\u00e1zquez, Lacunza y Mart\u00ednez Sistach, el arzobispo Carlos Osoro, el obispo Mario Iceta y el matrimonio Gay de Barcelona. La Santa Sede ha hecho p\u00fablica la lista de los participantes en la XIV Asamblea General Ordinaria del S\u00ednodo de los Obispos, que &hellip; <a href=\"https:\/\/www.biblia.work\/sermones\/19-espanoles-en-el-sinodo-de-la-familia-2015\/\" class=\"more-link\">Continuar leyendo<span class=\"screen-reader-text\"> \u00ab19 espa\u00f1oles en el S\u00ednodo de la Familia 2015\u00bb<\/span><\/a><\/p>\n","protected":false},"author":1,"featured_media":0,"comment_status":"open","ping_status":"closed","sticky":false,"template":"","format":"standard","meta":{"footnotes":""},"categories":[1],"tags":[],"class_list":["post-37023","post","type-post","status-publish","format-standard","hentry","category-general"],"_links":{"self":[{"href":"https:\/\/www.biblia.work\/sermones\/wp-json\/wp\/v2\/posts\/37023","targetHints":{"allow":["GET"]}}],"collection":[{"href":"https:\/\/www.biblia.work\/sermones\/wp-json\/wp\/v2\/posts"}],"about":[{"href":"https:\/\/www.biblia.work\/sermones\/wp-json\/wp\/v2\/types\/post"}],"author":[{"embeddable":true,"href":"https:\/\/www.biblia.work\/sermones\/wp-json\/wp\/v2\/users\/1"}],"replies":[{"embeddable":true,"href":"https:\/\/www.biblia.work\/sermones\/wp-json\/wp\/v2\/comments?post=37023"}],"version-history":[{"count":0,"href":"https:\/\/www.biblia.work\/sermones\/wp-json\/wp\/v2\/posts\/37023\/revisions"}],"wp:attachment":[{"href":"https:\/\/www.biblia.work\/sermones\/wp-json\/wp\/v2\/media?parent=37023"}],"wp:term":[{"taxonomy":"category","embeddable":true,"href":"https:\/\/www.biblia.work\/sermones\/wp-json\/wp\/v2\/categories?post=37023"},{"taxonomy":"post_tag","embeddable":true,"href":"https:\/\/www.biblia.work\/sermones\/wp-json\/wp\/v2\/tags?post=37023"}],"curies":[{"name":"wp","href":"https:\/\/api.w.org\/{rel}","templated":true}]}}