{"id":37024,"date":"2016-06-21T10:57:36","date_gmt":"2016-06-21T15:57:36","guid":{"rendered":"http:\/\/www.biblia.work\/sermones\/un-grupo-de-presos-visita-el-vaticano\/"},"modified":"2016-06-21T10:57:36","modified_gmt":"2016-06-21T15:57:36","slug":"un-grupo-de-presos-visita-el-vaticano","status":"publish","type":"post","link":"https:\/\/www.biblia.work\/sermones\/un-grupo-de-presos-visita-el-vaticano\/","title":{"rendered":"Un grupo de presos visita el Vaticano"},"content":{"rendered":"<h5 style=\"text-align: justify;\">Un grupo de presos visita el Vaticano<\/h5>\n<p style=\"text-align: justify;\">50 detenidos de la <strong>c\u00e1rcel romana de Rebibbia<\/strong> vieron este domingo la Bas\u00edlica\u00a0de San Pedro, los Jardines y Museos Vaticanos<\/p>\n<p align=\"justify\">\n<p class=\"ecxinfo\" style=\"text-align: justify;\">\n<p style=\"text-align: justify;\">Un grupo de 50 presos de la c\u00e1rcel romana de Rebibbia tuvo ocasi\u00f3n este domingo de visitar los Jardines Vaticanos y la Bas\u00edlica de San Pedro. Adem\u00e1s, pudieron contemplar las maravillas art\u00edsticas de los Museos Vaticanos guiados por el director, Antonio Paolucci. A las 12 horas\u00a0se encontraron en la Capilla Sixtina para escuchar el \u00e1ngelus del papa Francisco.<\/p>\n<p dir=\"ltr\" style=\"text-align: justify;\">El director de la c\u00e1rcel, Stefano Ricca, asegur\u00f3 en declaraciones a Radio Vaticano que \u201cson esas emociones las que permanecen en nuestro coraz\u00f3n y en nuestra mente durante mucho tiempo. Para los detenidos, claramente, esto asume un valor particular: en vez de transcurrir una ma\u00f1ana m\u00e1s dentro del instituto penitenciario, poder participar en una visita exclusiva, que se ha ofrecido este domingo, en una jornada que normalmente cierra los museos, ha conmovido a los detenidos, que son part\u00edcipes de la excepcionalidad del evento\u201d.<\/p>\n<p dir=\"ltr\" style=\"text-align: justify;\">Ciudad del Vaticano, 14 de septiembre de 2015 (ZENIT.org)<\/p>\n","protected":false},"excerpt":{"rendered":"<p>Un grupo de presos visita el Vaticano 50 detenidos de la c\u00e1rcel romana de Rebibbia vieron este domingo la Bas\u00edlica\u00a0de San Pedro, los Jardines y Museos Vaticanos Un grupo de 50 presos de la c\u00e1rcel romana de Rebibbia tuvo ocasi\u00f3n este domingo de visitar los Jardines Vaticanos y la Bas\u00edlica de San Pedro. Adem\u00e1s, pudieron &hellip; <a href=\"https:\/\/www.biblia.work\/sermones\/un-grupo-de-presos-visita-el-vaticano\/\" class=\"more-link\">Continuar leyendo<span class=\"screen-reader-text\"> \u00abUn grupo de presos visita el Vaticano\u00bb<\/span><\/a><\/p>\n","protected":false},"author":1,"featured_media":0,"comment_status":"open","ping_status":"closed","sticky":false,"template":"","format":"standard","meta":{"footnotes":""},"categories":[1],"tags":[],"class_list":["post-37024","post","type-post","status-publish","format-standard","hentry","category-general"],"_links":{"self":[{"href":"https:\/\/www.biblia.work\/sermones\/wp-json\/wp\/v2\/posts\/37024","targetHints":{"allow":["GET"]}}],"collection":[{"href":"https:\/\/www.biblia.work\/sermones\/wp-json\/wp\/v2\/posts"}],"about":[{"href":"https:\/\/www.biblia.work\/sermones\/wp-json\/wp\/v2\/types\/post"}],"author":[{"embeddable":true,"href":"https:\/\/www.biblia.work\/sermones\/wp-json\/wp\/v2\/users\/1"}],"replies":[{"embeddable":true,"href":"https:\/\/www.biblia.work\/sermones\/wp-json\/wp\/v2\/comments?post=37024"}],"version-history":[{"count":0,"href":"https:\/\/www.biblia.work\/sermones\/wp-json\/wp\/v2\/posts\/37024\/revisions"}],"wp:attachment":[{"href":"https:\/\/www.biblia.work\/sermones\/wp-json\/wp\/v2\/media?parent=37024"}],"wp:term":[{"taxonomy":"category","embeddable":true,"href":"https:\/\/www.biblia.work\/sermones\/wp-json\/wp\/v2\/categories?post=37024"},{"taxonomy":"post_tag","embeddable":true,"href":"https:\/\/www.biblia.work\/sermones\/wp-json\/wp\/v2\/tags?post=37024"}],"curies":[{"name":"wp","href":"https:\/\/api.w.org\/{rel}","templated":true}]}}