{"id":37026,"date":"2016-06-21T10:57:49","date_gmt":"2016-06-21T15:57:49","guid":{"rendered":"http:\/\/www.biblia.work\/sermones\/cor-unum-convoca-una-reunion-sobre-la-crisis-humanitaria-en-siria-e-iraq\/"},"modified":"2016-06-21T10:57:49","modified_gmt":"2016-06-21T15:57:49","slug":"cor-unum-convoca-una-reunion-sobre-la-crisis-humanitaria-en-siria-e-iraq","status":"publish","type":"post","link":"https:\/\/www.biblia.work\/sermones\/cor-unum-convoca-una-reunion-sobre-la-crisis-humanitaria-en-siria-e-iraq\/","title":{"rendered":"Cor Unum convoca una reuni\u00f3n sobre la crisis humanitaria en Siria e Iraq"},"content":{"rendered":"<p style=\"text-align: justify;\"><strong>Cor Unum convoca una reuni\u00f3n sobre la crisis humanitaria en Siria e Iraq<\/strong><\/p>\n<p align=\"justify\">El Pontificio Consejo &#8220;Cor Unum&#8221; ha organizado una reuni\u00f3n sobre la crisis humanitaria en Siria e Iraq, a la que est\u00e1n invitados en particular a los organismos de caridad cat\u00f3lica que operan en el Oriente Medio y los obispos de la regi\u00f3n, el pr\u00f3ximo 17 de septiembre.<\/p>\n<p align=\"justify\">La reuni\u00f3n, a la que han dado su apoyo m\u00e1s de 30 organizaciones se estructurar\u00e1 en dos partes. Durante la ma\u00f1ana, despu\u00e9s de la introducci\u00f3n de Mons. Giampietro Dal Toso, secretario del Pontificio Consejo, intervendr\u00e1n el cardenal Leonardo Sandri, Prefecto de la Congregaci\u00f3n para las Iglesias Orientales, y el Secretario de las Naciones Unidas para Asuntos Humanitarios, Stephen O&#8217;Brien. Sucesivamente se presentar\u00e1 el Informe sobre la ayuda humanitaria de las entidades eclesiales en el contexto de la crisis de Siria e Iraq (2014-2015), elaborado por &#8220;Cor Unum&#8221;.<\/p>\n<p align=\"justify\">Por la tarde, despu\u00e9s de la intervenci\u00f3n de Mons. Khaled Akasheh, Jefe de la Oficina para el Islam del Pontificio Consejo para el Di\u00e1logo Interreligioso, y las actualizaciones sobre las iglesias locales a cargo del arzobispo Mario Zenari, Nuncio Apost\u00f3lico en Siria, de Mons. Antoine Audo , presidente de C\u00e1ritas Siria y de Mons. Shelmon Warduni, presidente de Caritas Iraq, la reuni\u00f3n se centrar\u00e1 en aspectos concretos de la cooperaci\u00f3n entre los diverso sujetos en Siria, Iraq y los pa\u00edses vecinos.<\/p>\n<p align=\"justify\">Objetivo del encuentro, en l\u00ednea con el camino emprendido en los \u00faltimos tres a\u00f1os, es evaluar la labor realizada hasta el momento por las organizaciones caritativas cat\u00f3licas en el contexto de la crisis, intercambiando informaci\u00f3n sobre la evoluci\u00f3n de la crisis y las respuestas de la Iglesia a la situaci\u00f3n humanitaria; discutir temas cr\u00edticos e identificar prioridades para el futuro; analizar la situaci\u00f3n de las comunidades cristianas que viven en pa\u00edses afectados por la guerra, promoviendo la sinergia entre los organismos eclesiales, las congregaciones religiosas y las di\u00f3cesis; analizar las actividades del &#8220;Centro de Coordinaci\u00f3n Humanitaria&#8221; (Humanitarian Focal Point) creado por los organismos de caridad cat\u00f3lica de &#8220;Cor Unum&#8221; el a\u00f1o pasado.<\/p>\n<p align=\"justify\">La crisis en Siria e Iraq es el centro de atenci\u00f3n de la comunidad internacional por su gravedad tras la guerra. La Santa Sede, adem\u00e1s de la actividad diplom\u00e1tica, participa activamente en los programas de ayuda y asistencia humanitaria. Desde el a\u00f1o 2011, seg\u00fan los datos disponibles, la crisis habr\u00eda causado m\u00e1s de 250.000 v\u00edctimas y un mill\u00f3n de heridos. Actualmente hay m\u00e1s de 12 millones de personas que necesitan ayuda en Siria y m\u00e1s de 8 millones en Irak; los refugiados internos son 7,6 millones en Siria y m\u00e1s de 3 millones en Irak, mientras que 4 millones son los refugiados sirios en toda la zona de Oriente Medio, en particular, 1,9 millones en Turqu\u00eda, 1,1 millones en el L\u00edbano y m\u00e1s de 600.000 en Jordania.<\/p>\n<p style=\"text-align: justify;\">Ciudad del Vaticano, 14 de septiembre de 2015 (Vis).-<\/p>\n","protected":false},"excerpt":{"rendered":"<p>Cor Unum convoca una reuni\u00f3n sobre la crisis humanitaria en Siria e Iraq El Pontificio Consejo &#8220;Cor Unum&#8221; ha organizado una reuni\u00f3n sobre la crisis humanitaria en Siria e Iraq, a la que est\u00e1n invitados en particular a los organismos de caridad cat\u00f3lica que operan en el Oriente Medio y los obispos de la regi\u00f3n, &hellip; <a href=\"https:\/\/www.biblia.work\/sermones\/cor-unum-convoca-una-reunion-sobre-la-crisis-humanitaria-en-siria-e-iraq\/\" class=\"more-link\">Continuar leyendo<span class=\"screen-reader-text\"> \u00abCor Unum convoca una reuni\u00f3n sobre la crisis humanitaria en Siria e Iraq\u00bb<\/span><\/a><\/p>\n","protected":false},"author":1,"featured_media":0,"comment_status":"open","ping_status":"closed","sticky":false,"template":"","format":"standard","meta":{"footnotes":""},"categories":[1],"tags":[],"class_list":["post-37026","post","type-post","status-publish","format-standard","hentry","category-general"],"_links":{"self":[{"href":"https:\/\/www.biblia.work\/sermones\/wp-json\/wp\/v2\/posts\/37026","targetHints":{"allow":["GET"]}}],"collection":[{"href":"https:\/\/www.biblia.work\/sermones\/wp-json\/wp\/v2\/posts"}],"about":[{"href":"https:\/\/www.biblia.work\/sermones\/wp-json\/wp\/v2\/types\/post"}],"author":[{"embeddable":true,"href":"https:\/\/www.biblia.work\/sermones\/wp-json\/wp\/v2\/users\/1"}],"replies":[{"embeddable":true,"href":"https:\/\/www.biblia.work\/sermones\/wp-json\/wp\/v2\/comments?post=37026"}],"version-history":[{"count":0,"href":"https:\/\/www.biblia.work\/sermones\/wp-json\/wp\/v2\/posts\/37026\/revisions"}],"wp:attachment":[{"href":"https:\/\/www.biblia.work\/sermones\/wp-json\/wp\/v2\/media?parent=37026"}],"wp:term":[{"taxonomy":"category","embeddable":true,"href":"https:\/\/www.biblia.work\/sermones\/wp-json\/wp\/v2\/categories?post=37026"},{"taxonomy":"post_tag","embeddable":true,"href":"https:\/\/www.biblia.work\/sermones\/wp-json\/wp\/v2\/tags?post=37026"}],"curies":[{"name":"wp","href":"https:\/\/api.w.org\/{rel}","templated":true}]}}