{"id":37027,"date":"2016-06-21T10:57:53","date_gmt":"2016-06-21T15:57:53","guid":{"rendered":"http:\/\/www.biblia.work\/sermones\/previsiones-informativas-de-la-semana-del-15-al-21-de-septiembre-en-el-vaticano\/"},"modified":"2016-06-21T10:57:53","modified_gmt":"2016-06-21T15:57:53","slug":"previsiones-informativas-de-la-semana-del-15-al-21-de-septiembre-en-el-vaticano","status":"publish","type":"post","link":"https:\/\/www.biblia.work\/sermones\/previsiones-informativas-de-la-semana-del-15-al-21-de-septiembre-en-el-vaticano\/","title":{"rendered":"Previsiones informativas de la semana del 15 al 21 de septiembre en el Vaticano"},"content":{"rendered":"<p style=\"text-align: justify;\">\n<p style=\"text-align: justify;\"><strong>Previsiones informativas de la semana del 15 al 21 de septiembre en el Vaticano<\/strong><\/p>\n<p style=\"text-align: justify;\"><strong>Hacia Cuba y los Estados Unidos de Am\u00e9rica\u00a0<\/strong><\/p>\n<p style=\"text-align: justify;\">(RV).- El martes 15\u00a0 de septiembre, en la Sala de Prensa de la Santa Sede a las 11.30, su Director el <strong>Padre Federico Lombardi<\/strong>, ilustrar\u00e1 a los periodistas el programa del <strong>Viaje Apost\u00f3lico<\/strong> que el <strong>Papa Francisco<\/strong> realizar\u00e1 a <strong>Cuba <\/strong>y a los <strong>Estados Unidos de Am\u00e9rica<\/strong>, del 19 al 28 de este mes de septiembre.<\/p>\n<p style=\"text-align: justify;\">Ese mismo martes, a las 20.30 en la <strong>Plaza de San Pedro<\/strong> y en el \u00e1mbito del <strong>Encuentro mundial<\/strong> de los <strong>j\u00f3venes consagrados y consagradas<\/strong> tendr\u00e1 lugar una <strong>Vigilia de oraci\u00f3n<\/strong> sobre el tema: \u201cDespierten al mundo. \u2018Llam\u00f3 a su lado a los que quiso y ellos fueron hacia \u00e9l\u2019 (<em>Mc<\/em> 3,13)\u201d.<\/p>\n<p style=\"text-align: justify;\">Durante este evento los participantes recibir\u00e1n el Saludo del Cardenal <strong>Jo\u00e3o Braz de Aviz<\/strong>, Prefecto de la Congregaci\u00f3n para los Institutos de Vida Consagrada y las Sociedades de Vida Apost\u00f3lica. Presidir\u00e1 la Vigilia Monse\u00f1or <strong>Jos\u00e9 Rodr\u00edguez Carballo<\/strong>, Secretario del mencionado Dicasterio.<\/p>\n<p style=\"text-align: justify;\">Del 15 al 19 de septiembre el Cardenal <strong>Fernando Filoni<\/strong>, Prefecto de la <strong>Congregaci\u00f3n<\/strong> para la <strong>Evangelizaci\u00f3n de los Pueblos<\/strong> realizar\u00e1 una visita a <strong>Nepal<\/strong> en signo de solidaridad tras el terremoto del pasado 25 de abril.<\/p>\n<p style=\"text-align: justify;\">El mi\u00e9rcoles 16 de septiembre, el Papa Francisco recibir\u00e1 a las 9.00, en el estudio del Aula Pablo VI del Vaticano, a unos 30 <strong>Ministros del Ambiente<\/strong> de los pa\u00edses de la <strong>Uni\u00f3n Europea<\/strong>. Y a las 10.30, en la Plaza de San Pedro, celebrar\u00e1 la tradicional Audiencia semanal ante la presencia de varios miles de fieles y peregrinos de numerosos pa\u00edses, deseosos de escuchar su <strong>catequesis<\/strong> y de recibir su bendici\u00f3n apost\u00f3lica.<\/p>\n<p style=\"text-align: justify;\">En el curso de esta <strong>Audiencia General<\/strong>, se distribuir\u00e1 el volumen titulado \u201cAmar es dar todo\u201d, dedicado a la vida consagrada. \u00a0Tal como explica un comunicado de prensa de la <strong>Conferencia Episcopal Suiza<\/strong>, se trata de un proyecto de <strong>Daniel Pittet<\/strong>, padre de familia, quien ha decidido realizar un libro sobre este tema para agradecer a todos los consagrados y consagradas la obra que realizan en la naci\u00f3n helv\u00e9tica.<\/p>\n<p style=\"text-align: justify;\">Del 16 al 20 de septiembre en la ciudad boliviana de <strong>Tarija<\/strong> se celebrar\u00e1 el <strong>V Congreso Eucar\u00edstico Nacional<\/strong>, al que asistir\u00e1 el Cardenal <strong>Daniel Fernando Sturla Berhouet<\/strong>, Arzobispo de <strong>Montevideo<\/strong>, Uruguay, en su calidad de <strong>Enviado Especial<\/strong> del <strong>Santo Padre Francisco<\/strong>.<\/p>\n<p style=\"text-align: justify;\">El jueves 17 de septiembre el <strong>Papa Bergoglio<\/strong> recibir\u00e1 en audiencia al <strong>Primer Ministro de Luxemburgo<\/strong>, Xavier Bettel y, posteriormente, a los participantes en el <strong>Encuentro mundial de los j\u00f3venes consagrados y consagradas<\/strong>.<\/p>\n<p style=\"text-align: justify;\">El viernes 18 de septiembre a las 18.00, en el Aula Papa Benedicto &#8211; Joseph Ratzinger del Colegio Teut\u00f3nico, se presentar\u00e1 el texto del Patriarca de Mosc\u00fa y de todas las Rusias, <strong>Kirill<\/strong>, titulado: \u201cLa palabra del Pastor. Dios y el hombre. La historia de la salvaci\u00f3n\u201d. La obra ser\u00e1 presentada por el Metropolita <strong>Hilarion Alfeev<\/strong>, Presidente del Departamento para las relaciones externas del mencionado Patriarcado.<\/p>\n<p style=\"text-align: justify;\">Del s\u00e1bado 19 al lunes 28 de septiembre, el Papa Francisco realizar\u00e1 su <strong>Viaje Apost\u00f3lico Internacional <\/strong>a<strong> Cuba <\/strong>y a los<strong> Estados Unidos de Am\u00e9rica<\/strong>, naci\u00f3n esta \u00faltima, en la que visitar\u00e1 la Sede de la Organizaci\u00f3n de las Naciones Unidas en Nueva York y participar\u00e1 en el <strong>VIII Encuentro Mundial de las Familias<\/strong> que se celebrar\u00e1 en la ciudad de <strong>Filadelfia<\/strong>.<\/p>\n<p style=\"text-align: justify;\">El <strong>Pont\u00edfice<\/strong> partir\u00e1 desde el Aeropuerto romano de <strong>Fiumicino<\/strong> a las 10.15 con destino a <strong>La Habana<\/strong>, a donde llegar\u00e1 a las 16.00 hora local.<\/p>\n<p style=\"text-align: justify;\">El domingo 20 de septiembre, el Papa Bergoglio celebrar\u00e1, a las 9.00 hora local de Cuba, la Santa Misa en la <strong>Plaza de la Revoluci\u00f3n<\/strong> de La Habana, donde tambi\u00e9n rezar\u00e1 el \u00c1ngelus dominical.<\/p>\n<p style=\"text-align: justify;\">Ese mismo d\u00eda realizar\u00e1 una visita de cortes\u00eda al Presidente del Consejo del Estado y del Consejo de Ministros en el Palacio de la Revoluci\u00f3n; posteriormente celebrar\u00e1 las V\u00edsperas con los sacerdotes, religiosos, religiosas y seminaristas en la Catedral de La Habana y, por \u00faltimo, saludar\u00e1 a los j\u00f3venes en el Centro Cultural <strong>Padre F\u00e9lix Varela<\/strong> de La Habana.<\/p>\n<p style=\"text-align: justify;\">El lunes 21 de septiembre, el Santo Padre Francisco partir\u00e1 en avi\u00f3n a las 8.00 hora local desde el aeropuerto de La Habana con destino a <strong>Holgu\u00edn<\/strong>, donde a las 10.30, celebrar\u00e1 la Santa Misa en la Plaza de la Revoluci\u00f3n de esta localidad; bendecir\u00e1 a la ciudad desde la <strong>Loma de la Cruz<\/strong> y, por la tarde, partir\u00e1 tambi\u00e9n en avi\u00f3n, con destino a <strong>Santiago<\/strong>, donde mantendr\u00e1 un encuentro con los Obispos \u00a0cubanos en el <strong>Seminario San Basilio Magno<\/strong> y concluir\u00e1 su segunda jornada en la isla caribe\u00f1a con una oraci\u00f3n a la <strong>Virgen de la Caridad<\/strong>, con los Obispos y el s\u00e9quito papal en la Bas\u00edlica menor de ese Santuario.<\/p>\n<p style=\"text-align: justify;\">(<strong>Mar\u00eda Fernanda Bernasconi<\/strong> &#8211; RV).<\/p>\n<p align=\"justify\">Foto:\u00a0\u00a0Audiencia general del Santo Padre Francisco en la Plaza de San Pedro del pasado 9 de septiembre &#8211; OSS_ROM<\/p>\n<p align=\"justify\">&nbsp;<\/p>\n","protected":false},"excerpt":{"rendered":"<p>Previsiones informativas de la semana del 15 al 21 de septiembre en el Vaticano Hacia Cuba y los Estados Unidos de Am\u00e9rica\u00a0 (RV).- El martes 15\u00a0 de septiembre, en la Sala de Prensa de la Santa Sede a las 11.30, su Director el Padre Federico Lombardi, ilustrar\u00e1 a los periodistas el programa del Viaje Apost\u00f3lico &hellip; <a href=\"https:\/\/www.biblia.work\/sermones\/previsiones-informativas-de-la-semana-del-15-al-21-de-septiembre-en-el-vaticano\/\" class=\"more-link\">Continuar leyendo<span class=\"screen-reader-text\"> \u00abPrevisiones informativas de la semana del 15 al 21 de septiembre en el Vaticano\u00bb<\/span><\/a><\/p>\n","protected":false},"author":1,"featured_media":0,"comment_status":"open","ping_status":"closed","sticky":false,"template":"","format":"standard","meta":{"footnotes":""},"categories":[1],"tags":[],"class_list":["post-37027","post","type-post","status-publish","format-standard","hentry","category-general"],"_links":{"self":[{"href":"https:\/\/www.biblia.work\/sermones\/wp-json\/wp\/v2\/posts\/37027","targetHints":{"allow":["GET"]}}],"collection":[{"href":"https:\/\/www.biblia.work\/sermones\/wp-json\/wp\/v2\/posts"}],"about":[{"href":"https:\/\/www.biblia.work\/sermones\/wp-json\/wp\/v2\/types\/post"}],"author":[{"embeddable":true,"href":"https:\/\/www.biblia.work\/sermones\/wp-json\/wp\/v2\/users\/1"}],"replies":[{"embeddable":true,"href":"https:\/\/www.biblia.work\/sermones\/wp-json\/wp\/v2\/comments?post=37027"}],"version-history":[{"count":0,"href":"https:\/\/www.biblia.work\/sermones\/wp-json\/wp\/v2\/posts\/37027\/revisions"}],"wp:attachment":[{"href":"https:\/\/www.biblia.work\/sermones\/wp-json\/wp\/v2\/media?parent=37027"}],"wp:term":[{"taxonomy":"category","embeddable":true,"href":"https:\/\/www.biblia.work\/sermones\/wp-json\/wp\/v2\/categories?post=37027"},{"taxonomy":"post_tag","embeddable":true,"href":"https:\/\/www.biblia.work\/sermones\/wp-json\/wp\/v2\/tags?post=37027"}],"curies":[{"name":"wp","href":"https:\/\/api.w.org\/{rel}","templated":true}]}}