{"id":37028,"date":"2016-06-21T10:57:58","date_gmt":"2016-06-21T15:57:58","guid":{"rendered":"http:\/\/www.biblia.work\/sermones\/el-papa-francisco-recuerda-la-beatificacion-en-sudrafrica-de-samuel-benedict-daswa\/"},"modified":"2016-06-21T10:57:58","modified_gmt":"2016-06-21T15:57:58","slug":"el-papa-francisco-recuerda-la-beatificacion-en-sudrafrica-de-samuel-benedict-daswa","status":"publish","type":"post","link":"https:\/\/www.biblia.work\/sermones\/el-papa-francisco-recuerda-la-beatificacion-en-sudrafrica-de-samuel-benedict-daswa\/","title":{"rendered":"El Papa Francisco recuerda la beatificaci\u00f3n en Sudr\u00e1frica de Samuel Benedict Daswa"},"content":{"rendered":"<p align=\"justify\"><strong>El Papa Francisco recuerda la beatificaci\u00f3n en Sudr\u00e1frica de Samuel Benedict Daswa<\/strong><\/p>\n<p align=\"justify\"><strong>&#8220;Pedimos a Samuel Benedict Daswa y a todos los m\u00e1rtires, que intercedan por nosotros&#8221;<\/strong><\/p>\n<p style=\"text-align: justify;\">(RV).- En sus palabras a los fieles despu\u00e9s del rezo a la Madre de Dios, el Santo Padre record\u00f3 la beatificaci\u00f3n este domingo en Sud\u00e1frica de Samuel Benedict Daswa, padre de familia, asesinado en 1990 por su fidelidad al Evangelio:<\/p>\n<p style=\"text-align: justify;\">\u201cEn su vida demostr\u00f3 siempre gran coherencia, asumiendo valientemente actitudes cristianas y rechazando h\u00e1bitos mundanos y paganos. Que su testimonio ayude especialmente a las familias a difundir la verdad y la caridad de Cristo. Y su testimonio se une al testimonio de tantos hermanos y hermanas nuestros, j\u00f3venes, ancianos, chicos, ni\u00f1os, perseguidos, expulsados, asesinados por confesar a Jesucristo. A todos estos m\u00e1rtires, a Samuel Benedict Daswa y a todos ellos, les agradecemos por su testimonio y les pedimos que intercedan por nosotros\u201d.<\/p>\n<p style=\"text-align: justify;\">El Papa Francisco salud\u00f3 a todos los presentes, romanos y peregrinos provenientes de diversos pa\u00edses, familias, grupos parroquiales y asociaciones, a los fieles de la di\u00f3cesis de Friburgo, a la asociaci\u00f3n \u201cL\u2019Albero di Zaccheo\u201d de Aosta, a los fieles de Corte Franca y Orzinuovi, a la Acci\u00f3n Cat\u00f3lica \u201cRagazzi di Algapo\u201d y al grupo de motociclistas de Ravenna.<\/p>\n<p style=\"text-align: justify;\">Saludando a los ense\u00f1antes precarios llegados de la isla de Cerde\u00f1a el Papa dese\u00f3 \u201cque los problemas del mundo del trabajo sean afrontados teniendo concretamente en cuenta a la familia y a sus exigencias\u201d.<\/p>\n<p style=\"text-align: justify;\">\u201cA todos les deseo un buen domingo. Y por favor, no se olviden de rezar por m\u00ed. \u00a1Buen almuerzo y hasta la vista!\u201d<\/p>\n<p style=\"text-align: justify;\">(GM \u2013 RV)<\/p>\n<p style=\"text-align: justify;\">(from Vatican Radio)<\/p>\n","protected":false},"excerpt":{"rendered":"<p>El Papa Francisco recuerda la beatificaci\u00f3n en Sudr\u00e1frica de Samuel Benedict Daswa &#8220;Pedimos a Samuel Benedict Daswa y a todos los m\u00e1rtires, que intercedan por nosotros&#8221; (RV).- En sus palabras a los fieles despu\u00e9s del rezo a la Madre de Dios, el Santo Padre record\u00f3 la beatificaci\u00f3n este domingo en Sud\u00e1frica de Samuel Benedict Daswa, &hellip; <a href=\"https:\/\/www.biblia.work\/sermones\/el-papa-francisco-recuerda-la-beatificacion-en-sudrafrica-de-samuel-benedict-daswa\/\" class=\"more-link\">Continuar leyendo<span class=\"screen-reader-text\"> \u00abEl Papa Francisco recuerda la beatificaci\u00f3n en Sudr\u00e1frica de Samuel Benedict Daswa\u00bb<\/span><\/a><\/p>\n","protected":false},"author":1,"featured_media":0,"comment_status":"open","ping_status":"closed","sticky":false,"template":"","format":"standard","meta":{"footnotes":""},"categories":[1],"tags":[],"class_list":["post-37028","post","type-post","status-publish","format-standard","hentry","category-general"],"_links":{"self":[{"href":"https:\/\/www.biblia.work\/sermones\/wp-json\/wp\/v2\/posts\/37028","targetHints":{"allow":["GET"]}}],"collection":[{"href":"https:\/\/www.biblia.work\/sermones\/wp-json\/wp\/v2\/posts"}],"about":[{"href":"https:\/\/www.biblia.work\/sermones\/wp-json\/wp\/v2\/types\/post"}],"author":[{"embeddable":true,"href":"https:\/\/www.biblia.work\/sermones\/wp-json\/wp\/v2\/users\/1"}],"replies":[{"embeddable":true,"href":"https:\/\/www.biblia.work\/sermones\/wp-json\/wp\/v2\/comments?post=37028"}],"version-history":[{"count":0,"href":"https:\/\/www.biblia.work\/sermones\/wp-json\/wp\/v2\/posts\/37028\/revisions"}],"wp:attachment":[{"href":"https:\/\/www.biblia.work\/sermones\/wp-json\/wp\/v2\/media?parent=37028"}],"wp:term":[{"taxonomy":"category","embeddable":true,"href":"https:\/\/www.biblia.work\/sermones\/wp-json\/wp\/v2\/categories?post=37028"},{"taxonomy":"post_tag","embeddable":true,"href":"https:\/\/www.biblia.work\/sermones\/wp-json\/wp\/v2\/tags?post=37028"}],"curies":[{"name":"wp","href":"https:\/\/api.w.org\/{rel}","templated":true}]}}