{"id":37029,"date":"2016-06-21T10:58:02","date_gmt":"2016-06-21T15:58:02","guid":{"rendered":"http:\/\/www.biblia.work\/sermones\/calendario-de-las-celebraciones-presididas-por-el-papa-en-setiembre-octubre-y-noviembre-2015\/"},"modified":"2016-06-21T10:58:02","modified_gmt":"2016-06-21T15:58:02","slug":"calendario-de-las-celebraciones-presididas-por-el-papa-en-setiembre-octubre-y-noviembre-2015","status":"publish","type":"post","link":"https:\/\/www.biblia.work\/sermones\/calendario-de-las-celebraciones-presididas-por-el-papa-en-setiembre-octubre-y-noviembre-2015\/","title":{"rendered":"Calendario de las celebraciones presididas por el Papa en setiembre, octubre y noviembre 2015"},"content":{"rendered":"<p style=\"text-align: justify;\"><strong>Calendario de las celebraciones presididas por el Papa en setiembre, octubre y noviembre 2015<br \/>\n<\/strong><\/p>\n<p style=\"text-align: justify;\">(RV).- Ofrecemos a continuaci\u00f3n el calendario de las celebraciones presididas por el Sumo Pont\u00edfice en los meses de setiembre, octubre y noviembre:<\/p>\n<p style=\"text-align: justify;\">Del 19 al 28 de setiembre en la agenda del Papa Francisco el X Viaje Apost\u00f3lico a Cuba y Estados Unidos. El s\u00e1bado 3 de octubre el Santo Padre presidir\u00e1 en la Plaza de san Pedro la Vigilia de oraci\u00f3n en preparaci\u00f3n a la XIV Asamblea General Ordinaria del S\u00ednodo de los Obispos sobre el tema de la Familia. Al d\u00eda siguiente, domingo 4 de octubre, el Papa celebrar\u00e1 la Santa Misa de apertura del s\u00ednodo. El domingo 18 celebrar\u00e1 la misa por la canonizaci\u00f3n de cuatro beatos: Vincenzo Grossi, Mar\u00eda de la Inmaculada Concepci\u00f3n y los padres de Santa Teresa di Lisieux, Ludovico Martin y Maria Azelia Gu\u00e9rin.<\/p>\n<p style=\"text-align: justify;\">El domingo 25 presidir\u00e1 en la Bas\u00edlica Vaticana la misa por la conclusi\u00f3n del S\u00ednodo. El primero de noviembre, Solemnidad de todos los Santos, el Papa celebrar\u00e1 la Misa en el Cementerio del Verano en Roma. Al d\u00eda siguiente en la conmemoraci\u00f3n de todos los fieles difuntos se dirigir\u00e1 a las Grutas Vaticanas para un momento de oraci\u00f3n por los Sumos Pont\u00edfices difuntos. El jueves 5 de noviembre en el Altar de la C\u00e1tedra de la Bas\u00edlica Vaticana, presidir\u00e1 la Misa en sufragio de los cardenales y obispos difuntos en el a\u00f1o; mientras que el domingo 15 de noviembre el Santo Padre visitar\u00e1 la Iglesia Evang\u00e9lica y Luterana de Roma, y del 25 al 30 de noviembre tendr\u00e1 lugar su XI Viaje Apost\u00f3lico Internacional en Kenya, Uganda y Rep\u00fablica Centroafricana.<\/p>\n<p style=\"text-align: justify;\">(GM &#8211; RV)<\/p>\n","protected":false},"excerpt":{"rendered":"<p>Calendario de las celebraciones presididas por el Papa en setiembre, octubre y noviembre 2015 (RV).- Ofrecemos a continuaci\u00f3n el calendario de las celebraciones presididas por el Sumo Pont\u00edfice en los meses de setiembre, octubre y noviembre: Del 19 al 28 de setiembre en la agenda del Papa Francisco el X Viaje Apost\u00f3lico a Cuba y &hellip; <a href=\"https:\/\/www.biblia.work\/sermones\/calendario-de-las-celebraciones-presididas-por-el-papa-en-setiembre-octubre-y-noviembre-2015\/\" class=\"more-link\">Continuar leyendo<span class=\"screen-reader-text\"> \u00abCalendario de las celebraciones presididas por el Papa en setiembre, octubre y noviembre 2015\u00bb<\/span><\/a><\/p>\n","protected":false},"author":1,"featured_media":0,"comment_status":"open","ping_status":"closed","sticky":false,"template":"","format":"standard","meta":{"footnotes":""},"categories":[1],"tags":[],"class_list":["post-37029","post","type-post","status-publish","format-standard","hentry","category-general"],"_links":{"self":[{"href":"https:\/\/www.biblia.work\/sermones\/wp-json\/wp\/v2\/posts\/37029","targetHints":{"allow":["GET"]}}],"collection":[{"href":"https:\/\/www.biblia.work\/sermones\/wp-json\/wp\/v2\/posts"}],"about":[{"href":"https:\/\/www.biblia.work\/sermones\/wp-json\/wp\/v2\/types\/post"}],"author":[{"embeddable":true,"href":"https:\/\/www.biblia.work\/sermones\/wp-json\/wp\/v2\/users\/1"}],"replies":[{"embeddable":true,"href":"https:\/\/www.biblia.work\/sermones\/wp-json\/wp\/v2\/comments?post=37029"}],"version-history":[{"count":0,"href":"https:\/\/www.biblia.work\/sermones\/wp-json\/wp\/v2\/posts\/37029\/revisions"}],"wp:attachment":[{"href":"https:\/\/www.biblia.work\/sermones\/wp-json\/wp\/v2\/media?parent=37029"}],"wp:term":[{"taxonomy":"category","embeddable":true,"href":"https:\/\/www.biblia.work\/sermones\/wp-json\/wp\/v2\/categories?post=37029"},{"taxonomy":"post_tag","embeddable":true,"href":"https:\/\/www.biblia.work\/sermones\/wp-json\/wp\/v2\/tags?post=37029"}],"curies":[{"name":"wp","href":"https:\/\/api.w.org\/{rel}","templated":true}]}}