{"id":37030,"date":"2016-06-21T10:58:11","date_gmt":"2016-06-21T15:58:11","guid":{"rendered":"http:\/\/www.biblia.work\/sermones\/cardenal-vingt-trois-enviado-especial-del-papa-en-creteil\/"},"modified":"2016-06-21T10:58:11","modified_gmt":"2016-06-21T15:58:11","slug":"cardenal-vingt-trois-enviado-especial-del-papa-en-creteil","status":"publish","type":"post","link":"https:\/\/www.biblia.work\/sermones\/cardenal-vingt-trois-enviado-especial-del-papa-en-creteil\/","title":{"rendered":"Cardenal Vingt-Trois, enviado especial del Papa en Cr\u00e9teil"},"content":{"rendered":"<p style=\"text-align: justify;\"><strong>Cardenal Vingt-Trois, enviado especial del Papa en Cr\u00e9teil<\/strong><\/p>\n<p style=\"text-align: justify;\">Se ha publicado hoy la carta, escrita en lat\u00edn y fechada el 11 de agosto, en la que el Santo Padre nombra al cardenal Andr\u00e9 Vingt-Trois, arzobispo de Par\u00eds (Francia) su enviado especial a la celebraci\u00f3n eucar\u00edstica con el rito de la dedicaci\u00f3n de la nueva catedral de la di\u00f3cesis de Cr\u00e9teil (Francia) que tendr\u00e1 lugar el pr\u00f3ximo 20 de septiembre.<\/p>\n<p style=\"text-align: justify;\">Ciudad del Vaticano, 11 de septiembre de 2015 (Vis).-<\/p>\n","protected":false},"excerpt":{"rendered":"<p>Cardenal Vingt-Trois, enviado especial del Papa en Cr\u00e9teil Se ha publicado hoy la carta, escrita en lat\u00edn y fechada el 11 de agosto, en la que el Santo Padre nombra al cardenal Andr\u00e9 Vingt-Trois, arzobispo de Par\u00eds (Francia) su enviado especial a la celebraci\u00f3n eucar\u00edstica con el rito de la dedicaci\u00f3n de la nueva catedral &hellip; <a href=\"https:\/\/www.biblia.work\/sermones\/cardenal-vingt-trois-enviado-especial-del-papa-en-creteil\/\" class=\"more-link\">Continuar leyendo<span class=\"screen-reader-text\"> \u00abCardenal Vingt-Trois, enviado especial del Papa en Cr\u00e9teil\u00bb<\/span><\/a><\/p>\n","protected":false},"author":1,"featured_media":0,"comment_status":"open","ping_status":"closed","sticky":false,"template":"","format":"standard","meta":{"footnotes":""},"categories":[1],"tags":[],"class_list":["post-37030","post","type-post","status-publish","format-standard","hentry","category-general"],"_links":{"self":[{"href":"https:\/\/www.biblia.work\/sermones\/wp-json\/wp\/v2\/posts\/37030","targetHints":{"allow":["GET"]}}],"collection":[{"href":"https:\/\/www.biblia.work\/sermones\/wp-json\/wp\/v2\/posts"}],"about":[{"href":"https:\/\/www.biblia.work\/sermones\/wp-json\/wp\/v2\/types\/post"}],"author":[{"embeddable":true,"href":"https:\/\/www.biblia.work\/sermones\/wp-json\/wp\/v2\/users\/1"}],"replies":[{"embeddable":true,"href":"https:\/\/www.biblia.work\/sermones\/wp-json\/wp\/v2\/comments?post=37030"}],"version-history":[{"count":0,"href":"https:\/\/www.biblia.work\/sermones\/wp-json\/wp\/v2\/posts\/37030\/revisions"}],"wp:attachment":[{"href":"https:\/\/www.biblia.work\/sermones\/wp-json\/wp\/v2\/media?parent=37030"}],"wp:term":[{"taxonomy":"category","embeddable":true,"href":"https:\/\/www.biblia.work\/sermones\/wp-json\/wp\/v2\/categories?post=37030"},{"taxonomy":"post_tag","embeddable":true,"href":"https:\/\/www.biblia.work\/sermones\/wp-json\/wp\/v2\/tags?post=37030"}],"curies":[{"name":"wp","href":"https:\/\/api.w.org\/{rel}","templated":true}]}}