{"id":37031,"date":"2016-06-21T10:58:16","date_gmt":"2016-06-21T15:58:16","guid":{"rendered":"http:\/\/www.biblia.work\/sermones\/encuentro-de-los-misioneros-claretianos-con-el-papa-francisco\/"},"modified":"2016-06-21T10:58:16","modified_gmt":"2016-06-21T15:58:16","slug":"encuentro-de-los-misioneros-claretianos-con-el-papa-francisco","status":"publish","type":"post","link":"https:\/\/www.biblia.work\/sermones\/encuentro-de-los-misioneros-claretianos-con-el-papa-francisco\/","title":{"rendered":"Encuentro de los Misioneros Claretianos con el Papa Francisco"},"content":{"rendered":"<p style=\"text-align: justify;\"><strong>Encuentro de los Misioneros Claretianos con el Papa Francisco<\/strong><\/p>\n<p style=\"text-align: justify;\">(RV).- El <strong>Papa Francisco<\/strong> recibi\u00f3 en audiencia a los misioneros claretianos encabezados por el nuevo superior general, Padre <strong>Matew Vattamattan<\/strong>, en el marco de su XXV cap\u00edtulo general, en el que han reflexionado sobre la misi\u00f3n de ser testigos y mensajeros. Ha sido <strong>un encuentro marcado por la fraternidad y cordialidad del Santo Padre con sus hu\u00e9spedes<\/strong>, los queridos misioneros claretianos, como dijo en su saludo.<\/p>\n<p style=\"text-align: justify;\">En particular se vivi\u00f3 un momento de profunda emoci\u00f3n cuando el superior general, record\u00f3 \u00a0que \u00a0<strong>San Antonio Mar\u00eda Claret <\/strong>fue <strong>arzobispo misionero en Cuba<\/strong> y encomend\u00f3 a su fundador el <strong>pr\u00f3ximo viaje apost\u00f3lico del Papa<\/strong>.<\/p>\n<p style=\"text-align: justify;\">Expresando su agradecimiento, el Santo Padre dijo que les iba a entregar el discurso preparado, improvisando unas palabras de su coraz\u00f3n.<\/p>\n<p style=\"text-align: justify;\"><strong>Adorar, caminar y acompa\u00f1ar, fueron las tres palabras que el Papa destac\u00f3 hablando del apostolado misionero claretiano<\/strong><\/p>\n<p style=\"text-align: justify;\">Adorar: nosotros en el mundo de la eficiencia hemos perdido el sentido de la adoraci\u00f3n, incluso en la oraci\u00f3n, se\u00f1al\u00f3 el Obispo de Roma, haciendo hincapi\u00e9 en la importancia de \u00abese perder tiempo sin pedir, sin agradecer, incluso sin alabar, solamente adorar, con el alma postrada\u00bb<\/p>\n<p style=\"text-align: justify;\"><strong>Caminar: Dios no puede adorarse a s\u00ed mismo, pero Dios quiso caminar, no quiso estar quieto<\/strong><\/p>\n<p style=\"text-align: justify;\">Desde el primer momento camin\u00f3 con su pueblo, reiter\u00f3 tambi\u00e9n el Santo Padre, alentando a ir a las fronteras de todo tipo, incluso las del pensamiento\u2026 porque el que est\u00e1 quieto, el que no se mueve se corrompe, como el agua.<\/p>\n<p style=\"text-align: justify;\"><strong>Acompa\u00f1ar, no caminar solo, sin acompa\u00f1ar al pueblo porque Dios camin\u00f3 acompa\u00f1ando<\/strong><\/p>\n<p style=\"text-align: justify;\">Como hizo Jes\u00fas con los que escapaban de Jerusal\u00e9n a Ema\u00fas. Se les puso al lado y acompa\u00f1\u00f3 todo un proceso, hasta que ese coraz\u00f3n fr\u00edo se volvi\u00f3 a calentar y ard\u00eda.<\/p>\n<p style=\"text-align: justify;\">\u201cAcompa\u00f1ar los momentos de alegr\u00eda, acompa\u00f1ar la felicidad de los matrimonios, de las familias. Acompa\u00f1ar los momentos duros, los momentos de cruz, los momentos de pecado. Jes\u00fas no le ten\u00eda miedo a los pecadores, los buscaba. \u2026 Acompa\u00f1ar a la gente, acompa\u00f1ar\u00a0 tantos deseos que el Se\u00f1or siembra en el coraz\u00f3n, dejarlos que crezcan bien\u201d<\/p>\n<p style=\"text-align: justify;\">\u00a0(CdM \u2013 RV)<\/p>\n<p style=\"text-align: justify;\"><strong>Voz y texto completo de las palabras improvisadas del Papa Francisco a los Claretianos<\/strong><\/p>\n<p style=\"text-align: justify;\">Buenos d\u00edas y muchas gracias. He preparado un discurso en castellano, que mons. Ganwein les va despu\u00e9s a dejar. Pero, yo prefiero decir lo que me venga. Como es en castellano\u2026Tuve un mal pensamiento cuando hablaba el General, dice \u201ccuando ley\u00f3 Evangelii Gaudium, tuve una gran alegr\u00eda\u201d. Y yo pens\u00e9 en la librer\u00eda de Buenos Aires que me\u2026. (risas) \u00a1que me editaba todos los libros!<\/p>\n<p style=\"text-align: justify;\">A los claretianos se los encuentra por todos lados.\u00a0 Tengo que reconocer que sea en el campo de la teolog\u00eda, el antiguo General, te\u00f3logo de la vida religiosa, derecho can\u00f3nico. Realmente entre los mejores canonistas ac\u00e1 en Roma est\u00e1n ustedes. Trabajo silencioso, santo var\u00f3n que pas\u00f3 toda su vida en la congregaci\u00f3n de religiosos y en el archivo, y nos daba un ejemplo ah\u00ed de vida y en la misi\u00f3n (palabra incomprensible) \u00bfNo? Si a m\u00ed se me ocurriera decirles tres palabras pensando en los que los conozco. Adem\u00e1s Dios me bendijo teniendo amistad con alguno de ustedes, no.\u00a0 Y \u2026 \u201cte rob\u00e9 uno para Bariloche, que es un amigo m\u00edo\u201d (risas). Pero, y\u00a0 yo les dir\u00eda tres palabras que les pueden servir, \u00bfno? Adorar, caminar y acompa\u00f1ar.\u00a0 Adorar: nosotros en el mundo de la eficiencia hemos perdido el sentido de la adoraci\u00f3n. Incluso en la oraci\u00f3n, no es cierto, rezamos, alabamos al Se\u00f1or, pedimos, agradecemos. Pero la adoraci\u00f3n, ese estar delante del \u00fanico Dios, de aquello que es lo \u00fanico que no tiene precio, que no se negocia, que no se cambia\u2026 Y todo lo que est\u00e1 fuera de \u00c9l es imitaci\u00f3n de cart\u00f3n, es \u00eddolo. Adorar.\u00a0 En esta etapa hagan un esfuerzo por crecer en este modo de oraci\u00f3n: la adoraci\u00f3n. Adoren, adoren a Dios. Es una carencia de la Iglesia en este momento por falta de pedagog\u00eda, ese sentido de la adoraci\u00f3n que vemos en los primeros cap\u00edtulos de la Biblia, no, adorar al \u00fanico Dios. \u201cNo tendr\u00e1s, acu\u00e9rdate Israel, no tendr\u00e1s otro Dios\u00a0 m\u00e1s que el \u00fanico\u201d y adorar, \u201ca \u00c9l s\u00f3lo adorar\u00e1s\u201d, \u00bfno?<\/p>\n<p style=\"text-align: justify;\">Ese perder tiempo sin pedir, sin agradecer, incluso sin alabar, solamente adorar, con el alma postrada. No s\u00e9 por qu\u00e9 siento decirles esto pero siento que se los debo decir, me sale de adentro.<\/p>\n<p style=\"text-align: justify;\">Caminar. Dios no puede adorarse a s\u00ed mismo, pero Dios quiso caminar, no quiso estar quieto. Desde el primer momento camin\u00f3 con su pueblo. Aquello de Mois\u00e9s tan lindo. Acordate, pens\u00e1, \u00bfQu\u00e9 pueblo tuvo un Dios tan cercano que camino junto a vos? Caminar. Y caminar es abrir fronteras, salir, abrir puertas, buscar caminos. Caminar. No estar sentados. No instalarse, en el mal sentido de la palabra. Es verdad que hay que organizar cosas, que hay trabajos que exigen estarse quietos pero con el alma, el coraz\u00f3n y la cabeza, caminar, buscar. Ir a las fronteras, a las fronteras de todo tipo, incluso las del pensamiento. Los intelectuales de ustedes ir a las fronteras, abrir caminos. Buscar. O sea: no quietos. Porque el que est\u00e1 quieto, el que no se mueve se corrompe. Como el agua: el agua estancada se corrompe enseguida. En vez, el agua del r\u00edo que corre no se corrompe. Caminar como camin\u00f3 Dios, que se hizo compa\u00f1ero del camino, \u00bfno? Y nos puede ayudar ver en la Biblia como el Se\u00f1or acompa\u00f1\u00f3 a su pueblo, incluso haci\u00e9ndose cargo de los pecados y perdonando y peor. Acompa\u00f1ar. Es decir, caminar. Caminar con ese deseo de llegar alg\u00fan d\u00eda a contemplarlo a \u00c9l y no como desgraciadamente suele pasar \u2013 pasa en todas partes, pero \u2013 gente que m\u00e1s bien viene a asegurar su vida, o a un instituto o a quedarse quieto, a que no le falte nada, no\u2026 Caminar, caminar.<\/p>\n<p style=\"text-align: justify;\">El tercero, acompa\u00f1ar. O sea, no caminar solo, \u00bfno? Porque es medio aburrido, sino acompa\u00f1ar al pueblo porque Dios camin\u00f3 acompa\u00f1ando, \u00bfno? Y me viene tan lindo eso de Jes\u00fas cuando se hizo el tonto con los que se escapaban de Jerusal\u00e9n a Ema\u00fas, \u00bfno? Se les puso al lado y acompa\u00f1\u00f3, acompa\u00f1\u00f3 todo un proceso, hasta que ese coraz\u00f3n fr\u00edo se volvi\u00f3 a calentar y ard\u00eda el coraz\u00f3n, y se dieron cuenta. Acompa\u00f1ar los momentos de alegr\u00eda, acompa\u00f1ar la felicidad de los matrimonios, de las familias. Acompa\u00f1ar los momentos duros, los momentos de cruz, los momentos de pecado. Jes\u00fas no le ten\u00eda miedo a los pecadores, los buscaba. Los van a criticar: \u201cuy, \u00e9ste es demasiado avanzado, \u00e9ste es imprudente, \u00e9ste es esto\u201d. Acompa\u00f1ar. Acompa\u00f1ar a la gente, acompa\u00f1ar\u00a0 tantos deseos que el Se\u00f1or siembra en el coraz\u00f3n, dejarlos que crezcan bien \u00bfno?<\/p>\n<p style=\"text-align: justify;\">Entonces, me vino decirles esto. Adorar, caminar y acompa\u00f1ar. Entonces, si les sirve, \u00a1adelante\u00a1 Se los dejo en sus manos, eh. Y como Mar\u00eda es la Madre que los cuida, los invito a rezar juntos un Ave Mar\u00eda.<\/p>\n<p style=\"text-align: justify;\">Los bendiga Dios Todopoderoso, el Padre, el Hijo y el Esp\u00edritu Santo.<\/p>\n<p style=\"text-align: justify;\">\u00bfVieron qu\u00e9 bueno que fui, que nos les hice recordar que el fundador hab\u00eda sido jesuita?<\/p>\n<p style=\"text-align: justify;\">(Transcripci\u00f3n de Mar\u00eda Cecilia Mutual \u2013 RV)<\/p>\n<p style=\"text-align: justify;\"><strong>Texto completo del discurso entregado:<\/strong><\/p>\n<p style=\"text-align: justify;\">Queridos misioneros Claretianos:<\/p>\n<p style=\"text-align: justify;\">\u00a1Bienvenidos! Es para m\u00ed una alegr\u00eda poder tener este encuentro con ustedes. Agradezco al Superior General, Padre Matew Vattamattam sus amables palabras, expresi\u00f3n de su comuni\u00f3n eclesial, y le deseo un fecundo servicio en esta responsabilidad que le han confiado sus hermanos.<\/p>\n<p style=\"text-align: justify;\"><strong>\u00abTestigos y mensajeros de la alegr\u00eda del Evangelio\u00bb<\/strong> es, seg\u00fan me han informado, el tema que centra el discernimiento capitular. \u00abTestigos\u00bb, porque la alegr\u00eda no se puede comunicar si no est\u00e1 presente y profundamente enraizada tanto en la propia vida como en la de la comunidad. \u00abMensajeros\u00bb, porque lo bueno hay que compartirlo y al compartirla la alegr\u00eda se purifica y se multiplica, haci\u00e9ndose verdaderamente \u00abevang\u00e9lica\u00bb.<\/p>\n<p style=\"text-align: justify;\">\u00bfC\u00f3mo han encontrado la Congregaci\u00f3n en el an\u00e1lisis capitular? En este ejercicio de discernimiento, \u00bfC\u00f3mo les ha interpelado la voz del Esp\u00edritu? Un camino muy seguro para discernir sus llamadas es situarse a la escucha en las diferentes periferias de nuestro mundo. En ellas su voz resuena con mayor claridad. Esto es todav\u00eda m\u00e1s importante para una Congregaci\u00f3n misionera como la de ustedes.<\/p>\n<p style=\"text-align: justify;\">Estamos celebrando el A\u00f1o de la Vida consagrada. Con este motivo envi\u00e9 una carta a todos los consagrados en las que les invitaba a mirar al pasado con gratitud, vivir el presente con pasi\u00f3n y abrazar el futuro con esperanza. Se los repito de nuevo a ustedes. Cuando en el centro de nuestra vida est\u00e1 Jes\u00fas, somos capaces de testimoniar y comunicar la alegr\u00eda del Evangelio.<\/p>\n<p style=\"text-align: justify;\">Hacer \u00abmemoria agradecida del pasado\u00bb es dar gracias a Dios por el testimonio de muchos de sus hermanos que, sostenidos por su fe, vivieron con profundo gozo su vocaci\u00f3n &#8211; algunos de ellos hasta el martirio -. Es tambi\u00e9n, reconocer la misericordiosa mano del Se\u00f1or que a pesar de nuestra debilidad y nuestra inconstancia sigue obrando maravillas en medio de su Pueblo.<\/p>\n<p style=\"text-align: justify;\">\u00abVivir el presente con pasi\u00f3n\u00bb es fundamentar su programa misionero en el esp\u00edritu de san <strong>Antonio Mar\u00eda Claret <\/strong>que puso como lema en su escudo episcopal el <strong>Caritas Christi urget nos<\/strong>. Amar como am\u00f3 Jes\u00fas debe interpelar cada una de nuestras opciones vitales y pastorales.<\/p>\n<p style=\"text-align: justify;\">\u00abAbrazar el futuro con esperanza\u00bb, significa no dejarse arrastrar por el des\u00e1nimo. No tener miedo. Es el Se\u00f1or quien env\u00eda. Pongan siempre los ojos en quienes esperan el anuncio, en quienes necesitan de Su testimonio para sentir la presencia misericordiosa de Dios en sus vidas.<\/p>\n<p style=\"text-align: justify;\">Les agradezco su vida y su trabajo misionero. Hagan llegar, por favor, mi saludo a todos y cada uno de sus hermanos, en particular a quienes, por la enfermedad o por la edad avanzada, colaboran ahora con su oraci\u00f3n y su testimonio a la misi\u00f3n congregacional. Cuiden a quienes est\u00e1n en el proceso de formaci\u00f3n inicial: ay\u00fadenles a interiorizar aquellos valores que su Fundador les se\u00f1al\u00f3 como garant\u00eda de fidelidad al carisma con que el Se\u00f1or bendijo a su Iglesia a trav\u00e9s suyo. Y lleven mi saludo tambi\u00e9n a todos los seglares con quienes comparten la vida y la misi\u00f3n.<\/p>\n<p style=\"text-align: justify;\">San Antonio Mar\u00eda Claret, como fundador, les dio un bello t\u00edtulo: \u00abHijos del Coraz\u00f3n de Mar\u00eda\u00bb. Dejen que todas las dimensiones de sus vidas est\u00e9n profundamente marcadas por esta \u00abcordialidad\u00bb, que inspir\u00f3 a Mar\u00eda el hermoso canto del Magn\u00edficat; y expresen la maternidad de la Iglesia, madre misericordiosa, que nunca se cansa de esperar, acompa\u00f1ar y perdonar. A Mar\u00eda los encomiendo y los bendigo. Por favor, no se olviden de rezar por m\u00ed; pues lo necesito.<\/p>\n<p style=\"text-align: justify;\">Foto: Encuentro del Papa con los misioneros claretianos, Hijos del Coraz\u00f3n Inmaculado de Mar\u00eda &#8211; OSS_ROM<\/p>\n<p align=\"justify\">&nbsp;<\/p>\n","protected":false},"excerpt":{"rendered":"<p>Encuentro de los Misioneros Claretianos con el Papa Francisco (RV).- El Papa Francisco recibi\u00f3 en audiencia a los misioneros claretianos encabezados por el nuevo superior general, Padre Matew Vattamattan, en el marco de su XXV cap\u00edtulo general, en el que han reflexionado sobre la misi\u00f3n de ser testigos y mensajeros. Ha sido un encuentro marcado &hellip; <a href=\"https:\/\/www.biblia.work\/sermones\/encuentro-de-los-misioneros-claretianos-con-el-papa-francisco\/\" class=\"more-link\">Continuar leyendo<span class=\"screen-reader-text\"> \u00abEncuentro de los Misioneros Claretianos con el Papa Francisco\u00bb<\/span><\/a><\/p>\n","protected":false},"author":1,"featured_media":0,"comment_status":"open","ping_status":"closed","sticky":false,"template":"","format":"standard","meta":{"footnotes":""},"categories":[1],"tags":[],"class_list":["post-37031","post","type-post","status-publish","format-standard","hentry","category-general"],"_links":{"self":[{"href":"https:\/\/www.biblia.work\/sermones\/wp-json\/wp\/v2\/posts\/37031","targetHints":{"allow":["GET"]}}],"collection":[{"href":"https:\/\/www.biblia.work\/sermones\/wp-json\/wp\/v2\/posts"}],"about":[{"href":"https:\/\/www.biblia.work\/sermones\/wp-json\/wp\/v2\/types\/post"}],"author":[{"embeddable":true,"href":"https:\/\/www.biblia.work\/sermones\/wp-json\/wp\/v2\/users\/1"}],"replies":[{"embeddable":true,"href":"https:\/\/www.biblia.work\/sermones\/wp-json\/wp\/v2\/comments?post=37031"}],"version-history":[{"count":0,"href":"https:\/\/www.biblia.work\/sermones\/wp-json\/wp\/v2\/posts\/37031\/revisions"}],"wp:attachment":[{"href":"https:\/\/www.biblia.work\/sermones\/wp-json\/wp\/v2\/media?parent=37031"}],"wp:term":[{"taxonomy":"category","embeddable":true,"href":"https:\/\/www.biblia.work\/sermones\/wp-json\/wp\/v2\/categories?post=37031"},{"taxonomy":"post_tag","embeddable":true,"href":"https:\/\/www.biblia.work\/sermones\/wp-json\/wp\/v2\/tags?post=37031"}],"curies":[{"name":"wp","href":"https:\/\/api.w.org\/{rel}","templated":true}]}}