{"id":37032,"date":"2016-06-21T10:58:20","date_gmt":"2016-06-21T15:58:20","guid":{"rendered":"http:\/\/www.biblia.work\/sermones\/audiencia-al-presidente-de-serbia-tomislav-nikolic\/"},"modified":"2016-06-21T10:58:20","modified_gmt":"2016-06-21T15:58:20","slug":"audiencia-al-presidente-de-serbia-tomislav-nikolic","status":"publish","type":"post","link":"https:\/\/www.biblia.work\/sermones\/audiencia-al-presidente-de-serbia-tomislav-nikolic\/","title":{"rendered":"Audiencia al presidente de Serbia, Tomislav Nikolic"},"content":{"rendered":"<p style=\"text-align: justify;\"><strong>Audiencia al presidente de Serbia,\u00a0Tomislav Nikolic<\/strong> : Privilegiar una soluci\u00f3n compartida para los pr\u00f3fugos sirios e iraqu\u00edes<\/p>\n<p style=\"text-align: justify;\">En la ma\u00f1ana de hoy, 11 de septiembre, el Santo Padre Francisco ha recibido en audiencia a Tomislav Nikolic, Presidente de la Rep\u00fablica de Serbia, que sucesivamente ha encontrado al cardenal Pietro Parolin, Secretario de Estado, a quien acompa\u00f1aba el arzobispo Paul Richard Gallagher, Secretario para las Relaciones con los Estados.<\/p>\n<p style=\"text-align: justify;\">Durante las conversaciones, transcurridas en un clima cordial, se han constatado las buenas relaciones entre la Santa Sede y la Rep\u00fablica de Serbia y se han tratado temas de inter\u00e9s com\u00fan concernientes a las relaciones entre la comunidad eclesial y la civil, con una referencia particular al di\u00e1logo ecum\u00e9nico y a la aportaci\u00f3n de la Iglesia Cat\u00f3lica al bien com\u00fan de la sociedad serbia.<\/p>\n<p style=\"text-align: justify;\">A lo largo de los coloquios se ha hablado tambi\u00e9n del camino de Serbia hacia la plena incorporaci\u00f3n a la Uni\u00f3n Europea, as\u00ed como de algunas situaciones de car\u00e1cter regional e internacional, entre las cuales la condici\u00f3n de los pr\u00f3fugos y de los refugiados sirios e iraqu\u00edes y la importancia de privilegiar una soluci\u00f3n compartida de la crisis en curso.<\/p>\n<p style=\"text-align: justify;\">Ciudad del Vaticano, 11 de septiembre de 2015 (Vis).-<\/p>\n","protected":false},"excerpt":{"rendered":"<p>Audiencia al presidente de Serbia,\u00a0Tomislav Nikolic : Privilegiar una soluci\u00f3n compartida para los pr\u00f3fugos sirios e iraqu\u00edes En la ma\u00f1ana de hoy, 11 de septiembre, el Santo Padre Francisco ha recibido en audiencia a Tomislav Nikolic, Presidente de la Rep\u00fablica de Serbia, que sucesivamente ha encontrado al cardenal Pietro Parolin, Secretario de Estado, a quien &hellip; <a href=\"https:\/\/www.biblia.work\/sermones\/audiencia-al-presidente-de-serbia-tomislav-nikolic\/\" class=\"more-link\">Continuar leyendo<span class=\"screen-reader-text\"> \u00abAudiencia al presidente de Serbia, Tomislav Nikolic\u00bb<\/span><\/a><\/p>\n","protected":false},"author":1,"featured_media":0,"comment_status":"open","ping_status":"closed","sticky":false,"template":"","format":"standard","meta":{"footnotes":""},"categories":[1],"tags":[],"class_list":["post-37032","post","type-post","status-publish","format-standard","hentry","category-general"],"_links":{"self":[{"href":"https:\/\/www.biblia.work\/sermones\/wp-json\/wp\/v2\/posts\/37032","targetHints":{"allow":["GET"]}}],"collection":[{"href":"https:\/\/www.biblia.work\/sermones\/wp-json\/wp\/v2\/posts"}],"about":[{"href":"https:\/\/www.biblia.work\/sermones\/wp-json\/wp\/v2\/types\/post"}],"author":[{"embeddable":true,"href":"https:\/\/www.biblia.work\/sermones\/wp-json\/wp\/v2\/users\/1"}],"replies":[{"embeddable":true,"href":"https:\/\/www.biblia.work\/sermones\/wp-json\/wp\/v2\/comments?post=37032"}],"version-history":[{"count":0,"href":"https:\/\/www.biblia.work\/sermones\/wp-json\/wp\/v2\/posts\/37032\/revisions"}],"wp:attachment":[{"href":"https:\/\/www.biblia.work\/sermones\/wp-json\/wp\/v2\/media?parent=37032"}],"wp:term":[{"taxonomy":"category","embeddable":true,"href":"https:\/\/www.biblia.work\/sermones\/wp-json\/wp\/v2\/categories?post=37032"},{"taxonomy":"post_tag","embeddable":true,"href":"https:\/\/www.biblia.work\/sermones\/wp-json\/wp\/v2\/tags?post=37032"}],"curies":[{"name":"wp","href":"https:\/\/api.w.org\/{rel}","templated":true}]}}