{"id":37033,"date":"2016-06-21T10:58:24","date_gmt":"2016-06-21T15:58:24","guid":{"rendered":"http:\/\/www.biblia.work\/sermones\/federico-lombardi-sj-sobre-el-llamamiento-del-papa-a-dar-acogida-a-los-profugos-y-refugiados\/"},"modified":"2016-06-21T10:58:24","modified_gmt":"2016-06-21T15:58:24","slug":"federico-lombardi-sj-sobre-el-llamamiento-del-papa-a-dar-acogida-a-los-profugos-y-refugiados","status":"publish","type":"post","link":"https:\/\/www.biblia.work\/sermones\/federico-lombardi-sj-sobre-el-llamamiento-del-papa-a-dar-acogida-a-los-profugos-y-refugiados\/","title":{"rendered":"Federico Lombardi SJ sobre el llamamiento del Papa a dar acogida a los pr\u00f3fugos y refugiados"},"content":{"rendered":"<p align=\"justify\"><strong>Federico Lombardi SJ sobre el llamamiento del Papa a dar acogida a los pr\u00f3fugos y refugiados<\/strong><\/p>\n<p style=\"text-align: justify;\">\u00a0(RV).- Al comentar sobre el fuerte llamamiento del Papa en el \u00c1ngelus a prop\u00f3sito de la acogida a los refugiados en las parroquias, comunidades religiosas, monasterios y santuarios de toda Europa, el p. Federico Lombardi SJ, Director de Radio Vaticana y de la Oficina de Prensa de la Santa Sede, se\u00f1al\u00f3 que el Papa quiere que en toda Europa &#8211; no s\u00f3lo en un lugar particular, &#8211; la comunidad cat\u00f3lica sea promotora de acogida en una situaci\u00f3n en que la gravedad de los problemas de los pr\u00f3fugos y los migrantes se manifiestan como la \u201cfrontera m\u00e1s actual y urgente\u201d de la solidaridad concreta en un horizonte continental.<\/p>\n<p style=\"text-align: justify;\">&#8220;El llamamiento es un llamado a la solidaridad y a la acogida, a una respuesta creativa y generosa, que nace del coraz\u00f3n del Papa en el contexto de la preparaci\u00f3n de un Jubileo de la Misericordia que ha de actuarse, en particular, a trav\u00e9s de las obras, y no se refiere a un plan operativo y organizativo predefinido&#8221;, se\u00f1ala el p. Lombardi.<\/p>\n<p style=\"text-align: justify;\">&#8220;Naturalmente, cuando el Papa habla de las parroquias&#8221;, explica, &#8220;entiende de hecho a las comunidades parroquiales como comunidades insertadas en el territorio y no solamente a los p\u00e1rrocos con las casas &#8216;can\u00f3nicas&#8217;; las comunidades parroquiales pueden encontrar de diferentes formas los caminos adecuados para la acogida. Mientras que cuando habla de las comunidades religiosas, vuelven a la mente las palabras fuertes que ya hab\u00eda utilizado al visitar el Centro Astalli de Roma con referencia a los conventos vac\u00edos&#8221;: \u00abEl Se\u00f1or llama a vivir con m\u00e1s valor y generosidad la acogida en las comunidades, en las casas, en los conventos vac\u00edos\u00bb, \u00abQueridos religiosos y religiosas, los conventos vac\u00edos no sirven a la Iglesia para transformarlos en hoteles y ganar dinero. Los conventos vac\u00edos no son nuestros, son para la carne de Cristo, que son los refugiados\u00bb, dijo el Papa el 10 de septiembre de 2013. \u00abCierto, no es algo sencillo: se necesita criterio, responsabilidad, pero se requiere tambi\u00e9n valor. Hacemos mucho; tal vez estamos llamados a hacer m\u00e1s, acogiendo y compartiendo con decisi\u00f3n lo que la Providencia nos ha dado para servir\u00bb.<\/p>\n<p style=\"text-align: justify;\">En lo que respecta a las &#8220;dos parroquias&#8221; del Vaticano, &#8211; concluye el p. Lombardi &#8211; \u00a0el Papa se refiere a la parroquia de Santa Ana y a la Bas\u00edlica de San Pedro, que son dos realidades muy diferentes entre s\u00ed y encontrar\u00e1n cada una el propio modo para cumplir al llamamiento del Papa.<\/p>\n","protected":false},"excerpt":{"rendered":"<p>Federico Lombardi SJ sobre el llamamiento del Papa a dar acogida a los pr\u00f3fugos y refugiados \u00a0(RV).- Al comentar sobre el fuerte llamamiento del Papa en el \u00c1ngelus a prop\u00f3sito de la acogida a los refugiados en las parroquias, comunidades religiosas, monasterios y santuarios de toda Europa, el p. Federico Lombardi SJ, Director de Radio &hellip; <a href=\"https:\/\/www.biblia.work\/sermones\/federico-lombardi-sj-sobre-el-llamamiento-del-papa-a-dar-acogida-a-los-profugos-y-refugiados\/\" class=\"more-link\">Continuar leyendo<span class=\"screen-reader-text\"> \u00abFederico Lombardi SJ sobre el llamamiento del Papa a dar acogida a los pr\u00f3fugos y refugiados\u00bb<\/span><\/a><\/p>\n","protected":false},"author":1,"featured_media":0,"comment_status":"open","ping_status":"closed","sticky":false,"template":"","format":"standard","meta":{"footnotes":""},"categories":[1],"tags":[],"class_list":["post-37033","post","type-post","status-publish","format-standard","hentry","category-general"],"_links":{"self":[{"href":"https:\/\/www.biblia.work\/sermones\/wp-json\/wp\/v2\/posts\/37033","targetHints":{"allow":["GET"]}}],"collection":[{"href":"https:\/\/www.biblia.work\/sermones\/wp-json\/wp\/v2\/posts"}],"about":[{"href":"https:\/\/www.biblia.work\/sermones\/wp-json\/wp\/v2\/types\/post"}],"author":[{"embeddable":true,"href":"https:\/\/www.biblia.work\/sermones\/wp-json\/wp\/v2\/users\/1"}],"replies":[{"embeddable":true,"href":"https:\/\/www.biblia.work\/sermones\/wp-json\/wp\/v2\/comments?post=37033"}],"version-history":[{"count":0,"href":"https:\/\/www.biblia.work\/sermones\/wp-json\/wp\/v2\/posts\/37033\/revisions"}],"wp:attachment":[{"href":"https:\/\/www.biblia.work\/sermones\/wp-json\/wp\/v2\/media?parent=37033"}],"wp:term":[{"taxonomy":"category","embeddable":true,"href":"https:\/\/www.biblia.work\/sermones\/wp-json\/wp\/v2\/categories?post=37033"},{"taxonomy":"post_tag","embeddable":true,"href":"https:\/\/www.biblia.work\/sermones\/wp-json\/wp\/v2\/tags?post=37033"}],"curies":[{"name":"wp","href":"https:\/\/api.w.org\/{rel}","templated":true}]}}