{"id":37034,"date":"2016-06-21T10:58:28","date_gmt":"2016-06-21T15:58:28","guid":{"rendered":"http:\/\/www.biblia.work\/sermones\/el-papa-se-reunio-con-los-obispos-ordenados-en-el-presente-curso\/"},"modified":"2016-06-21T10:58:28","modified_gmt":"2016-06-21T15:58:28","slug":"el-papa-se-reunio-con-los-obispos-ordenados-en-el-presente-curso","status":"publish","type":"post","link":"https:\/\/www.biblia.work\/sermones\/el-papa-se-reunio-con-los-obispos-ordenados-en-el-presente-curso\/","title":{"rendered":"El Papa se reuni\u00f3 con los obispos ordenados en el presente curso"},"content":{"rendered":"<p style=\"text-align: justify;\"><strong>El Papa se reuni\u00f3 con los obispos ordenados en el presente curso<\/strong><\/p>\n<p style=\"text-align: justify;\">A los nuevos obispos: Ninguna esfera de la vida humana est\u00e1 excluida del inter\u00e9s del pastor<\/p>\n<p style=\"text-align: justify;\">Los <strong>Obispos son testigos del Resucitado<\/strong>, pedagogos, gu\u00edas espirituales y catequistas, mistagogos y misioneros. As\u00ed lo ha afirmado el <strong>Papa Francisco al recibir esta ma\u00f1ana en la Sala Clementina a los nuevos obispos<\/strong> (unos ciento treinta) <strong>ordenados en el curso de este a\u00f1o<\/strong> y a quienes acompa\u00f1aban los cardenales <strong>Marc Ouellet<\/strong> PS, y <strong>Leonardo Sandri<\/strong>, respectivamente Prefectos de la Congregaci\u00f3n para los Obispos y de la Congregaci\u00f3n para las Iglesias Orientales. Reproducimos a continuaci\u00f3n amplios extractos del discurso que el Santo Padre les ha dirigido.<\/p>\n<p style=\"text-align: justify;\">&#8221;Obispos&#8230;. sois testigos del Resucitado. Esta es vuestra tarea primordial e insustituible. A vosotros se os ha confiado la predicaci\u00f3n de la realidad que sostiene todo el edificio de la Iglesia: \u00a1Jes\u00fas ha resucitado!&#8230;Tambi\u00e9n nosotros resucitaremos con Cristo&#8230; No se trata de una proclamaci\u00f3n obvia ni f\u00e1cil. El mundo est\u00e1 tan contento con su presente, al menos en apariencia, con lo que es capaz de proporcionarle lo que es \u00fatil para suprimir la pregunta de lo que es definitivo&#8230; Y sin embargo, nos asaltan preguntas cuyas respuestas pueden venir solamente del futuro definitivo. \u00bfC\u00f3mo podr\u00edamos hacer frente al dif\u00edcil presente si se desdibujase en nosotros un sentido de pertenencia a la comunidad del Resucitado? \u00bfPodr\u00edamos recordar la grandeza del destino humano si se debilitase en nosotros el valor de subordinar nuestra vida al amor que no muere?&#8221;.<\/p>\n<p style=\"text-align: justify;\">&#8221;Pienso en los dram\u00e1ticos desaf\u00edos como la globalizaci\u00f3n, que acerca lo que est\u00e1 lejos y por otro lado aleja lo cercano. Pienso en el fen\u00f3meno epocal de la migraci\u00f3n que trastorna nuestros d\u00edas. Pienso en el ambiente natural, el jard\u00edn que Dios ha dado como hogar al ser humano y a otras criaturas y que est\u00e1 amenazado por la explotaci\u00f3n miope y a menudo depredadora. Pienso en la dignidad y el futuro del trabajo humano, del que est\u00e1n privadas enteras generaciones. Pienso en la desertificaci\u00f3n de las relaciones&#8230;, en el desamparo de tantos j\u00f3venes y la soledad de muchos ancianos&#8230;No quisiera concentrarme sobre una agenda de estas tareas porque no quiero asustaros&#8230; Me empuja solamente entregaros, una vez m\u00e1s, la alegr\u00eda del Evangelio&#8230;Recordad siempre que el Evangelio os protege y no teng\u00e1is miedo de ir a ningua parte y de estar con los que el Se\u00f1or os ha confiado &#8230;Ninguna esfera de la vida humana est\u00e1 excluida del inter\u00e9s del coraz\u00f3n del pastor&#8230;Guardaos del peligro de dejar de lado las m\u00faltiples realidades de vuestro reba\u00f1o, no renunci\u00e9is a los encuentros, no ahorr\u00e9is la predicaci\u00f3n de la Palabra viva del Se\u00f1or. Invitad a todos a la misi\u00f3n&#8221;,<\/p>\n<p style=\"text-align: justify;\"><strong>Obispos educadores, gu\u00edas espirituales y catequistas<\/strong><\/p>\n<p style=\"text-align: justify;\">&#8221;Con los que son de casa, asisten a vuestra comunidad y reciben la Eucarist\u00eda, os invito a haceros obispos educadores, gu\u00edas y catequistas espirituales, capaces de llevarlos de la mano y hacerles subir al Tabor, de guiarlos al conocimiento del misterio que profesan&#8230; No escatim\u00e9is energ\u00edas para acompa\u00f1arlos en la subida. No dej\u00e9is que se resignan a las llanuras&#8221;.<\/p>\n<p style=\"text-align: justify;\"><strong>Obispos mistagogos<\/strong><\/p>\n<p style=\"text-align: justify;\">&#8221;Recuerdo a las personas bautizadas pero que no viven las exigencias del Bautismo. Quiz\u00e1s se ha pensado durante mucho tiempo que la tierra en la que cay\u00f3 la semilla del Evangelio no necesitaba cuidados. Algunos se han alejado, decepcionados de las promesas de la fe, o porque les parec\u00eda demasiado exigente el camino para alcanzarlas. No pocos han salido dando un portazo, echand\u00f3nos en cara nuestras debilidades y buscando convencerse, sin conseguirlo del todo, que estaban enga\u00f1ados por esperanzas al final desmentidas. Sed obispos capaces de interceptar su camino&#8230; No os escandalic\u00e9is de su dolor o de sus decepciones. Iluminadlos con la llama&#8230; siempre capaz de iluminar lo que alcanza con su claridad, y sin embargo, nunca deslumbrante&#8230;Dedicad tiempo a reuniros con ellos en su camino a Ema\u00fas. Dadles palabras que les revelen lo que todav\u00eda no son capaces de ver: el potencial oculto en sus propias desilusiones&#8230;M\u00e1s que con palabras, calentad sus corazones con la escucha humilde e interesada en su verdadero bien, para que se abran sus ojos e , inviritiendo su curso vuelvan a Aquel de quien se hab\u00edan alejado&#8221;.<\/p>\n<p align=\"justify\"><strong>Obispos misioneros<\/strong><\/p>\n<p align=\"justify\">Como pastores misioneros de la salvaci\u00f3n gratuita de Dios, buscad tambi\u00e9n a aquellos que no conocen a Jes\u00fas o lo han rechazado siempre. Ir en su direcci\u00f3n&#8230;sin miedo ni temor&#8230; No es cierto que podemos prescindir de estos hermanos lejanos. No nos est\u00e1 permitido despreocuparnos de su suerte&#8230;.Viendo en nosotros al Se\u00f1or que los interpela, tal vez tengan el valor de responder a la invitaci\u00f3n divina. Si fuera as\u00ed, nuestras comunidades se enriquecer\u00e1n con todo lo que tienen que compartir, y nuestros corazones de Pastores se regocijar\u00e1n al repetir una vez m\u00e1s: &#8220;Hoy ha llegado la salvaci\u00f3n a esta casa.&#8221;<\/p>\n<p style=\"text-align: justify;\">Ciudad del Vaticano, 10 de septiembre de 2015 (Vis).-<\/p>\n","protected":false},"excerpt":{"rendered":"<p>El Papa se reuni\u00f3 con los obispos ordenados en el presente curso A los nuevos obispos: Ninguna esfera de la vida humana est\u00e1 excluida del inter\u00e9s del pastor Los Obispos son testigos del Resucitado, pedagogos, gu\u00edas espirituales y catequistas, mistagogos y misioneros. As\u00ed lo ha afirmado el Papa Francisco al recibir esta ma\u00f1ana en la &hellip; <a href=\"https:\/\/www.biblia.work\/sermones\/el-papa-se-reunio-con-los-obispos-ordenados-en-el-presente-curso\/\" class=\"more-link\">Continuar leyendo<span class=\"screen-reader-text\"> \u00abEl Papa se reuni\u00f3 con los obispos ordenados en el presente curso\u00bb<\/span><\/a><\/p>\n","protected":false},"author":1,"featured_media":0,"comment_status":"open","ping_status":"closed","sticky":false,"template":"","format":"standard","meta":{"footnotes":""},"categories":[1],"tags":[],"class_list":["post-37034","post","type-post","status-publish","format-standard","hentry","category-general"],"_links":{"self":[{"href":"https:\/\/www.biblia.work\/sermones\/wp-json\/wp\/v2\/posts\/37034","targetHints":{"allow":["GET"]}}],"collection":[{"href":"https:\/\/www.biblia.work\/sermones\/wp-json\/wp\/v2\/posts"}],"about":[{"href":"https:\/\/www.biblia.work\/sermones\/wp-json\/wp\/v2\/types\/post"}],"author":[{"embeddable":true,"href":"https:\/\/www.biblia.work\/sermones\/wp-json\/wp\/v2\/users\/1"}],"replies":[{"embeddable":true,"href":"https:\/\/www.biblia.work\/sermones\/wp-json\/wp\/v2\/comments?post=37034"}],"version-history":[{"count":0,"href":"https:\/\/www.biblia.work\/sermones\/wp-json\/wp\/v2\/posts\/37034\/revisions"}],"wp:attachment":[{"href":"https:\/\/www.biblia.work\/sermones\/wp-json\/wp\/v2\/media?parent=37034"}],"wp:term":[{"taxonomy":"category","embeddable":true,"href":"https:\/\/www.biblia.work\/sermones\/wp-json\/wp\/v2\/categories?post=37034"},{"taxonomy":"post_tag","embeddable":true,"href":"https:\/\/www.biblia.work\/sermones\/wp-json\/wp\/v2\/tags?post=37034"}],"curies":[{"name":"wp","href":"https:\/\/api.w.org\/{rel}","templated":true}]}}