{"id":37040,"date":"2016-06-21T10:59:04","date_gmt":"2016-06-21T15:59:04","guid":{"rendered":"http:\/\/www.biblia.work\/sermones\/xxviii-encuentro-internacional-por-la-paz-promovido-por-la-comunidad-de-san-egidio\/"},"modified":"2016-06-21T10:59:04","modified_gmt":"2016-06-21T15:59:04","slug":"xxviii-encuentro-internacional-por-la-paz-promovido-por-la-comunidad-de-san-egidio","status":"publish","type":"post","link":"https:\/\/www.biblia.work\/sermones\/xxviii-encuentro-internacional-por-la-paz-promovido-por-la-comunidad-de-san-egidio\/","title":{"rendered":"XXVIII Encuentro Internacional por la Paz, promovido por la Comunidad de San Egidio"},"content":{"rendered":"<p style=\"text-align: justify;\"><strong>No podemos permanecer indiferentes frente a los que sufren por causa de la guerra y la violencia<\/strong><\/p>\n<p style=\"text-align: justify;\">\n&#8221;La paz es siempre posible- Religiones y culturas en di\u00e1logo&#8221;, es el t\u00edtulo del <strong>XXVIII Encuentro Internacional por la Paz, promovido por la Comunidad de San Egidio<\/strong> y que esta vez, veinte a\u00f1os despu\u00e9s del final de la guerra en los Balcanes, se desarrolla en Tirana (Albania) del 6 al 8 de septiembre. Los Encuentros siguen el surco trazado por san Juan Pablo II con el primero de ellos que tuvo lugar en 1986 en As\u00eds (Italia).<\/p>\n<p align=\"justify\">Reproducimos a continuaci\u00f3n amplios extractos del mensaje que el Santo Padre ha enviado a sus participantes y que est\u00e1 fechado el 29 de agosto de 2015, memoria del martirio de San Juan Bautista.<\/p>\n<p align=\"justify\">&#8221;Mientras cambian los escenarios de la historia y los pueblos est\u00e1n llamados a hacer frente a transformaciones profundas y, a veces dram\u00e1ticas, se advierte cada vez m\u00e1s la necesidad de que los seguidores de diferentes religiones se encuentren, dialoguen, caminen juntos y colaboren por la paz, en el &#8220;esp\u00edritu de As\u00eds&#8221; que hace referencia al testimonio luminoso de San Francisco&#8221;.<\/p>\n<p align=\"justify\">&#8221;Este a\u00f1o hab\u00e9is elegido Tirana, capital de un pa\u00eds que se ha convertido en un s\u00edmbolo de la coexistencia pac\u00edfica entre las diferentes religiones, despu\u00e9s de una larga historia de sufrimiento&#8230; Quise elegir Albania como el primer pa\u00eds europeo que visitar, precisamente para alentar el camino de la convivencia pac\u00edfica despu\u00e9s de las tr\u00e1gicas persecuciones que sufrieron los creyentes albaneses en el siglo pasado. La larga lista de m\u00e1rtires todav\u00eda habla de ese per\u00edodo oscuro, pero tambi\u00e9n del poder de la fe que no se deja doblegar por la prepotencia del mal. En ning\u00fan otro pa\u00eds del mundo ha sido tan fuerte la decisi\u00f3n de excluir a Dios de la vida de un pueblo; incluso un signo religioso era suficiente para ser castigado con la prisi\u00f3n, cuando no con la muerte. Este triste primado ha marcado profundamente al pueblo alban\u00e9s, hasta el momento de la libertad recuperada cuando los miembros de las diversas comunidades religiosas, probadas por los sufrimientos comunes, se volvieron a encontrar para vivir juntos en paz&#8221;.<\/p>\n<p align=\"justify\">&#8221;Y debido a que tiene su fundamento en Dios, &#8220;la paz es siempre posible&#8221;, como el t\u00edtulo de vuestro encuentro de este a\u00f1o. Y es necesario reafirmar esta verdad especialmente hoy, cuando en algunas partes del mundo parecen prevalecer la violencia, la persecuci\u00f3n y los abusos contra la libertad religiosa, junto con la resignaci\u00f3n ante los conflictos que se arrastran. \u00a1Nunca debemos resignarnos a la guerra! Y no podemos permanecer indiferentes frente aquellos que sufren a causa de la guerra y la violencia. Por eso he elegido como tema de la pr\u00f3xima Jornada Mundial de la Paz: &#8220;Vence la indiferencia y conquista la paz.&#8221; Pero la violencia es tambi\u00e9n construir muros y barreras para bloquear a los que buscan un lugar de paz. Violencia es rechazar a los que huyen de condiciones inhumanas esperando un futuro mejor. Violencia es descartar a los ni\u00f1os y ancianos de la sociedad y de la vida misma Violencia es ensanchar la brecha entre los que desperdician lo superfluo y los que carecen de lo necesario!&#8221;<\/p>\n<p align=\"justify\">&#8221;En este mundo, la fe en Dios nos hace creer y nos hace exclamar en voz alta que la paz es posible. La fe nos mueve a confiar en Dios y no resignarnos a la obra del mal. Como creyentes estamos llamados a redescubrir la vocaci\u00f3n universal a la paz depositada en el coraz\u00f3n de nuestras diversas tradiciones religiosas, y a presentarla con valent\u00eda a los hombres y mujeres de nuestro tiempo. Y reitero cuanto afirm\u00e9 a ese prop\u00f3sito siempre en Tirana hablando con los l\u00edderes religiosos: &#8220;La verdadera religi\u00f3n es fuente de paz y no de violencia! Nadie puede usar el nombre de Dios para cometer actos de violencia! Matar en nombre de Dios es un gran sacrilegio! Discriminar en el nombre de Dios es inhumano&#8221;.<\/p>\n<p style=\"text-align: justify;\">\nCiudad del Vaticano, 7 de septiembre de 2015 (Vis).-<\/p>\n","protected":false},"excerpt":{"rendered":"<p>No podemos permanecer indiferentes frente a los que sufren por causa de la guerra y la violencia &#8221;La paz es siempre posible- Religiones y culturas en di\u00e1logo&#8221;, es el t\u00edtulo del XXVIII Encuentro Internacional por la Paz, promovido por la Comunidad de San Egidio y que esta vez, veinte a\u00f1os despu\u00e9s del final de la &hellip; <a href=\"https:\/\/www.biblia.work\/sermones\/xxviii-encuentro-internacional-por-la-paz-promovido-por-la-comunidad-de-san-egidio\/\" class=\"more-link\">Continuar leyendo<span class=\"screen-reader-text\"> \u00abXXVIII Encuentro Internacional por la Paz, promovido por la Comunidad de San Egidio\u00bb<\/span><\/a><\/p>\n","protected":false},"author":1,"featured_media":0,"comment_status":"open","ping_status":"closed","sticky":false,"template":"","format":"standard","meta":{"footnotes":""},"categories":[1],"tags":[],"class_list":["post-37040","post","type-post","status-publish","format-standard","hentry","category-general"],"_links":{"self":[{"href":"https:\/\/www.biblia.work\/sermones\/wp-json\/wp\/v2\/posts\/37040","targetHints":{"allow":["GET"]}}],"collection":[{"href":"https:\/\/www.biblia.work\/sermones\/wp-json\/wp\/v2\/posts"}],"about":[{"href":"https:\/\/www.biblia.work\/sermones\/wp-json\/wp\/v2\/types\/post"}],"author":[{"embeddable":true,"href":"https:\/\/www.biblia.work\/sermones\/wp-json\/wp\/v2\/users\/1"}],"replies":[{"embeddable":true,"href":"https:\/\/www.biblia.work\/sermones\/wp-json\/wp\/v2\/comments?post=37040"}],"version-history":[{"count":0,"href":"https:\/\/www.biblia.work\/sermones\/wp-json\/wp\/v2\/posts\/37040\/revisions"}],"wp:attachment":[{"href":"https:\/\/www.biblia.work\/sermones\/wp-json\/wp\/v2\/media?parent=37040"}],"wp:term":[{"taxonomy":"category","embeddable":true,"href":"https:\/\/www.biblia.work\/sermones\/wp-json\/wp\/v2\/categories?post=37040"},{"taxonomy":"post_tag","embeddable":true,"href":"https:\/\/www.biblia.work\/sermones\/wp-json\/wp\/v2\/tags?post=37040"}],"curies":[{"name":"wp","href":"https:\/\/api.w.org\/{rel}","templated":true}]}}