{"id":37041,"date":"2016-06-21T10:59:07","date_gmt":"2016-06-21T15:59:07","guid":{"rendered":"http:\/\/www.biblia.work\/sermones\/el-santo-padre-nombro-a-nuevos-miembros-de-la-pontificia-comision-para-america-latina\/"},"modified":"2016-06-21T10:59:07","modified_gmt":"2016-06-21T15:59:07","slug":"el-santo-padre-nombro-a-nuevos-miembros-de-la-pontificia-comision-para-america-latina","status":"publish","type":"post","link":"https:\/\/www.biblia.work\/sermones\/el-santo-padre-nombro-a-nuevos-miembros-de-la-pontificia-comision-para-america-latina\/","title":{"rendered":"El Santo Padre nombr\u00f3 a nuevos miembros de la Pontificia Comisi\u00f3n para Am\u00e9rica Latina"},"content":{"rendered":"<h5 style=\"text-align: justify;\">El Santo Padre nombr\u00f3 a nuevos miembros de la Pontificia Comisi\u00f3n para Am\u00e9rica Latina<\/h5>\n<p>\u00a0Se trata de los cardenales Sturla y\u00a0Lacunza y el arzobispo Stanovnik<\/p>\n<p align=\"justify\">\n<p style=\"text-align: justify;\">El papa Francisco ha nombrado a tres nuevos miembros de la <em>Pontificia Comisi\u00f3n para Am\u00e9rica Latina<\/em>, uno de Uruguay, otro de Panam\u00e1 y un tercero de Argentina.<\/p>\n<p style=\"text-align: justify;\">La Sala de Prensa de la Santa Sede hecho p\u00fablico este s\u00e1bado que los nuevos miembros de este\u00a0organismo de la <em>Curia Romana<\/em>\u00a0son el cardenal Daniel Fernando Sturla Berhouet, arzobispo de Montevideo; el cardenal <strong>Jos\u00e9 Luis Lacunza Maestroju\u00e1n<\/strong>, obispo de David; y Mons. <strong>Andr\u00e9s Stanovnik<\/strong>, arzobispo de Corrientes.<\/p>\n<p style=\"text-align: justify;\">El cardenal Sturla naci\u00f3 en Montevideo el 4 de julio de 1959. Curs\u00f3 estudios de Filosof\u00eda y Ciencias de la Educaci\u00f3n en el Instituto Miguel R\u00faa de los Salesianos de la capital uruguaya y de Teolog\u00eda en la actual Facultad de Teolog\u00eda del Uruguay Monse\u00f1or Mariano Soler.<\/p>\n<p style=\"text-align: justify;\">Fue ordenado sacerdote en la Congregaci\u00f3n Salesianos de Don Bosco (SDB) el 21 de noviembre de 1987 y a lo largo de su vida profesional ha ocupado diversos cargos, tanto pastorales como de gobierno, sobre todo en su Congregaci\u00f3n Salesiana, entre los que se encuentra el de consejero de estudios en las Escuelas Profesionales Talleres Don Bosco.<\/p>\n<p style=\"text-align: justify;\">Por su parte, el cardenal Lacunza es un agustino recoleto de origen espa\u00f1ol. Naci\u00f3 en en Pamplona el 24 de febrero de 1944, aunque ha vivido la mayor parte de su vida como religioso en Panam\u00e1.<\/p>\n<p style=\"text-align: justify;\">Fue ordenado sacerdote en Pamplona el 13 de julio de 1969 y ha sido consejero provincial de la provincia de Centroam\u00e9rica y Panam\u00e1 de 1976 a 1982, administrador de la misma Vicar\u00eda de 1976 a 1985, presidente de la Federaci\u00f3n de Educadores Cat\u00f3licos y miembro del Concejo Presbiteral Archidiocesano de Panam\u00e1.<\/p>\n<p style=\"text-align: justify;\">Finalmente, Mons. Stanovnik naci\u00f3 en Buenos Aires el 15 de diciembre de 1949 y en 1978 entr\u00f3 la Orden de los Capuchinos, donde fue ordenado sacerdote ese mismo a\u00f1o.<\/p>\n<p style=\"text-align: justify;\">Dentro de la orden ha sido maestro de novicios, vicario provincial, director del Movimiento Juvenil Franciscano, Superior y p\u00e1rroco de la parroquia de Nuestra Se\u00f1ora del Carmen, en La Cumbre y de Nuestra Se\u00f1ora del Rosario de Pompeya.<\/p>\n<p style=\"text-align: justify;\">La Pontificia Comisi\u00f3n para Am\u00e9rica Latina fue instituida\u00a0por el papa P\u00edo XII el 21 de abril de 1958 con la tarea de \u201caconsejar y ayudar a las Iglesias particulares en Am\u00e9rica Latina\u201d y \u201cestudiar las cuestiones que se refieren a la vida y progreso de dichas Iglesias, especialmente estando a disposici\u00f3n, tanto de los dicasterios de la Curia interesados por raz\u00f3n de su competencia, como de las mismas Iglesias para resolver dichas cuestiones\u201d.<\/p>\n<p style=\"text-align: justify;\">Ciudad del Vaticano, 05 de septiembre de 2015 (ZENIT.org)<\/p>\n<p align=\"justify\">&nbsp;<\/p>\n","protected":false},"excerpt":{"rendered":"<p>El Santo Padre nombr\u00f3 a nuevos miembros de la Pontificia Comisi\u00f3n para Am\u00e9rica Latina \u00a0Se trata de los cardenales Sturla y\u00a0Lacunza y el arzobispo Stanovnik El papa Francisco ha nombrado a tres nuevos miembros de la Pontificia Comisi\u00f3n para Am\u00e9rica Latina, uno de Uruguay, otro de Panam\u00e1 y un tercero de Argentina. La Sala de &hellip; <a href=\"https:\/\/www.biblia.work\/sermones\/el-santo-padre-nombro-a-nuevos-miembros-de-la-pontificia-comision-para-america-latina\/\" class=\"more-link\">Continuar leyendo<span class=\"screen-reader-text\"> \u00abEl Santo Padre nombr\u00f3 a nuevos miembros de la Pontificia Comisi\u00f3n para Am\u00e9rica Latina\u00bb<\/span><\/a><\/p>\n","protected":false},"author":1,"featured_media":0,"comment_status":"open","ping_status":"closed","sticky":false,"template":"","format":"standard","meta":{"footnotes":""},"categories":[1],"tags":[],"class_list":["post-37041","post","type-post","status-publish","format-standard","hentry","category-general"],"_links":{"self":[{"href":"https:\/\/www.biblia.work\/sermones\/wp-json\/wp\/v2\/posts\/37041","targetHints":{"allow":["GET"]}}],"collection":[{"href":"https:\/\/www.biblia.work\/sermones\/wp-json\/wp\/v2\/posts"}],"about":[{"href":"https:\/\/www.biblia.work\/sermones\/wp-json\/wp\/v2\/types\/post"}],"author":[{"embeddable":true,"href":"https:\/\/www.biblia.work\/sermones\/wp-json\/wp\/v2\/users\/1"}],"replies":[{"embeddable":true,"href":"https:\/\/www.biblia.work\/sermones\/wp-json\/wp\/v2\/comments?post=37041"}],"version-history":[{"count":0,"href":"https:\/\/www.biblia.work\/sermones\/wp-json\/wp\/v2\/posts\/37041\/revisions"}],"wp:attachment":[{"href":"https:\/\/www.biblia.work\/sermones\/wp-json\/wp\/v2\/media?parent=37041"}],"wp:term":[{"taxonomy":"category","embeddable":true,"href":"https:\/\/www.biblia.work\/sermones\/wp-json\/wp\/v2\/categories?post=37041"},{"taxonomy":"post_tag","embeddable":true,"href":"https:\/\/www.biblia.work\/sermones\/wp-json\/wp\/v2\/tags?post=37041"}],"curies":[{"name":"wp","href":"https:\/\/api.w.org\/{rel}","templated":true}]}}