{"id":37043,"date":"2016-06-21T10:59:15","date_gmt":"2016-06-21T15:59:15","guid":{"rendered":"http:\/\/www.biblia.work\/sermones\/audiencia-con-el-presidente-de-israel-reuven-rivlin\/"},"modified":"2016-06-21T10:59:15","modified_gmt":"2016-06-21T15:59:15","slug":"audiencia-con-el-presidente-de-israel-reuven-rivlin","status":"publish","type":"post","link":"https:\/\/www.biblia.work\/sermones\/audiencia-con-el-presidente-de-israel-reuven-rivlin\/","title":{"rendered":"Audiencia con el presidente de Israel, Reuven Rivlin"},"content":{"rendered":"<p align=\"justify\">&nbsp;<\/p>\n<p style=\"text-align: justify;\"><strong>Audiencia al Presidente de Israel: Responsabilidad de los l\u00edderes religiosos en la promoci\u00f3n de la reconciliaci\u00f3n y la paz<\/strong><\/p>\n<p style=\"text-align: justify;\">El <strong>Santo Padre<\/strong> ha recibido esta ma\u00f1ana en el Palacio Apost\u00f3lico Vaticano al <strong>Presidente del Estado de Israel, Reuven Rivlin<\/strong>, que posteriormente ha encontrado al cardenal Secretario de Estado,<strong> Pietro Parolin<\/strong>, a quien acompa\u00f1aba el arzobispo <strong>Paul Gallagher<\/strong>, Secretario para las Relaciones con los Estados.<\/p>\n<p style=\"text-align: justify;\">Durante las conversaciones, transcurridas en un clima cordial, se ha abordado la situaci\u00f3n pol\u00edtica y social en el Medio Oriente, marcada por varios conflictos, con especial atenci\u00f3n a la situaci\u00f3n de los cristianos y otros grupos minoritarios. En este sentido, se ha reconocido la importancia del di\u00e1logo interreligioso y la responsabilidad de los l\u00edderes religiosos en la promoci\u00f3n de la reconciliaci\u00f3n y la paz.<\/p>\n<p style=\"text-align: justify;\">Se han puesto de relieve la necesidad y la urgencia de fomentar un clima de confianza entre israel\u00edes y palestinos y de reanudar las negociaciones directas para llegar a un acuerdo que respete las leg\u00edtimas aspiraciones de los dos pueblos, como contribuci\u00f3n fundamental a la paz y la estabilidad en la regi\u00f3n.<\/p>\n<p style=\"text-align: justify;\">Tambi\u00e9n se han tratado algunas cuestiones relativas a las relaciones entre el Estado de Israel y la Santa Sede, as\u00ed como entre las autoridades estatales y las comunidades cat\u00f3licas locales, y se ha manifestado el deseo de una r\u00e1pida conclusi\u00f3n del acuerdo bilateral, en curso de elaboraci\u00f3n, y de una soluci\u00f3n apropiada de algunos temas de inter\u00e9s com\u00fan, entre ellos la situaci\u00f3n de las escuelas cristianas en el pa\u00eds.<\/p>\n<p style=\"text-align: justify;\">Ciudad del Vaticano, 3 de septiembre de 2015 (Vis).-<\/p>\n","protected":false},"excerpt":{"rendered":"<p>&nbsp; Audiencia al Presidente de Israel: Responsabilidad de los l\u00edderes religiosos en la promoci\u00f3n de la reconciliaci\u00f3n y la paz El Santo Padre ha recibido esta ma\u00f1ana en el Palacio Apost\u00f3lico Vaticano al Presidente del Estado de Israel, Reuven Rivlin, que posteriormente ha encontrado al cardenal Secretario de Estado, Pietro Parolin, a quien acompa\u00f1aba el &hellip; <a href=\"https:\/\/www.biblia.work\/sermones\/audiencia-con-el-presidente-de-israel-reuven-rivlin\/\" class=\"more-link\">Continuar leyendo<span class=\"screen-reader-text\"> \u00abAudiencia con el presidente de Israel, Reuven Rivlin\u00bb<\/span><\/a><\/p>\n","protected":false},"author":1,"featured_media":0,"comment_status":"open","ping_status":"closed","sticky":false,"template":"","format":"standard","meta":{"footnotes":""},"categories":[1],"tags":[],"class_list":["post-37043","post","type-post","status-publish","format-standard","hentry","category-general"],"_links":{"self":[{"href":"https:\/\/www.biblia.work\/sermones\/wp-json\/wp\/v2\/posts\/37043","targetHints":{"allow":["GET"]}}],"collection":[{"href":"https:\/\/www.biblia.work\/sermones\/wp-json\/wp\/v2\/posts"}],"about":[{"href":"https:\/\/www.biblia.work\/sermones\/wp-json\/wp\/v2\/types\/post"}],"author":[{"embeddable":true,"href":"https:\/\/www.biblia.work\/sermones\/wp-json\/wp\/v2\/users\/1"}],"replies":[{"embeddable":true,"href":"https:\/\/www.biblia.work\/sermones\/wp-json\/wp\/v2\/comments?post=37043"}],"version-history":[{"count":0,"href":"https:\/\/www.biblia.work\/sermones\/wp-json\/wp\/v2\/posts\/37043\/revisions"}],"wp:attachment":[{"href":"https:\/\/www.biblia.work\/sermones\/wp-json\/wp\/v2\/media?parent=37043"}],"wp:term":[{"taxonomy":"category","embeddable":true,"href":"https:\/\/www.biblia.work\/sermones\/wp-json\/wp\/v2\/categories?post=37043"},{"taxonomy":"post_tag","embeddable":true,"href":"https:\/\/www.biblia.work\/sermones\/wp-json\/wp\/v2\/tags?post=37043"}],"curies":[{"name":"wp","href":"https:\/\/api.w.org\/{rel}","templated":true}]}}