{"id":37044,"date":"2016-06-21T10:59:19","date_gmt":"2016-06-21T15:59:19","guid":{"rendered":"http:\/\/www.biblia.work\/sermones\/actividades-del-santo-padre-y-la-santa-sede-durante-el-mes-de-agosto-de-2015\/"},"modified":"2016-06-21T10:59:19","modified_gmt":"2016-06-21T15:59:19","slug":"actividades-del-santo-padre-y-la-santa-sede-durante-el-mes-de-agosto-de-2015","status":"publish","type":"post","link":"https:\/\/www.biblia.work\/sermones\/actividades-del-santo-padre-y-la-santa-sede-durante-el-mes-de-agosto-de-2015\/","title":{"rendered":"Actividades del Santo Padre y la Santa Sede durante el mes de agosto de 2015"},"content":{"rendered":"<p style=\"text-align: justify;\"><strong>Actividades del Santo Padre y la Santa Sede durante el mes de agosto<\/strong><\/p>\n<p style=\"text-align: justify;\">Sigue la lista de actividades del Papa Francisco durante el mes de agosto. Incluye, audiencias \u00e1ngelus, otros actos pontificios, telegramas, mensajes y otras noticias. Las actividades se presentan en orden cronol\u00f3gico bajo sus respectivos t\u00edtulos:<\/p>\n<p style=\"text-align: justify;\"><strong>AUDIENCIAS GENERALES<\/strong><\/p>\n<p style=\"text-align: justify;\">6 de agosto.- El Papa retoma las reflexiones sobre la familia y se refiere a la situaci\u00f3n de los que tras la ruptura de su vinculo matrimonial han establecido una nueva convivencia, y a la atenci\u00f3n pastoral que merecen. La Iglesia, dice, sabe que tal situaci\u00f3n contradice el sacramento cristiano, pero con coraz\u00f3n de madre busca el bien y la salvaci\u00f3n de todos, sin excluir a nadie<\/p>\n<p style=\"text-align: justify;\">12 de agosto.- El Santo Padre inicia una serie de reflexiones sobre tres facetas que marcan la vida familiar: la fiesta, el trabajo y la oraci\u00f3n, comenzando por la primera. El mandamiento divino de cesar en nuestras tareas cotidianas, nos recuerda que el hombre, como imagen de Dios, es se\u00f1or y no esclavo del trabajo. Nos pide liberarnos de la obsesi\u00f3n por el beneficio econ\u00f3mico, que ataca los ritmos humanos de la vida y niega al hombre el tiempo para lo realmente importante.<\/p>\n<p style=\"text-align: justify;\">19 de agosto.- Francisco habla del trabajo y la familia. La gesti\u00f3n del trabajo, dice, supone una grande responsabilidad social, que no se puede dejar a merced de la l\u00f3gica del beneficio o de un mercado divinizado, en el que con frecuencia se considera a la familia como un peso o un obst\u00e1culo a la productividad.<\/p>\n<p style=\"text-align: justify;\">26 de agosto.- El Pont\u00edfice dedica la catequesis a la oraci\u00f3n en familia y recuerda que a pesar de lo complicado que es el tiempo en la familia, siempre ocupado, con mil cosas que hacer, la oraci\u00f3n nos permite encontrar la paz para las cosas necesarias, y descubrir el gozo de los dones inesperados del Se\u00f1or, la belleza de la fiesta y la serenidad del trabajo.<\/p>\n<p style=\"text-align: justify;\"><strong>ANGELUS<\/strong><\/p>\n<p style=\"text-align: justify;\">2.- En el primer \u00e1ngelus de agosto, el Papa recuerda que Jes\u00fas nos habla de ir m\u00e1s all\u00e1 de la satisfacci\u00f3n inmediata de las necesidades materiales e invita a satisfacer en cambio el ?hambre de vida?, el hambre de eternidad que s\u00f3lo el Se\u00f1or puede saciar, porque es ?el pan de vida?.<\/p>\n<p style=\"text-align: justify;\">9.-Jes\u00fas despu\u00e9s del milagro de la multiplicaci\u00f3n de los panes, explica a la gente el significado de este signo y &#8221;parte de la experiencia del hambre y del signo del pan, para revelarse a la gente e invitarla a creer en \u00c9l? -dijo Francisco- &#8221;En su carne, es decir, en su humanidad concreta, est\u00e1 presente todo el amor de Dios, que es el Esp\u00edritu Santo. Y quien se deja atraer por este amor va a Jes\u00fas y recibe de \u00c9l la vida, la vida eterna&#8221;.<\/p>\n<p style=\"text-align: justify;\">Despu\u00e9s del \u00e1ngelus el Papa rememora que hace sesenta a\u00f1os, el 6 y el 9 de agosto, de 1945 tuvo lugar el bombardeo at\u00f3mico sobre las ciudades japonesas de Hiroshima y Nagasaki, una fecha tr\u00e1gica que invita a rezar por la paz. Tambi\u00e9n hace presente su preocupaci\u00f3n por la crisis econ\u00f3mica en El Salvador que multiplica los sufrimientos de la poblaci\u00f3n.<\/p>\n<p style=\"text-align: justify;\">15.-En la solemnidad de la Ascensi\u00f3n, Francisco destaca que las grandes cosas que el Todopoderoso realiz\u00f3 en Mar\u00eda nos hablan de nuestro viaje en la vida y recuerdan la meta que nos espera. Despu\u00e9s de la oraci\u00f3n mariana, invita a rezar por la poblaci\u00f3n de la ciudad de Tianjin, en China septentrional, donde algunas explosiones en la zona industrial han causado numerosos muertos y heridos, y grandes da\u00f1os.<\/p>\n<p style=\"text-align: justify;\">16.-Francisco dedica el \u00e1ngelus del tercer domingo de agosto al Evangelio de san Juan que presenta a Jes\u00fas como ?el pan vivo bajado del cielo? y explica para qu\u00e9 sirve la Misa, subrayando que la Eucarist\u00eda es un &#8221; memorial&#8221;, o sea un gesto que actualiza y hace presente el evento de la muerte y resurrecci\u00f3n de Jes\u00fas.<\/p>\n<p style=\"text-align: justify;\">23.- El Papa concluye la lectura del cap\u00edtulo sexto del evangelio de san Juan, que finaliza con el discurso sobre el Pan de vida, pronunciado por Jes\u00fas despu\u00e9s del milagro de la multiplicaci\u00f3n de los panes y los peces. El entusiasmo de la multitud se apaga, porque juzga indignas del Mes\u00edas, sus palabras sobre su carne como alimento y su sangre como bebida, aludiendo a su inminente sacrificio. Las palabras de Jes\u00fas, dice Francisco, nos ponen siempre en crisis; en crisis por ejemplo, ante el esp\u00edritu del mundo, a la mundanidad.<\/p>\n<p style=\"text-align: justify;\">En la v\u00edspera de la fiesta nacional de Ucrania, el Sucesor de Pedro, vuelve a lanzar un llamamiento por la pacificaci\u00f3n en ese pa\u00eds, que vive desde hace meses un conflicto que se ha agravado en las \u00faltimas semanas.<\/p>\n<p style=\"text-align: justify;\">30.- El cumplimiento exterior de la ley no es suficiente para ser buenos cristianos, subraya Francisco, comentando el evangelio de San Marcos que describe la disputa entre Jes\u00fas y algunos fariseos. Corremos el peligro, afirma el Papa, de considerarnos mejores que los dem\u00e1s por el s\u00f3lo hecho de seguir las reglas y las costumbres, incluso si no amamos al pr\u00f3jimo. El cumplimiento literal de los preceptos, es est\u00e9ril si no cambia el coraz\u00f3n y no se traduce en actitudes concretas: abrirse al encuentro con Dios y a su Palabra, buscar la justicia y la paz, socorrer a los pobres, los d\u00e9biles, los oprimidos?.<\/p>\n<p style=\"text-align: justify;\">Tras rezar el \u00e1ngelus, el Papa recuerda que ayer en Harissa, L\u00edbano, fue proclamado beato el Obispo siro-cat\u00f3lico Flaviano Miguel Melki, m\u00e1rtir en el contexto de una terrible persecuci\u00f3n contra los cristianos. &#8221;Tambi\u00e9n hoy, -dice- en Oriente Medio y en otras partes del mundo, los cristianos son perseguidos. La beatificaci\u00f3n de este obispo m\u00e1rtir infunda en ellos consolaci\u00f3n, valent\u00eda y esperanza&#8221;.<\/p>\n<p style=\"text-align: justify;\">Por \u00faltimo, denuncia la dram\u00e1tica situaci\u00f3n humanitaria de los migrantes, entre los cuales muchos perdieron recientemente la vida en Austria y el Mediterr\u00e1neo y recalca la necesidad de impedir estos cr\u00edmenes, que ofenden a la entera familia humana.<\/p>\n<p style=\"text-align: justify;\"><strong>CARTAS, MENSAJES Y TELEGRAMAS<\/strong><\/p>\n<p style=\"text-align: justify;\">4.-Se publica la carta, escrita en lat\u00edn y fechada el 21 de mayo, en la que el Santo Padre nombra al cardenal Ra\u00fal Eduardo Vela Chiriboga, arzobispo em\u00e9rito de Quirto (Ecuador) su enviado especial en el X Congreso Eucar\u00edstico Nacional de Per\u00fa (Piura, 13 -16 agosto).<\/p>\n<p style=\"text-align: justify;\">6.-Publicaci\u00f3n de la carta del Papa al cardenal Pietro Parolin, Secretario de Estado, fechada el 25 de julio, en la que lo designaba como Legado Pontificio en la celebraci\u00f3n del V centenario de la evangelizaci\u00f3n de la Rep\u00fablica Democr\u00e1tica de Timor Oriental (15 agosto 2015).<\/p>\n<p style=\"text-align: justify;\">El Santo Padre escribe al obispo Maroun Lahham, auxiliar de Jerusal\u00e9n de los Latinos y vicario patriarcal para Jordania, sobre la situaci\u00f3n de los pr\u00f3fugos en ese pa\u00eds.<\/p>\n<p style=\"text-align: justify;\">7-Se publica la carta, fechada el 2 de junio, en la que el Papa nombra al cardenal Paul Poupard, presidente em\u00e9rito del Pontificio Consejo de la Cultura, como su enviado especial en el milenario de la catedral de Estrasburgo (15 agosto).<\/p>\n<p style=\"text-align: justify;\">8.- Publicaci\u00f3n de la carta, fechada el 20 de mayo, en la que el Santo Padre nombra al cardenal Josip Bozanic, arzobispo de Zagreb (Croacia) como su enviado especial en la celebraci\u00f3n del III centenario del santuario de la Virgen Milagrosa de Sini (Sini, Croacia 15 de agosto).<\/p>\n<p style=\"text-align: justify;\">10.-Mensaje al cardenal Ricardo Bl\u00e1zquez Bl\u00e1zquez, arzobispo de Valladolid y presidente de la Conferencia Episcopal Espa\u00f1ola con motivo del Encuentro Europeo de los J\u00f3venes (\u00c1vila, 5-9 agosto) dedicado al tema &#8221;En tiempos recios, amigos fuertes de Dios&#8221;, en el marco de la conmemoraci\u00f3n del quinto centenario del nacimiento de Santa Teresa de \u00c1vila.<\/p>\n<p style=\"text-align: justify;\">Con una carta enviada a los cardenal Peter Kodwo Appiah Turkson, presidente del Consejo Pontificio Justicia y Paz, y Kurt Koch, presidente del Consejo Pontificio para la Unidad de los Cristianos, el Pont\u00edfice instituye la Jornada Mundial de Oraci\u00f3n por el Cuidado de la Creaci\u00f3n.<\/p>\n<p style=\"text-align: justify;\">18.-Telegrama de p\u00e9same al cardenal Peter Erdo, arzobispo de Esztergom-Budapest (Hungr\u00eda) por el fallecimiento, el 17 de agosto, del cardenal Laszlo Paskai, OFM, arzobispo em\u00e9rito de esa sede.<\/p>\n<p style=\"text-align: justify;\">19.- Mensaje al Hermano Alo\u00efs y a la Comunidad de Taiz\u00e9 con motivo del 75 aniversario de la fundaci\u00f3n de dicha comunidad, el 20 de agosto, en el a\u00f1o del centenario del nacimiento de su fundador el Hermano Roger Schutz y del d\u00e9cimo aniversario de su muerte.<\/p>\n<p style=\"text-align: justify;\">El mismo d\u00eda el Papa env\u00eda un mensaje al obispo de Rimini, Italia, mons. Francesco Lambiasi con motivo del XXXVI Encuentro para la amistad entre los pueblos que tiene lugar en esa localidad del 20 al 26 de agosto.<\/p>\n<p style=\"text-align: justify;\">20.-Telegrama del Santo Padre, a trav\u00e9s del cardenal Secretario de Estado, Pietro Parolin, a Su Majestad Bhumibol Adulyadej, Rey de Tailandia, a ra\u00edz de los diversos atentados terroristas en el santuario hind\u00fa de Erawan y en el puerto de Sathorn.<\/p>\n<p style=\"text-align: justify;\">22- Se publica la carta en la que el Santo Padre designaba el 25 de julio al cardenal Angelo Scola, arzobispo de Mil\u00e1n, como su enviado especial en la solemne celebraci\u00f3n eucar\u00edstica en Bobbio (Italia) el 30 de agosto con motivo del XVIII Encuentro Internacional de las Comunidades Columbanas, en el 1400 aniversario de la muerte de san Columbano.<\/p>\n<p style=\"text-align: justify;\">23.-Mensaje al obispo de Pinerolo (Italia), mons. Pier Giorgio Debernardi con motivo del S\u00ednodo de las Iglesias Metodistas y Valdeses que se desarrolla en Torre Pellice, Italia, del 23 al 28 de agosto.<\/p>\n<p style=\"text-align: justify;\">29-Publicaci\u00f3n de la carta en la que el Santo Padre designaba el 11 de julio al cardenal Francisco Javier Err\u00e1zuriz Ossa, arzobispo em\u00e9rito de Santiago de Chile (Chile), como su enviado especial en el VI Congreso Eucar\u00edstico Nacional de M\u00e9xico (Monterrey, 9-13 septiembre).<\/p>\n<p style=\"text-align: justify;\"><strong>OTROS ACTOS PONTIFICIOS<\/strong><\/p>\n<p style=\"text-align: justify;\">1.-El Santo Padre nombra a monse\u00f1or Alberto Ortega, hasta ahora consejero de nunciatura, como nuncio apost\u00f3lico en Jordania e Iraq, elev\u00e1ndolo al mismo tiempo a la dignidad arzobispal.<\/p>\n<p style=\"text-align: justify;\">Tambi\u00e9n nombra al profesor Alfredo Pontecorvi, director de la Direcci\u00f3n de Sanidad e Higiene de la Gobernaci\u00f3n de la Ciudad del Vaticano. El nuevo director es catedr\u00e1tico de Endocrinolog\u00eda y director de la I Escuela de Especializaci\u00f3n en Endocrinolog\u00eda y Enfermedades del Metabolismo del Policl\u00ednico Universitario Agostino Gemelli.<\/p>\n<p style=\"text-align: justify;\">4.-El obispo Fernando Jos\u00e9 Castro Aguayo, hasta ahora auxiliar de Caracas (Venezuela), es nombrado nuevo obispo de Margarita en Venezuela.<\/p>\n<p style=\"text-align: justify;\">6.- El Papa acepta la renuncia del obispo Joseph Kunnath CMI al gobierno pastoral de la eparqu\u00eda de Adilabad de los Siros Malabares (India) y nombra como sucesor al reverendo padre Antony Prince Panengaden, hasta ahora protosincelo y p\u00e1rroco de la misma eparqu\u00eda.<\/p>\n<p style=\"text-align: justify;\">Erige el exarcado apost\u00f3lico para los siro malabares de Canad\u00e1 y nombra como primer exarca al padre Jose Kalluvelil, elev\u00e1ndolo a la dignidad episcopal.<\/p>\n<p style=\"text-align: justify;\">8.-Nombramiento del cardenal Andr\u00e9 Vingt-Trois, arzobispo de Par\u00eds, como enviado especial de Su Santidad en la consagraci\u00f3n de la nueva catedral de la di\u00f3cesis de Cr\u00e9teil (Francia) que tendr\u00e1 lugar el 20 de septiembre de 2015.<\/p>\n<p style=\"text-align: justify;\">El Papa nombra como m\u00e9dico personal al profesor Fabrizio Soccorsi, primario em\u00e9rito del hospital San Camillo de Roma.<\/p>\n<p style=\"text-align: justify;\">10.-El Santo Padre nombra como obispo de Acarigua-Araure en Venezuela al reverendo Juan Carlos Bravo Salazar, hasta ahora p\u00e1rroco de Nuestra Se\u00f1ora de Bel\u00e9n en Guasipati.<\/p>\n<p style=\"text-align: justify;\">Nombramiento del cardenal Sean Patrick O&#8217;Malley OFM Cap, arzobispo de Boston, como enviado especial de Su Santidad en la ceremonia del 450 aniversario de la celebraci\u00f3n de la primera misa fundacional de la ciudad de San Agust\u00edn en Florida (EE.UU.).<\/p>\n<p style=\"text-align: justify;\">14.- El Santo Padre nombra al padre Paolo Bizzeti S.I., como Vicario Apost\u00f3lico en Anatolia (Turqu\u00eda) elev\u00e1ndolo a la dignidad episcopal. El nuevo vicario era hasta ahora rector de la Patavina Residentia Antonianum.<\/p>\n<p style=\"text-align: justify;\">15.-El Papa nombra arzobispo coadjutor de Jartum (Sud\u00e1n) y administrador apost\u00f3lico Sede Vacante de El Obeid (Sud\u00e1n) a monse\u00f1or Michael Didi Adgum, hasta ahora obispo de El Obeid.<\/p>\n<p style=\"text-align: justify;\">22.- El cardenal Daniel Fernando Sturla Berhouet SDB, arzobispo de Montevideo (Uruguay), es nombrado enviado especial de Su Santida en el V Congreso Eucar\u00edstico Nacional de Bolivia (Traija, 16-20 septiembre 2015).<\/p>\n<p style=\"text-align: justify;\">El Papa nombra al cardenal Paul Josef Cordes, presidente em\u00e9rito del Consejo Pontificio Cor Unum su enviado especial a la ceremonia de clausura del I Congreso Eucar\u00edstico Nacional de la Rep\u00fablica Checa (Brno, 17 octubre 2015).<\/p>\n<p style=\"text-align: justify;\">24.-Renuncia del obispo Gilberto Delio Gon\u00e7alves Canavarro dos Reis al gobierno pastoral de la di\u00f3cesis de Set\u00fabal (Portugal) por l\u00edmite de edad y nombramiento del padre Jos\u00e9 Ornelas Carvalho SCI, hasta ahora Superior General de los Sacerdotes del Sagrado Coraz\u00f3n de Jes\u00fas (Dehonianos) como nuevo obispo de Set\u00fabal.<\/p>\n<p style=\"text-align: justify;\">26.- El Santo Padre ampl\u00eda los l\u00edmites de la eparqu\u00eda de Mandya de los siro-malabares (India) que ahora incluye los seis distritos civiles alrededor de Bangalore en que se encuentran fieles siro-malabares: Bengaluru Urban, Bengaluru Rural, Chickballapur, Kolar, Ramnagara y Tumkur.<\/p>\n<p style=\"text-align: justify;\">Asenso del Papa a la elecci\u00f3n, por parte del S\u00ednodo de la Iglesia arzobispal mayor Siro-Malabar del padre Antony Kariyil CMI, como obispo de la eparqu\u00eda de Mandya de los siro-malabares (India) hasta ahora director de la Rajagiri School of Engineering &amp; Technology de Cochin, (India).<\/p>\n<p style=\"text-align: justify;\">28.-Nombramiento del padre Jean-Pierre Cottanceau SSCC, como administrador apost\u00f3lico de la archidi\u00f3cesis de Papeete (Tahit\u00ed, Francia).<\/p>\n<p style=\"text-align: justify;\"><strong>AUDIENCIAS<\/strong><\/p>\n<p style=\"text-align: justify;\">5.- Audiencia al embajador de Nigeria, Francis Chukwuemeka Okeke, en visita de despedida.<\/p>\n<p style=\"text-align: justify;\">7.-El Papa recibe en el Aula Pablo VI a los miembros del Movimiento Eucar\u00edstico Juvenil.<\/p>\n<p style=\"text-align: justify;\">8.- Audiencia al cardenal Angelo Amato SDB, Prefecto de la Congregaci\u00f3n para las Causas de los Santos, en el curso de la cual el Papa autoriza la promulgaci\u00f3n del decreto sobre el martirio del Siervo de Dios Flaviano Miguel Melki, nacido en 1858 en Kalaat Mara, actualmente Turqiu\u00eda y obispo de Gazireth de los Sirios, asesinado por odio a la fe en Gazireth, en la actualidad, Turqu\u00eca, en 1915.<\/p>\n<p style=\"text-align: justify;\">12.- Audiencia al embajador de Hungr\u00eda, Gabor Gyorivanyi, en visita de despedida.<\/p>\n<p style=\"text-align: justify;\">29.- Audiencia al cardenal Marc Ouellet, PS, Prefecto de la Congregaci\u00f3n para los Obispos.<\/p>\n<p style=\"text-align: justify;\">31.-El Papa recibe en audiencias separadas:<\/p>\n<p style=\"text-align: justify;\">-Cardenal Gualtiero Bassetti, arzobispo de Perusa-Citt\u00e0 della Pieve (Italia)<\/p>\n<p style=\"text-align: justify;\">-Cardenal Giuseppe Betori, arzobispo de Florencia (Italia)<\/p>\n<p style=\"text-align: justify;\">-Arzobispo Piero Pioppo, nuncio apost\u00f3lico en Camerun y Guinea Ecuatorial.<\/p>\n<p style=\"text-align: justify;\">-Arzobispo Rino Passigato, nuncio apost\u00f3lico en Portugal.<\/p>\n<p style=\"text-align: justify;\">-Arzobispo Ettore Balestrero, nuncio apost\u00f3lico en Colombia<\/p>\n<p style=\"text-align: justify;\">-Arzobispo Giacinto Berloco, nuncio apost\u00f3lico en B\u00e9lgica y Luxemburgo<\/p>\n<p style=\"text-align: justify;\">-Rev.do Pascal Burri, Capell\u00e1n del Cuerpo de la Guardia Suiza en visita de despedida.<\/p>\n<p style=\"text-align: justify;\"><strong>OTRAS ACTIVIDADES DEL SANTO PADRE<\/strong><\/p>\n<p style=\"text-align: justify;\">4.- Encuentro del Papa en la Plaza de San Pedro con varios miles de monaguillos, procedentes de m\u00e1s de veinte pa\u00edses que participan en la peregrinaci\u00f3n internacional a Roma cuyo lema es &#8221;Aqu\u00ed estoy, m\u00e1ndame&#8221;.<\/p>\n<p style=\"text-align: justify;\">11.- El Pontificio Consejo Justicia y Paz da a conocer el tema elegido por el Santo Padre para la 49 Jornada Mundial de la Paz ( 1 enero 2016) : &#8221;Vence la indiferencia y conquista la paz&#8221;.<\/p>\n<p style=\"text-align: justify;\">20.- El Santo Padre elige el tema para la CII Jornada Mundial del Migrante y del Refugiado (17 enero 2016) : &#8221;Emigrantes y refugiados nos interpelan. La respuesta del Evangelio de la Misericordia&#8221;.<\/p>\n<p style=\"text-align: justify;\"><strong>OTRAS NOTICIAS<\/strong><\/p>\n<p style=\"text-align: justify;\">14.-La Santa Sede y la Rep\u00fablica Democr\u00e1tica de Timor Oriental firman un acuerdo en el que se define el estatuto jur\u00eddico de la Iglesia cat\u00f3lica y se regulan diversos temas como el matrimonio cat\u00f3lico, los lugares de culto, la ense\u00f1anza religiosa etc&#8230;<\/p>\n<p style=\"text-align: justify;\">28.-Comunicado de Prensa acerca del alzamiento de banderas de los Estados Observadores en la sede central y en las oficinas de Naciones Unidas.<\/p>\n<p style=\"text-align: justify;\">28.-La Oficina de Prensa de la Santa Sede emite un comunicado sobre el fallecimiento, por causas naturales, en su habitaci\u00f3n, de monse\u00f1or J\u00f3zef Wesolowski, ex nuncio apost\u00f3lico.<\/p>\n<p style=\"text-align: justify;\">29.- La Oficina de Prensa de la Santa Sede comunica que, a ra\u00edz de la muerte en la tarde del 27 de agosto, del ex nuncio J\u00f3zef Wesolowski, la Oficina del Promotor de Justicia, en el \u00e1mbito de sus competencias ha dispuesto que se efectue la autopsia, nombrando una comisi\u00f3n de tres expertos coordinada por el catedr\u00e1tico de medicina legal Giovanni Arcudi. Las primeras conclusiones de la autopsia, efectuada el 28 de agosto por la tarde, confirman la causa natural del fallecimiento, debida a un fallo cardiaco. En los pr\u00f3ximos d\u00edas, la Oficina del Promotor de Justicia adquirir\u00e1 los resultados de los ex\u00e1menes de laboratorio realizados por la Comisi\u00f3n.<\/p>\n<p style=\"text-align: justify;\">30.- El cardenal Secretario de Estado, Pietro Parolin, env\u00eda en nombre del Santo Padrem una carta a mons. Gianni Ambrosio, obispo de Piacenza-Bobbio (Italia), con motivo del XVIII Encuentro Internacional de las Comunidades Columbanas en el 1400 aniversario de la muerte de San Columbano.<\/p>\n<p style=\"text-align: justify;\">Ciudad del Vaticano, 2 de septiembre 2015 (Vis).-<\/p>\n","protected":false},"excerpt":{"rendered":"<p>Actividades del Santo Padre y la Santa Sede durante el mes de agosto Sigue la lista de actividades del Papa Francisco durante el mes de agosto. Incluye, audiencias \u00e1ngelus, otros actos pontificios, telegramas, mensajes y otras noticias. Las actividades se presentan en orden cronol\u00f3gico bajo sus respectivos t\u00edtulos: AUDIENCIAS GENERALES 6 de agosto.- El Papa &hellip; <a href=\"https:\/\/www.biblia.work\/sermones\/actividades-del-santo-padre-y-la-santa-sede-durante-el-mes-de-agosto-de-2015\/\" class=\"more-link\">Continuar leyendo<span class=\"screen-reader-text\"> \u00abActividades del Santo Padre y la Santa Sede durante el mes de agosto de 2015\u00bb<\/span><\/a><\/p>\n","protected":false},"author":1,"featured_media":0,"comment_status":"open","ping_status":"closed","sticky":false,"template":"","format":"standard","meta":{"footnotes":""},"categories":[1],"tags":[],"class_list":["post-37044","post","type-post","status-publish","format-standard","hentry","category-general"],"_links":{"self":[{"href":"https:\/\/www.biblia.work\/sermones\/wp-json\/wp\/v2\/posts\/37044","targetHints":{"allow":["GET"]}}],"collection":[{"href":"https:\/\/www.biblia.work\/sermones\/wp-json\/wp\/v2\/posts"}],"about":[{"href":"https:\/\/www.biblia.work\/sermones\/wp-json\/wp\/v2\/types\/post"}],"author":[{"embeddable":true,"href":"https:\/\/www.biblia.work\/sermones\/wp-json\/wp\/v2\/users\/1"}],"replies":[{"embeddable":true,"href":"https:\/\/www.biblia.work\/sermones\/wp-json\/wp\/v2\/comments?post=37044"}],"version-history":[{"count":0,"href":"https:\/\/www.biblia.work\/sermones\/wp-json\/wp\/v2\/posts\/37044\/revisions"}],"wp:attachment":[{"href":"https:\/\/www.biblia.work\/sermones\/wp-json\/wp\/v2\/media?parent=37044"}],"wp:term":[{"taxonomy":"category","embeddable":true,"href":"https:\/\/www.biblia.work\/sermones\/wp-json\/wp\/v2\/categories?post=37044"},{"taxonomy":"post_tag","embeddable":true,"href":"https:\/\/www.biblia.work\/sermones\/wp-json\/wp\/v2\/tags?post=37044"}],"curies":[{"name":"wp","href":"https:\/\/api.w.org\/{rel}","templated":true}]}}