{"id":37046,"date":"2016-06-21T10:59:33","date_gmt":"2016-06-21T15:59:33","guid":{"rendered":"http:\/\/www.biblia.work\/sermones\/benedicto-xvi-reaparece-para-hablar-de-la-purificacion-del-corazon\/"},"modified":"2016-06-21T10:59:33","modified_gmt":"2016-06-21T15:59:33","slug":"benedicto-xvi-reaparece-para-hablar-de-la-purificacion-del-corazon","status":"publish","type":"post","link":"https:\/\/www.biblia.work\/sermones\/benedicto-xvi-reaparece-para-hablar-de-la-purificacion-del-corazon\/","title":{"rendered":"Benedicto XVI reaparece para hablar de la purificaci\u00f3n del coraz\u00f3n"},"content":{"rendered":"<p><b>Benedicto XVI reaparece para hablar de la purificaci\u00f3n del coraz\u00f3n <\/b><br \/>\n<b>\u00a0<\/b><br \/>\nDirigi\u00e9ndose a los miembros del<strong> Sch\u00fclerkreis<\/strong>, el Papa em\u00e9rito afirma que con la verdad, el amor y la amabilidad que vienen de Dios, el hombre se vuelve puro<\/p>\n<p align=\"justify\">\n<p>\u201cCon la verdad, el amor y la amabilidad que vienen de Dios, el hombre se vuelve puro y verdad, amor y amabilidad se encuentran en la Palabra de Dios, que nos libera de la desmemoria en un mundo que no piensa m\u00e1s en Dios\u201d.<br \/>\nEsta es la idea central de la homil\u00eda que Benedicto XVI pronunci\u00f3 este\u00a0domingo por la ma\u00f1ana durante la celebraci\u00f3n eucar\u00edstica, que presidi\u00f3 en la iglesia del Campo Santo Teut\u00f3nico, en el Vaticano. Participaron en la misa los miembros del Sch\u00fclerkreis (el C\u00edrculo de los estudiantes de Ratzinger) y del Nuevo Sch\u00fclerkreis, que se reunieron los pasados d\u00edas en Castel Gandolfo, con el objeto de reflexionar sobre el tema \u201cC\u00f3mo hablar de Dios hoy\u201d, animados por el sacerdote y fil\u00f3sofo checo Tom\u00e1s Hal\u00edk.<\/p>\n<p>En la homil\u00eda en alem\u00e1n, el Papa em\u00e9rito se centr\u00f3 en el Evangelio de Marcos. Benedicto XVI comenz\u00f3 subrayando que tres a\u00f1os atr\u00e1s, en el encuentro del Sch\u00fclerkreis, hab\u00edan le\u00eddo el mismo Evangelio y el cardenal Sch\u00f6nborn, en su homil\u00eda, hab\u00eda hecho esta pregunta: \u201c\u00bfAcaso no necesitamos una purificaci\u00f3n exterior m\u00e1s que una purificaci\u00f3n interior?\u201d El el Pont\u00edfice em\u00e9rito admiti\u00f3 que no recordaba la respuesta que el purpurado austriaco dio en aquella ocasi\u00f3n, pero que la pregunta era muy interesante. As\u00ed, centr\u00f3 su meditaci\u00f3n en esta cuesti\u00f3n. \u201cPara elegir una respuesta adecuada &#8211;observ\u00f3&#8211; tenemos que ampliar la pregunta y examinar todo el Evangelio, no s\u00f3lo este pasaje\u201d.<\/p>\n<p>En este sentido, se pregunt\u00f3: \u00bfno viene del exterior la suciedad que nos ataca? Es necesario que logremos una purificaci\u00f3n de las indecencias que se encuentran fuera: \u201cPodemos decir &#8211;afirm\u00f3 Benedicto XVI&#8211; que hay que responder con la limpieza exterior a las muchas enfermedades y a las epidemias que nos amenazan\u201d. Es importante tener este tipo de responsabilidad para que la muerte no predomine, not\u00f3 el Papa em\u00e9rito. Pero eso no es suficiente, dijo, porque tenemos tambi\u00e9n \u201cla epidemia del coraz\u00f3n\u201d, una epidemia interior, que lleva a la corrupci\u00f3n y a otras cosas sucias y el hombre piensa s\u00f3lo en \u00e9l mismo.<br \/>\nEl ethos, o sea la \u201climpieza interior\u201d, tiene gran importancia, tambi\u00e9n como la religi\u00f3n. \u201c\u00bfQu\u00e9 hace el hombre puro?\u201d \u201c\u00bfCu\u00e1l es la aut\u00e9ntica fuerza de purificaci\u00f3n?\u201d \u201c\u00bfC\u00f3mo se llega a la limpieza del coraz\u00f3n?\u201d Estas fueron algunas de las preguntas que hizo.<\/p>\n<p>\u201cEn otro pasaje del Evangelio &#8211;prosigui\u00f3 Benedicto XVI&#8211; el Se\u00f1or dice a los suyos: &#8216;Vosotros sois puros, gracias a las palabras que he anunciado\u2019\u201d. Llegamos a ser puros por medio de la Palabra, apunt\u00f3. \u201cCon la verdad, el amor y la amabilidad que vienen de Dios, el hombre se vuelve puro y verdad, amor y amabilidad se encuentran en la Palabra de Dios, que nos libera de la desmemoria en un mundo que no piensa m\u00e1s en Dios\u201d, subray\u00f3. \u201cLa Palabra de Dios vale mucho m\u00e1s que las palabras, porque a trav\u00e9s de las palabras encontramos la Palabra de Dios y a Dios mismo. Nosotros encontramos la Palabra en los que reflejan a Dios, en los que nos muestran su cara y su sencillez, su ternura, su sinceridad\u201d, asegur\u00f3. \u201cEsperamos que el Se\u00f1or nos conceda esta \u2018limpieza del coraz\u00f3n\u2019 a trav\u00e9s de la Verdad que viene de Dios: esta es la fuerza de la purificaci\u00f3n\u201d, concluy\u00f3 el Papa em\u00e9rito.<\/p>\n<p>Al final de la Misa, en las salas cercanas al Campo Santo Teut\u00f3nico, tuvo lugar la inauguraci\u00f3n del Aula Papa Benedicto-Joseph Ratzinger, que bendijo el Pont\u00edfice em\u00e9rito.\u00a0En su intervenci\u00f3n, el rector del Colegio Teut\u00f3nico, Mons. Hans Peter Fischer, anunci\u00f3 que el pr\u00f3ximo 18 de Noviembre se inaugurar\u00e1 la Biblioteca Romana Joseph Ratzinger-Benedicto XVI, totalmente dedicada a su vida y su pensamiento, en la Biblioteca del Colegio Teut\u00f3nico del Instituto Romano de la Sociedad de G\u00f6rres, en el Vaticano, con una intervenci\u00f3n del cardenal Gianfranco Ravasi, presidente del Pontificio Consejo de la Cultura, sobre el tema: \u201cDe la Biblia a la Biblioteca \u2013 Benedicto XVI y la Cultura de la Palabra\u201d.<\/p>\n<p>La Biblioteca dedicada al Papa em\u00e9rito, una iniciativa de la Fundaci\u00f3n Vaticana Joseph Ratzinger-Benedicto XVI, cuenta con alrededor de mil vol\u00famenes en diferentes lenguas y estar\u00e1 abierta a todos los que est\u00e9n interesados en las publicaciones de y sobre Joseph Ratzinger, en conocer su vida y profundizar sobre su teolog\u00eda. Muchos vol\u00famenes han sido donados por el propio Benedicto XVI, otros por la Fundaci\u00f3n Vaticana.<\/p>\n<p>Ciudad del Vaticano, 01 de septiembre de 2015 (ZENIT.org)<\/p>\n","protected":false},"excerpt":{"rendered":"<p>Benedicto XVI reaparece para hablar de la purificaci\u00f3n del coraz\u00f3n \u00a0 Dirigi\u00e9ndose a los miembros del Sch\u00fclerkreis, el Papa em\u00e9rito afirma que con la verdad, el amor y la amabilidad que vienen de Dios, el hombre se vuelve puro \u201cCon la verdad, el amor y la amabilidad que vienen de Dios, el hombre se vuelve &hellip; <a href=\"https:\/\/www.biblia.work\/sermones\/benedicto-xvi-reaparece-para-hablar-de-la-purificacion-del-corazon\/\" class=\"more-link\">Continuar leyendo<span class=\"screen-reader-text\"> \u00abBenedicto XVI reaparece para hablar de la purificaci\u00f3n del coraz\u00f3n\u00bb<\/span><\/a><\/p>\n","protected":false},"author":1,"featured_media":0,"comment_status":"open","ping_status":"closed","sticky":false,"template":"","format":"standard","meta":{"footnotes":""},"categories":[1],"tags":[],"class_list":["post-37046","post","type-post","status-publish","format-standard","hentry","category-general"],"_links":{"self":[{"href":"https:\/\/www.biblia.work\/sermones\/wp-json\/wp\/v2\/posts\/37046","targetHints":{"allow":["GET"]}}],"collection":[{"href":"https:\/\/www.biblia.work\/sermones\/wp-json\/wp\/v2\/posts"}],"about":[{"href":"https:\/\/www.biblia.work\/sermones\/wp-json\/wp\/v2\/types\/post"}],"author":[{"embeddable":true,"href":"https:\/\/www.biblia.work\/sermones\/wp-json\/wp\/v2\/users\/1"}],"replies":[{"embeddable":true,"href":"https:\/\/www.biblia.work\/sermones\/wp-json\/wp\/v2\/comments?post=37046"}],"version-history":[{"count":0,"href":"https:\/\/www.biblia.work\/sermones\/wp-json\/wp\/v2\/posts\/37046\/revisions"}],"wp:attachment":[{"href":"https:\/\/www.biblia.work\/sermones\/wp-json\/wp\/v2\/media?parent=37046"}],"wp:term":[{"taxonomy":"category","embeddable":true,"href":"https:\/\/www.biblia.work\/sermones\/wp-json\/wp\/v2\/categories?post=37046"},{"taxonomy":"post_tag","embeddable":true,"href":"https:\/\/www.biblia.work\/sermones\/wp-json\/wp\/v2\/tags?post=37046"}],"curies":[{"name":"wp","href":"https:\/\/api.w.org\/{rel}","templated":true}]}}