{"id":37048,"date":"2016-06-21T10:59:41","date_gmt":"2016-06-21T15:59:41","guid":{"rendered":"http:\/\/www.biblia.work\/sermones\/pesame-del-papa-por-la-muerte-de-mons-pastore-generoso-servidor-del-evangelio-en-la-comunicacion\/"},"modified":"2016-06-21T10:59:41","modified_gmt":"2016-06-21T15:59:41","slug":"pesame-del-papa-por-la-muerte-de-mons-pastore-generoso-servidor-del-evangelio-en-la-comunicacion","status":"publish","type":"post","link":"https:\/\/www.biblia.work\/sermones\/pesame-del-papa-por-la-muerte-de-mons-pastore-generoso-servidor-del-evangelio-en-la-comunicacion\/","title":{"rendered":"P\u00e9same del Papa por la muerte de Mons. Pastore: generoso servidor del Evangelio en la comunicaci\u00f3n"},"content":{"rendered":"<p align=\"justify\">P\u00e9same del Papa por la muerte de Mons. Pastore: generoso servidor del Evangelio en la comunicaci\u00f3n<\/p>\n<p align=\"justify\">(RV).- El Papa Francisco ha transmitido sus condolencias a los familiares de Mons. <strong>Pierfranco Pastore<\/strong>, recordando \u00abcon coraz\u00f3n agradecido\u00bb la \u00abgenerosa obra que desarroll\u00f3 con inteligencia y pasi\u00f3n, al servicio del Evangelio y de la Santa Sede, y, en particular, en el campo de las comunicaciones sociales\u00bb.<\/p>\n<p align=\"justify\">As\u00ed se lee en un telegrama enviado en nombre del Santo Padre por el <strong>Cardenal Secretario de Estado<\/strong>, Pietro Parolin, asegurando la ferviente oraci\u00f3n de sufragio del Papa, as\u00ed como su consoladora bendici\u00f3n apost\u00f3lica.<\/p>\n<p align=\"justify\">El P\u00e9same del Santo Padre se ley\u00f3 en la Santa Misa exequial del prelado fallecido, que fue presidida por el Presidente del Pontificio Consejo para las Comunicaciones Sociales. \u00ab<strong>Mons. Pastore era un Obispo que no pontificaba nunca<\/strong>\u00bb, destac\u00f3 el Arzobispo Celi, recordando al que fuera Secretario del mismo dicasterio, para luego subrayar que \u00ab<strong>Don Pierfranco nos hac\u00eda descubrir qu\u00e9 significa ser transformados por el poder y amor de Cristo<\/strong>\u00bb.<\/p>\n<p align=\"justify\">Concelebraron asimismo Mons. Dario Eduardo Vigan\u00f3, Prefecto de la nueva Secretar\u00eda para las Comunicaciones; el P. Federico Lombardi, Director de la Oficina de Prensa de la Santa Sede, as\u00ed como, el vice director P. Ciro Benedettini, entre otros.<\/p>\n<p align=\"justify\">(CdM \u2013 RV)<\/p>\n<p align=\"justify\">(from Vatican Radio)<\/p>\n","protected":false},"excerpt":{"rendered":"<p>P\u00e9same del Papa por la muerte de Mons. Pastore: generoso servidor del Evangelio en la comunicaci\u00f3n (RV).- El Papa Francisco ha transmitido sus condolencias a los familiares de Mons. Pierfranco Pastore, recordando \u00abcon coraz\u00f3n agradecido\u00bb la \u00abgenerosa obra que desarroll\u00f3 con inteligencia y pasi\u00f3n, al servicio del Evangelio y de la Santa Sede, y, en &hellip; <a href=\"https:\/\/www.biblia.work\/sermones\/pesame-del-papa-por-la-muerte-de-mons-pastore-generoso-servidor-del-evangelio-en-la-comunicacion\/\" class=\"more-link\">Continuar leyendo<span class=\"screen-reader-text\"> \u00abP\u00e9same del Papa por la muerte de Mons. Pastore: generoso servidor del Evangelio en la comunicaci\u00f3n\u00bb<\/span><\/a><\/p>\n","protected":false},"author":1,"featured_media":0,"comment_status":"open","ping_status":"closed","sticky":false,"template":"","format":"standard","meta":{"footnotes":""},"categories":[1],"tags":[],"class_list":["post-37048","post","type-post","status-publish","format-standard","hentry","category-general"],"_links":{"self":[{"href":"https:\/\/www.biblia.work\/sermones\/wp-json\/wp\/v2\/posts\/37048","targetHints":{"allow":["GET"]}}],"collection":[{"href":"https:\/\/www.biblia.work\/sermones\/wp-json\/wp\/v2\/posts"}],"about":[{"href":"https:\/\/www.biblia.work\/sermones\/wp-json\/wp\/v2\/types\/post"}],"author":[{"embeddable":true,"href":"https:\/\/www.biblia.work\/sermones\/wp-json\/wp\/v2\/users\/1"}],"replies":[{"embeddable":true,"href":"https:\/\/www.biblia.work\/sermones\/wp-json\/wp\/v2\/comments?post=37048"}],"version-history":[{"count":0,"href":"https:\/\/www.biblia.work\/sermones\/wp-json\/wp\/v2\/posts\/37048\/revisions"}],"wp:attachment":[{"href":"https:\/\/www.biblia.work\/sermones\/wp-json\/wp\/v2\/media?parent=37048"}],"wp:term":[{"taxonomy":"category","embeddable":true,"href":"https:\/\/www.biblia.work\/sermones\/wp-json\/wp\/v2\/categories?post=37048"},{"taxonomy":"post_tag","embeddable":true,"href":"https:\/\/www.biblia.work\/sermones\/wp-json\/wp\/v2\/tags?post=37048"}],"curies":[{"name":"wp","href":"https:\/\/api.w.org\/{rel}","templated":true}]}}