{"id":37049,"date":"2016-06-21T10:59:46","date_gmt":"2016-06-21T15:59:46","guid":{"rendered":"http:\/\/www.biblia.work\/sermones\/el-cardenal-sistach-tambien-participara-en-el-proximo-sinodo-de-los-obispos\/"},"modified":"2016-06-21T10:59:46","modified_gmt":"2016-06-21T15:59:46","slug":"el-cardenal-sistach-tambien-participara-en-el-proximo-sinodo-de-los-obispos","status":"publish","type":"post","link":"https:\/\/www.biblia.work\/sermones\/el-cardenal-sistach-tambien-participara-en-el-proximo-sinodo-de-los-obispos\/","title":{"rendered":"El cardenal Sistach tambi\u00e9n participar\u00e1 en el pr\u00f3ximo S\u00ednodo de los Obispos"},"content":{"rendered":"<p align=\"justify\"><strong>El cardenal Sistach tambi\u00e9n participar\u00e1 en el pr\u00f3ximo S\u00ednodo de los Obispos<\/strong><\/p>\n<p align=\"justify\">El papa Francisco ha nombrado al cardenal arzobispo de Barcelona, Dr. Llu\u00eds Mart\u00ednez Sistach, miembro de la Asamblea General Ordinaria del S\u00ednodo de Obispos, que se celebrar\u00e1 entre el 4 y el 25 de octubre.<\/p>\n<p align=\"justify\">El \u00a0Cardenal Sistach ya fue nombrado miembro de la Asamblea Sinodal del pasado mes de octubre por el Santo Padre. Estas dos asambleas est\u00e1n dedicadas a la familia y la del pr\u00f3ximo mes de octubre concretamente tratar\u00e1 la vocaci\u00f3n y misi\u00f3n de la familia en la Iglesia y en el mundo contempor\u00e1neo.<\/p>\n","protected":false},"excerpt":{"rendered":"<p>El cardenal Sistach tambi\u00e9n participar\u00e1 en el pr\u00f3ximo S\u00ednodo de los Obispos El papa Francisco ha nombrado al cardenal arzobispo de Barcelona, Dr. Llu\u00eds Mart\u00ednez Sistach, miembro de la Asamblea General Ordinaria del S\u00ednodo de Obispos, que se celebrar\u00e1 entre el 4 y el 25 de octubre. El \u00a0Cardenal Sistach ya fue nombrado miembro de &hellip; <a href=\"https:\/\/www.biblia.work\/sermones\/el-cardenal-sistach-tambien-participara-en-el-proximo-sinodo-de-los-obispos\/\" class=\"more-link\">Continuar leyendo<span class=\"screen-reader-text\"> \u00abEl cardenal Sistach tambi\u00e9n participar\u00e1 en el pr\u00f3ximo S\u00ednodo de los Obispos\u00bb<\/span><\/a><\/p>\n","protected":false},"author":1,"featured_media":0,"comment_status":"open","ping_status":"closed","sticky":false,"template":"","format":"standard","meta":{"footnotes":""},"categories":[1],"tags":[],"class_list":["post-37049","post","type-post","status-publish","format-standard","hentry","category-general"],"_links":{"self":[{"href":"https:\/\/www.biblia.work\/sermones\/wp-json\/wp\/v2\/posts\/37049","targetHints":{"allow":["GET"]}}],"collection":[{"href":"https:\/\/www.biblia.work\/sermones\/wp-json\/wp\/v2\/posts"}],"about":[{"href":"https:\/\/www.biblia.work\/sermones\/wp-json\/wp\/v2\/types\/post"}],"author":[{"embeddable":true,"href":"https:\/\/www.biblia.work\/sermones\/wp-json\/wp\/v2\/users\/1"}],"replies":[{"embeddable":true,"href":"https:\/\/www.biblia.work\/sermones\/wp-json\/wp\/v2\/comments?post=37049"}],"version-history":[{"count":0,"href":"https:\/\/www.biblia.work\/sermones\/wp-json\/wp\/v2\/posts\/37049\/revisions"}],"wp:attachment":[{"href":"https:\/\/www.biblia.work\/sermones\/wp-json\/wp\/v2\/media?parent=37049"}],"wp:term":[{"taxonomy":"category","embeddable":true,"href":"https:\/\/www.biblia.work\/sermones\/wp-json\/wp\/v2\/categories?post=37049"},{"taxonomy":"post_tag","embeddable":true,"href":"https:\/\/www.biblia.work\/sermones\/wp-json\/wp\/v2\/tags?post=37049"}],"curies":[{"name":"wp","href":"https:\/\/api.w.org\/{rel}","templated":true}]}}