{"id":37050,"date":"2016-06-21T10:59:56","date_gmt":"2016-06-21T15:59:56","guid":{"rendered":"http:\/\/www.biblia.work\/sermones\/murio-monsenor-pastore-una-vida-para-los-medios-de-la-santa-sede\/"},"modified":"2016-06-21T10:59:56","modified_gmt":"2016-06-21T15:59:56","slug":"murio-monsenor-pastore-una-vida-para-los-medios-de-la-santa-sede","status":"publish","type":"post","link":"https:\/\/www.biblia.work\/sermones\/murio-monsenor-pastore-una-vida-para-los-medios-de-la-santa-sede\/","title":{"rendered":"Muri\u00f3 monse\u00f1or Pastore: una vida para los medios de la Santa Sede"},"content":{"rendered":"<p style=\"text-align: justify;\"><strong>Muri\u00f3 monse\u00f1or Pastore: una vida para los medios de la Santa Sede<\/strong><\/p>\n<p style=\"text-align: justify;\">\u00a0(RV).- El <strong>Obispo Pierfranco Pastore<\/strong> falleci\u00f3 en Roma, el domingo 30 de agosto, a los 88 a\u00f1os de edad. Hab\u00eda recibido la ordenaci\u00f3n episcopal de manos de San Juan Pablo II, el 6 de enero, solemnidad de la Epifan\u00eda del Se\u00f1or, de 1994, como corolario de su entregado y largo servicio a la Sede Apost\u00f3lica.<\/p>\n<p style=\"text-align: justify;\">\n<p style=\"text-align: justify;\">Fue Secretario del Pontificio Consejo para las Comunicaciones Sociales y trabaj\u00f3 durante largos a\u00f1os en Radio Vaticano, siendo tambi\u00e9n fundador y director del Programa Especial A\u00f1o Santo, programa poliglota que naci\u00f3 como servicio e informaci\u00f3n \u00a0para los peregrinos del Jubileo de 1975. Y que luego se estableci\u00f3 en la programaci\u00f3n de Radio Vaticano con el nombre de 4 Voces \u2013 en italiano, franc\u00e9s, ingl\u00e9s y espa\u00f1ol &#8211; que fue el origen del sucesivo desarrollo de la Radio del Papa.<\/p>\n<p style=\"text-align: justify;\"><strong>Mons. Pastore y la capacidad de crear un ambiente de trabajo humano que se repercut\u00eda con grandes beneficios en lo profesional<\/strong><\/p>\n<p style=\"text-align: justify;\">Sacerdote, amigo, profesional, compa\u00f1ero, gu\u00eda y pastor. Son algunas de las caracter\u00edsticas entra\u00f1ablemente humanas de Mons. Pier Franco Pastore, que pudimos apreciar los que tuvimos la suerte de conocerlo y de enriquecernos con su cercan\u00eda atenta, discreta, amable y profunda, \u00a0y su fe arraigada e inquebrantable.<\/p>\n<p style=\"text-align: justify;\">Todo ello nos lo recuerda tambi\u00e9n el <strong>Padre F\u00e9lix Juan Cabas\u00e9s y a\u00f1ade: \u00abEstoy seguro de que Dios lo ha recibido en su seno\u00bb<\/strong><\/p>\n<p style=\"text-align: justify;\">Mons. Pastore hab\u00eda nacido el 21 de abril de 1927, en Varallo Sesia, en la provincia y di\u00f3cesis italiana de Novara. En 1950 fue ordenado sacerdote. En junio de 1976, el Papa Pablo VI lo nombr\u00f3 vice director de la Oficina de Prensa de la Santa Sede. En 1984 fue nombrado Secretario del Pontificio Consejo para las Comunicaciones Sociales, cargo con el que coordin\u00f3 la redacci\u00f3n de importantes documentos pastorales, como \u00abPornograf\u00eda y violencia en los medios de comunicaci\u00f3n: una respuesta pastoral\u00bb, de 1989. \u00abCriterios de colaboraci\u00f3n ecum\u00e9nica e interreligiosa en el campo de las comunicaciones sociales, de 1989. \u00abAetatis Novae\u00bb, sobre las comunicaciones sociales, de 1992. \u00ab\u00c9tica en la publicidad\u00bb, en 1997.<\/p>\n<p style=\"text-align: justify;\">(CdM \u2013 RV)<\/p>\n<p style=\"text-align: justify;\">(from Vatican Radio)<\/p>\n","protected":false},"excerpt":{"rendered":"<p>Muri\u00f3 monse\u00f1or Pastore: una vida para los medios de la Santa Sede \u00a0(RV).- El Obispo Pierfranco Pastore falleci\u00f3 en Roma, el domingo 30 de agosto, a los 88 a\u00f1os de edad. Hab\u00eda recibido la ordenaci\u00f3n episcopal de manos de San Juan Pablo II, el 6 de enero, solemnidad de la Epifan\u00eda del Se\u00f1or, de 1994, &hellip; <a href=\"https:\/\/www.biblia.work\/sermones\/murio-monsenor-pastore-una-vida-para-los-medios-de-la-santa-sede\/\" class=\"more-link\">Continuar leyendo<span class=\"screen-reader-text\"> \u00abMuri\u00f3 monse\u00f1or Pastore: una vida para los medios de la Santa Sede\u00bb<\/span><\/a><\/p>\n","protected":false},"author":1,"featured_media":0,"comment_status":"open","ping_status":"closed","sticky":false,"template":"","format":"standard","meta":{"footnotes":""},"categories":[1],"tags":[],"class_list":["post-37050","post","type-post","status-publish","format-standard","hentry","category-general"],"_links":{"self":[{"href":"https:\/\/www.biblia.work\/sermones\/wp-json\/wp\/v2\/posts\/37050","targetHints":{"allow":["GET"]}}],"collection":[{"href":"https:\/\/www.biblia.work\/sermones\/wp-json\/wp\/v2\/posts"}],"about":[{"href":"https:\/\/www.biblia.work\/sermones\/wp-json\/wp\/v2\/types\/post"}],"author":[{"embeddable":true,"href":"https:\/\/www.biblia.work\/sermones\/wp-json\/wp\/v2\/users\/1"}],"replies":[{"embeddable":true,"href":"https:\/\/www.biblia.work\/sermones\/wp-json\/wp\/v2\/comments?post=37050"}],"version-history":[{"count":0,"href":"https:\/\/www.biblia.work\/sermones\/wp-json\/wp\/v2\/posts\/37050\/revisions"}],"wp:attachment":[{"href":"https:\/\/www.biblia.work\/sermones\/wp-json\/wp\/v2\/media?parent=37050"}],"wp:term":[{"taxonomy":"category","embeddable":true,"href":"https:\/\/www.biblia.work\/sermones\/wp-json\/wp\/v2\/categories?post=37050"},{"taxonomy":"post_tag","embeddable":true,"href":"https:\/\/www.biblia.work\/sermones\/wp-json\/wp\/v2\/tags?post=37050"}],"curies":[{"name":"wp","href":"https:\/\/api.w.org\/{rel}","templated":true}]}}