{"id":37051,"date":"2016-06-21T11:00:00","date_gmt":"2016-06-21T16:00:00","guid":{"rendered":"http:\/\/www.biblia.work\/sermones\/el-vaticano-no-se-opone-a-que-banderas-de-observadores-esten-en-la-onu\/"},"modified":"2016-06-21T11:00:00","modified_gmt":"2016-06-21T16:00:00","slug":"el-vaticano-no-se-opone-a-que-banderas-de-observadores-esten-en-la-onu","status":"publish","type":"post","link":"https:\/\/www.biblia.work\/sermones\/el-vaticano-no-se-opone-a-que-banderas-de-observadores-esten-en-la-onu\/","title":{"rendered":"El Vaticano no se opone a que banderas de Observadores est\u00e9n en la ONU"},"content":{"rendered":"<p style=\"text-align: justify;\"><strong>El Vaticano no se opone a que banderas de Observadores est\u00e9n en la ONU<\/strong><\/p>\n<p style=\"text-align: justify;\">La propuesta de <strong>Palestina<\/strong> solicita que sea izado su pabell\u00f3n y el de la Santa Sede, en calidad de pa\u00edses observadores<\/p>\n<p style=\"text-align: justify;\">\n<p style=\"text-align: justify;\">Un mes antes de la visita de papa Francisco a las Naciones Unidas (ONU), Palestina prepara una solicitud para que las banderas del Vaticano y de Palestina est\u00e9n presentes en las oficinas de la ONU, en calidad de pa\u00edses observadores permanentes.<\/p>\n<p style=\"text-align: justify;\">El 25 de septiembre el Papa hablar\u00e1 durante ante la Asamblea general de la ONU, durante su pr\u00f3ximo su viaje apost\u00f3lico a Estados Unidos, del 22 al 27 de septiembre, en el cual participar\u00e1 en Filadelfia, del Encuentro Mundial de las Familias.<\/p>\n<p style=\"text-align: justify;\">Santa Sede respondi\u00f3 anoche en un comunicado a la propuesta, precisando que no se opone a la solicitud de que la bandera del Vaticano sea izada en las oficinas de las Naciones Unidas, en el respeto de las normas del organizaci\u00f3n, sin mencionar al pa\u00eds que la hizo.<\/p>\n<p style=\"text-align: justify;\">\u201cDe acuerdo con las reglas de la Asamblea General, ning\u00fan Estado miembro u Observador tiene el derecho de oponerse a la presentaci\u00f3n de un borrador de resoluci\u00f3n por parte de un estado miembro\u201d indica el comunicado.<\/p>\n<p style=\"text-align: justify;\">Por ello \u201cla Santa Sede no presenta objeci\u00f3n a que sea presentado un borrador de resoluci\u00f3n relativo al izamiento de banderas de los Estados observadores en la sede y oficinas de las Naciones Unidas\u201d.<\/p>\n<p style=\"text-align: justify;\">\u201cEntretanto &#8211;prosigue el comunicado&#8211; la Santa Sede toma nota de la praxis establecida desde hace tiempo y de la tradici\u00f3n de la ONU, desde 1945, seg\u00fan la cual solamente las banderas de los Estados miembros est\u00e1n desplegadas en las oficinas de la ONU, y aceptar\u00e1 la decisi\u00f3n que las Naciones Unidas quieran tomar en el futuro sobre el tema\u201d.<\/p>\n<p style=\"text-align: justify;\"><strong>Texto Oficial:<\/strong><\/p>\n<p style=\"text-align: justify;\">&#8220;In accordance with the rules governing the General Assembly no Member or Observer State is entitled to oppose the tabling of a draft resolution by a Member State. In light of this, the Holy See does not object to the tabling of a draft resolution concerning the raising of the flags of Observer States at the UN headquarters and offices.<\/p>\n<p style=\"text-align: justify;\">The Holy See, however, notes the long established praxis and tradition of the UN, since 1945, whereby only flags of member States are displayed at the UN headquarters and offices, and will accept whatever decision that the UN may wish to take in this regard in the future.<\/p>\n<p style=\"text-align: justify;\">From the Vatican, 28 August 2015&#8243;<\/p>\n<p style=\"text-align: justify;\">Ciudad del Vaticano, 29 de agosto de 2015 (ZENIT.org)<\/p>\n","protected":false},"excerpt":{"rendered":"<p>El Vaticano no se opone a que banderas de Observadores est\u00e9n en la ONU La propuesta de Palestina solicita que sea izado su pabell\u00f3n y el de la Santa Sede, en calidad de pa\u00edses observadores Un mes antes de la visita de papa Francisco a las Naciones Unidas (ONU), Palestina prepara una solicitud para que &hellip; <a href=\"https:\/\/www.biblia.work\/sermones\/el-vaticano-no-se-opone-a-que-banderas-de-observadores-esten-en-la-onu\/\" class=\"more-link\">Continuar leyendo<span class=\"screen-reader-text\"> \u00abEl Vaticano no se opone a que banderas de Observadores est\u00e9n en la ONU\u00bb<\/span><\/a><\/p>\n","protected":false},"author":1,"featured_media":0,"comment_status":"open","ping_status":"closed","sticky":false,"template":"","format":"standard","meta":{"footnotes":""},"categories":[1],"tags":[],"class_list":["post-37051","post","type-post","status-publish","format-standard","hentry","category-general"],"_links":{"self":[{"href":"https:\/\/www.biblia.work\/sermones\/wp-json\/wp\/v2\/posts\/37051","targetHints":{"allow":["GET"]}}],"collection":[{"href":"https:\/\/www.biblia.work\/sermones\/wp-json\/wp\/v2\/posts"}],"about":[{"href":"https:\/\/www.biblia.work\/sermones\/wp-json\/wp\/v2\/types\/post"}],"author":[{"embeddable":true,"href":"https:\/\/www.biblia.work\/sermones\/wp-json\/wp\/v2\/users\/1"}],"replies":[{"embeddable":true,"href":"https:\/\/www.biblia.work\/sermones\/wp-json\/wp\/v2\/comments?post=37051"}],"version-history":[{"count":0,"href":"https:\/\/www.biblia.work\/sermones\/wp-json\/wp\/v2\/posts\/37051\/revisions"}],"wp:attachment":[{"href":"https:\/\/www.biblia.work\/sermones\/wp-json\/wp\/v2\/media?parent=37051"}],"wp:term":[{"taxonomy":"category","embeddable":true,"href":"https:\/\/www.biblia.work\/sermones\/wp-json\/wp\/v2\/categories?post=37051"},{"taxonomy":"post_tag","embeddable":true,"href":"https:\/\/www.biblia.work\/sermones\/wp-json\/wp\/v2\/tags?post=37051"}],"curies":[{"name":"wp","href":"https:\/\/api.w.org\/{rel}","templated":true}]}}