{"id":37052,"date":"2016-06-21T11:00:04","date_gmt":"2016-06-21T16:00:04","guid":{"rendered":"http:\/\/www.biblia.work\/sermones\/el-exnuncio-wesoloski-murio-por-un-infarto\/"},"modified":"2016-06-21T11:00:04","modified_gmt":"2016-06-21T16:00:04","slug":"el-exnuncio-wesoloski-murio-por-un-infarto","status":"publish","type":"post","link":"https:\/\/www.biblia.work\/sermones\/el-exnuncio-wesoloski-murio-por-un-infarto\/","title":{"rendered":"El exnuncio Wesoloski muri\u00f3 por un infarto"},"content":{"rendered":"<p style=\"text-align: justify;\"><strong>El exnuncio Wesoloski muri\u00f3 por un infarto<\/strong><\/p>\n<p style=\"text-align: justify;\">Llegaron los primeros resultados de la <strong>autopsia<\/strong> del acusado de <strong>abusos con menores<\/strong>, cuyo juicio penal hab\u00eda iniciado en el Vaticano<\/p>\n<p style=\"text-align: justify;\">El Vaticano confirm\u00f3 hoy en un comunicado de prensa que el deceso del exnuncio apost\u00f3lico en Rep\u00fablica Dominicana, acusado de abuso sexual de menores, falleci\u00f3 de causas naturales de acuerdo a los primeros resultados de la autopsia.<\/p>\n<p style=\"text-align: justify;\"><strong>Wesolowski<\/strong> de 67 a\u00f1os muri\u00f3 este jueves en el Vaticano, donde se encontraba bajo arresto domiciliario a la espera de fallo del juicio penal que hab\u00eda iniciado el 14 de junio. Sobre el prelado polaco pesaban las acusaciones de abuso sexual a menores y posesi\u00f3n de pornograf\u00eda infantil.<\/p>\n<p style=\"text-align: justify;\">El Vaticano hab\u00eda reducido en 2014 a Wesolowski al estado laical por abusos sexuales a menores. Era el primer obispo bajo arresto en la sede apost\u00f3lica y el primer caso que ser\u00eda juzgado en el \u00e1mbito penal por los tribunales eclesi\u00e1sticos. Se calculaba que deber\u00eda haber descontado al menos diez a\u00f1os en arresto domiciliario.<\/p>\n<p style=\"text-align: justify;\">El comunicado de la Santa Sede indica: \u201cA continuaci\u00f3n de la imprevista muerte en la tarde del jueves 27 de agosto, del ex nuncio apost\u00f3lico J\u00f3zef Wesolowski, la Oficina del Promotor de Justicia del Vaticano, cumpliendo sus competencias ha dispuesto que se realice la autopsia, nombrando para ello a una comisi\u00f3n de tres peritos expertos, coordinada por el profesor Giovanni Arcudi, docente de Medicina Legal en la Universidad de Roma \u201cTor Vergata\u201d. Los ex\u00e1menes fueron realizados ayer por la tarde, y las primeras conclusiones del examen macrosc\u00f3pico confirman la causa natural del deceso, por un evento card\u00edaco. En los pr\u00f3ximos d\u00edas la Oficina del Promotor de Justicia, obtendr\u00e1 ulteriores resultados en los ex\u00e1menes de laboratorio realizados por dicha comisi\u00f3n\u201d.<\/p>\n<p style=\"text-align: justify;\">El fiscal de la Santo Domingo, Yeni Reynoso quien inici\u00f3 la investigaci\u00f3n en su pa\u00eds, lament\u00f3 en su cuenta twitter que el deceso del exnuncio y por lo tanto el final del juicio &#8220;injusto para las v\u00edctimas&#8221;.<\/p>\n<p style=\"text-align: justify;\">Cuando el papa Francisco autoriz\u00f3 su arresto, el portavoz de la Santa Sede, padre Federico Lombardi, indic\u00f3 que se trababa del mayor cargo sobre el cual el Vaticano hubiera investigado por abusos sexuales. Adem\u00e1s del proceso penal que daba un importante precedente, el Santo Padre di\u00f3 un paso m\u00e1s hacia la tolerancia cero, al instituir una nueva secci\u00f3n judicial en la Congregaci\u00f3n de la Doctrina de la Fe, destinada a juzgar las denuncias contra obispos por presuntos encubrimientos.<\/p>\n<p style=\"text-align: justify;\">Ciudad del Vaticano, 29 de agosto de 2015 (ZENIT.org)<\/p>\n","protected":false},"excerpt":{"rendered":"<p>El exnuncio Wesoloski muri\u00f3 por un infarto Llegaron los primeros resultados de la autopsia del acusado de abusos con menores, cuyo juicio penal hab\u00eda iniciado en el Vaticano El Vaticano confirm\u00f3 hoy en un comunicado de prensa que el deceso del exnuncio apost\u00f3lico en Rep\u00fablica Dominicana, acusado de abuso sexual de menores, falleci\u00f3 de causas &hellip; <a href=\"https:\/\/www.biblia.work\/sermones\/el-exnuncio-wesoloski-murio-por-un-infarto\/\" class=\"more-link\">Continuar leyendo<span class=\"screen-reader-text\"> \u00abEl exnuncio Wesoloski muri\u00f3 por un infarto\u00bb<\/span><\/a><\/p>\n","protected":false},"author":1,"featured_media":0,"comment_status":"open","ping_status":"closed","sticky":false,"template":"","format":"standard","meta":{"footnotes":""},"categories":[1],"tags":[],"class_list":["post-37052","post","type-post","status-publish","format-standard","hentry","category-general"],"_links":{"self":[{"href":"https:\/\/www.biblia.work\/sermones\/wp-json\/wp\/v2\/posts\/37052","targetHints":{"allow":["GET"]}}],"collection":[{"href":"https:\/\/www.biblia.work\/sermones\/wp-json\/wp\/v2\/posts"}],"about":[{"href":"https:\/\/www.biblia.work\/sermones\/wp-json\/wp\/v2\/types\/post"}],"author":[{"embeddable":true,"href":"https:\/\/www.biblia.work\/sermones\/wp-json\/wp\/v2\/users\/1"}],"replies":[{"embeddable":true,"href":"https:\/\/www.biblia.work\/sermones\/wp-json\/wp\/v2\/comments?post=37052"}],"version-history":[{"count":0,"href":"https:\/\/www.biblia.work\/sermones\/wp-json\/wp\/v2\/posts\/37052\/revisions"}],"wp:attachment":[{"href":"https:\/\/www.biblia.work\/sermones\/wp-json\/wp\/v2\/media?parent=37052"}],"wp:term":[{"taxonomy":"category","embeddable":true,"href":"https:\/\/www.biblia.work\/sermones\/wp-json\/wp\/v2\/categories?post=37052"},{"taxonomy":"post_tag","embeddable":true,"href":"https:\/\/www.biblia.work\/sermones\/wp-json\/wp\/v2\/tags?post=37052"}],"curies":[{"name":"wp","href":"https:\/\/api.w.org\/{rel}","templated":true}]}}