{"id":37053,"date":"2016-06-21T11:00:09","date_gmt":"2016-06-21T16:00:09","guid":{"rendered":"http:\/\/www.biblia.work\/sermones\/los-cardenales-sturla-y-cordes-enviados-especiales-a-los-congresos-eucaristicos-de-bolivia-y-la-republica-checa\/"},"modified":"2016-06-21T11:00:09","modified_gmt":"2016-06-21T16:00:09","slug":"los-cardenales-sturla-y-cordes-enviados-especiales-a-los-congresos-eucaristicos-de-bolivia-y-la-republica-checa","status":"publish","type":"post","link":"https:\/\/www.biblia.work\/sermones\/los-cardenales-sturla-y-cordes-enviados-especiales-a-los-congresos-eucaristicos-de-bolivia-y-la-republica-checa\/","title":{"rendered":"Los cardenales Sturla y Cordes, enviados especiales a los congresos eucar\u00edsticos de Bolivia y la Rep\u00fablica Checa"},"content":{"rendered":"<h5>Los cardenales Sturla y Cordes, enviados especiales a los congresos eucar\u00edsticos de Bolivia y la Rep\u00fablica Checa<\/h5>\n<p>\u00a0El quinto encuentro boliviano se celebrar\u00e1\u00a0en Tarija\u00a0del\u00a016 al 20 septiembre. La primera cita\u00a0checa\u00a0tendr\u00e1 lugar en Brno\u00a0del\u00a015 al 17\u00a0de octubre<\/p>\n<p align=\"justify\">\n<p style=\"text-align: justify;\">El papa Francisco ha nombrado este s\u00e1bado a los enviados especiales que lo representar\u00e1n en los actos de clausura de los congresos eucar\u00edsticos nacionales que se celebrar\u00e1n pr\u00f3ximamente en <strong>Bolivia y en la Rep\u00fablica Checa<\/strong>. Se trata del cardenal <strong>Daniel Fernando Sturla Berhouet<\/strong>, arzobispo de Montevideo, y del cardenal <strong>Paul Joseph Cordes<\/strong>, presidente em\u00e9rito del Pontificio Consejo &#8220;Cor Unum&#8221;, respectivamente, seg\u00fan inform\u00f3 la Sala de Prensa de la Santa Sede.<\/p>\n<p style=\"text-align: justify;\">El Congreso Eucar\u00edstico Nacional de Bolivia &#8211;el quinto en el pa\u00eds&#8211; fue inaugurado virtualmente por el Pont\u00edfice despu\u00e9s de la misa en Santa Cruz de La Sierra, durante su viaje a Am\u00e9rica Latina del pasado mes de julio. Se llevar\u00e1 a cabo en Tarija, del 16 al 20 de septiembre, y contar\u00e1 con la participaci\u00f3n de todas las di\u00f3cesis bolivianas que abordar\u00e1n la relaci\u00f3n entre la Eucarist\u00eda y la familia, tambi\u00e9n en vista del pr\u00f3ximo S\u00ednodo.<\/p>\n<p style=\"text-align: justify;\">En el caso de la Rep\u00fablica Checa es el primer Congreso Eucar\u00edstico Nacional. El encuentro tendr\u00e1 lugar en Brno del 15 al 17de octubre, pero los preparativos ya est\u00e1n en marcha desde el pasado mes de enero, gracias a las iniciativas propuestas a los fieles por la Conferencia Episcopal. En esta l\u00ednea, cabe destacar el Congreso Eucar\u00edstico que se celebr\u00f3 en la di\u00f3cesis de Olomouc los d\u00edas 15 y 16 mayo.<\/p>\n<p style=\"text-align: justify;\">Ciudad del Vaticano, 22 de agosto de 2015 (ZENIT.org)<\/p>\n","protected":false},"excerpt":{"rendered":"<p>Los cardenales Sturla y Cordes, enviados especiales a los congresos eucar\u00edsticos de Bolivia y la Rep\u00fablica Checa \u00a0El quinto encuentro boliviano se celebrar\u00e1\u00a0en Tarija\u00a0del\u00a016 al 20 septiembre. La primera cita\u00a0checa\u00a0tendr\u00e1 lugar en Brno\u00a0del\u00a015 al 17\u00a0de octubre El papa Francisco ha nombrado este s\u00e1bado a los enviados especiales que lo representar\u00e1n en los actos de clausura &hellip; <a href=\"https:\/\/www.biblia.work\/sermones\/los-cardenales-sturla-y-cordes-enviados-especiales-a-los-congresos-eucaristicos-de-bolivia-y-la-republica-checa\/\" class=\"more-link\">Continuar leyendo<span class=\"screen-reader-text\"> \u00abLos cardenales Sturla y Cordes, enviados especiales a los congresos eucar\u00edsticos de Bolivia y la Rep\u00fablica Checa\u00bb<\/span><\/a><\/p>\n","protected":false},"author":1,"featured_media":0,"comment_status":"open","ping_status":"closed","sticky":false,"template":"","format":"standard","meta":{"footnotes":""},"categories":[1],"tags":[],"class_list":["post-37053","post","type-post","status-publish","format-standard","hentry","category-general"],"_links":{"self":[{"href":"https:\/\/www.biblia.work\/sermones\/wp-json\/wp\/v2\/posts\/37053","targetHints":{"allow":["GET"]}}],"collection":[{"href":"https:\/\/www.biblia.work\/sermones\/wp-json\/wp\/v2\/posts"}],"about":[{"href":"https:\/\/www.biblia.work\/sermones\/wp-json\/wp\/v2\/types\/post"}],"author":[{"embeddable":true,"href":"https:\/\/www.biblia.work\/sermones\/wp-json\/wp\/v2\/users\/1"}],"replies":[{"embeddable":true,"href":"https:\/\/www.biblia.work\/sermones\/wp-json\/wp\/v2\/comments?post=37053"}],"version-history":[{"count":0,"href":"https:\/\/www.biblia.work\/sermones\/wp-json\/wp\/v2\/posts\/37053\/revisions"}],"wp:attachment":[{"href":"https:\/\/www.biblia.work\/sermones\/wp-json\/wp\/v2\/media?parent=37053"}],"wp:term":[{"taxonomy":"category","embeddable":true,"href":"https:\/\/www.biblia.work\/sermones\/wp-json\/wp\/v2\/categories?post=37053"},{"taxonomy":"post_tag","embeddable":true,"href":"https:\/\/www.biblia.work\/sermones\/wp-json\/wp\/v2\/tags?post=37053"}],"curies":[{"name":"wp","href":"https:\/\/api.w.org\/{rel}","templated":true}]}}