{"id":37054,"date":"2016-06-21T11:00:12","date_gmt":"2016-06-21T16:00:12","guid":{"rendered":"http:\/\/www.biblia.work\/sermones\/fallece-el-cardenal-hungaro-paskai-de-88-anos\/"},"modified":"2016-06-21T11:00:12","modified_gmt":"2016-06-21T16:00:12","slug":"fallece-el-cardenal-hungaro-paskai-de-88-anos","status":"publish","type":"post","link":"https:\/\/www.biblia.work\/sermones\/fallece-el-cardenal-hungaro-paskai-de-88-anos\/","title":{"rendered":"Fallece el cardenal h\u00fangaro Paskai, de 88 a\u00f1os"},"content":{"rendered":"<p align=\"justify\"><strong>Fallece el cardenal h\u00fangaro Paskai, de 88 a\u00f1os<\/strong><\/p>\n<p align=\"justify\">El cardenal <b>L\u00e1szl\u00f3 Paskai<\/b>, arzobispo em\u00e9rito de Esztergom-Budapest, falleci\u00f3 hoy en Esztergom, al norte de Budapest, a los 88 a\u00f1os de edad, inform\u00f3 la di\u00f3cesis. Paskai, nacido el 8 de mayo de 1927 en Szeged, en el sur del pa\u00eds magiar, fue nombrado en 1987 arzobispo de Esztergom y despu\u00e9s de la reorganizaci\u00f3n de las di\u00f3cesis de Hungr\u00eda, en 1993, de Esztergom-Budapest, cargo que ocup\u00f3 hasta que se retir\u00f3 en 2002.<\/p>\n<p align=\"justify\">Paskai inici\u00f3 sus estudios eclesi\u00e1sticos en la ciudad de Gy\u00f6ngy\u00f6s, que concluy\u00f3 en el seminario franciscano de Budapest, y <b>fue ordenado sacerdote en 1951<\/b>. Un a\u00f1o m\u00e1s tarde se doctor\u00f3 en teolog\u00eda.<\/p>\n<p align=\"justify\">En 1979, Paskai asumi\u00f3 el gobierno pastoral de la antigua di\u00f3cesis de <b>Veszpr\u00e9m<\/b>, fundada en 1009, mientras que en 1982 fue nombrado Arzobispo coadjutor de Kalocsa.<\/p>\n<p align=\"justify\"><b>La Conferencia Episcopal H\u00fangara le eligi\u00f3 como presidente en 1986 <\/b>y en 1987 fue transferido a la sede Metropolitana de Esztergom, fundada en el siglo X.<\/p>\n<p align=\"justify\"><b>En 2005 form\u00f3 parte del c\u00f3nclave que eligi\u00f3 a Benedicto XVI como sucesor de Juan Pablo II<\/b>.<\/p>\n","protected":false},"excerpt":{"rendered":"<p>Fallece el cardenal h\u00fangaro Paskai, de 88 a\u00f1os El cardenal L\u00e1szl\u00f3 Paskai, arzobispo em\u00e9rito de Esztergom-Budapest, falleci\u00f3 hoy en Esztergom, al norte de Budapest, a los 88 a\u00f1os de edad, inform\u00f3 la di\u00f3cesis. Paskai, nacido el 8 de mayo de 1927 en Szeged, en el sur del pa\u00eds magiar, fue nombrado en 1987 arzobispo de &hellip; <a href=\"https:\/\/www.biblia.work\/sermones\/fallece-el-cardenal-hungaro-paskai-de-88-anos\/\" class=\"more-link\">Continuar leyendo<span class=\"screen-reader-text\"> \u00abFallece el cardenal h\u00fangaro Paskai, de 88 a\u00f1os\u00bb<\/span><\/a><\/p>\n","protected":false},"author":1,"featured_media":0,"comment_status":"open","ping_status":"closed","sticky":false,"template":"","format":"standard","meta":{"footnotes":""},"categories":[1],"tags":[],"class_list":["post-37054","post","type-post","status-publish","format-standard","hentry","category-general"],"_links":{"self":[{"href":"https:\/\/www.biblia.work\/sermones\/wp-json\/wp\/v2\/posts\/37054","targetHints":{"allow":["GET"]}}],"collection":[{"href":"https:\/\/www.biblia.work\/sermones\/wp-json\/wp\/v2\/posts"}],"about":[{"href":"https:\/\/www.biblia.work\/sermones\/wp-json\/wp\/v2\/types\/post"}],"author":[{"embeddable":true,"href":"https:\/\/www.biblia.work\/sermones\/wp-json\/wp\/v2\/users\/1"}],"replies":[{"embeddable":true,"href":"https:\/\/www.biblia.work\/sermones\/wp-json\/wp\/v2\/comments?post=37054"}],"version-history":[{"count":0,"href":"https:\/\/www.biblia.work\/sermones\/wp-json\/wp\/v2\/posts\/37054\/revisions"}],"wp:attachment":[{"href":"https:\/\/www.biblia.work\/sermones\/wp-json\/wp\/v2\/media?parent=37054"}],"wp:term":[{"taxonomy":"category","embeddable":true,"href":"https:\/\/www.biblia.work\/sermones\/wp-json\/wp\/v2\/categories?post=37054"},{"taxonomy":"post_tag","embeddable":true,"href":"https:\/\/www.biblia.work\/sermones\/wp-json\/wp\/v2\/tags?post=37054"}],"curies":[{"name":"wp","href":"https:\/\/api.w.org\/{rel}","templated":true}]}}