{"id":37057,"date":"2016-06-21T11:00:31","date_gmt":"2016-06-21T16:00:31","guid":{"rendered":"http:\/\/www.biblia.work\/sermones\/el-cardenal-santos-abril-y-castello-en-la-dedicacion-de-la-basilica-santa-maria-la-mayor\/"},"modified":"2016-06-21T11:00:31","modified_gmt":"2016-06-21T16:00:31","slug":"el-cardenal-santos-abril-y-castello-en-la-dedicacion-de-la-basilica-santa-maria-la-mayor","status":"publish","type":"post","link":"https:\/\/www.biblia.work\/sermones\/el-cardenal-santos-abril-y-castello-en-la-dedicacion-de-la-basilica-santa-maria-la-mayor\/","title":{"rendered":"El cardenal Santos Abril y Castell\u00f3 en la Dedicaci\u00f3n de la Bas\u00edlica Santa Mar\u00eda la Mayor"},"content":{"rendered":"<p align=\"justify\"><strong>El Cardenal Santos Abril y Castell\u00f3 en la Dedicaci\u00f3n de la Bas\u00edlica Santa Mar\u00eda la Mayor<\/strong><\/p>\n<p style=\"text-align: justify;\">(RV).- Un manto de p\u00e9talos de flores blancas viste este 5 de agosto la Bas\u00edlica de Santa Mar\u00eda la Mayor, para celebrar la dedicaci\u00f3n a este santuario mariano que es el m\u00e1s antiguo de Occidente.<\/p>\n<p style=\"text-align: justify;\">\n<p style=\"text-align: justify;\">Y as\u00ed, el Cardenal espa\u00f1ol Santos Abril y Castell\u00f3 presidi\u00f3 la Santa Misa en la Bas\u00edlica, y despu\u00e9s concedi\u00f3 una entrevista a Radio Vaticano, al Alberto Goroni, a quien explic\u00f3 que \u201cla fe verdadera a la Madre de todos los cristianos lleva a mejorar nuestra Iglesia, nuestra sociedad, y el respeto por la naturaleza, como nos indica Francisco en la exhortaci\u00f3n Laudato S\u00ed\u201d.<\/p>\n<p style=\"text-align: justify;\">La Bas\u00edlica de Santa Mar\u00eda la Mayor fue mandada construir por el Papa Sixto III poco despu\u00e9s del Concilio de \u00c9feso del a\u00f1o 431, en el que Mar\u00eda fue proclamada solemnemente Madre de Dios.<\/p>\n<p style=\"text-align: justify;\">Como es tradicional, durante la Santa Misa y las sucesivas V\u00edsperas, una lluvia de flores recuerda el llamado \u201cMilagro de la nieve\u201d, seg\u00fan el cual habr\u00eda nevado sobre la colina romana del Esquilino la noche del 5 de agosto de 358 en pleno verano romano. Seg\u00fan la tradici\u00f3n, la Virgen Mar\u00eda habr\u00eda aparecido en el sue\u00f1o al Papa Liberio para pedirle que construyera una iglesia donde hab\u00eda nevado.<\/p>\n<p style=\"text-align: justify;\">\u00a0Y desde el a\u00f1o 1983 el Milagro de la nieve se recuerda tambi\u00e9n con un espect\u00e1culo de luces y sonidos en la Plaza frente a la Bas\u00edlica.<\/p>\n<p style=\"text-align: justify;\">Foto: \u00a0Fachada del primer santuario mariano de Occidente &#8211; ANSA<\/p>\n<p style=\"text-align: justify;\">\u00a0(MZ-RV)<\/p>\n","protected":false},"excerpt":{"rendered":"<p>El Cardenal Santos Abril y Castell\u00f3 en la Dedicaci\u00f3n de la Bas\u00edlica Santa Mar\u00eda la Mayor (RV).- Un manto de p\u00e9talos de flores blancas viste este 5 de agosto la Bas\u00edlica de Santa Mar\u00eda la Mayor, para celebrar la dedicaci\u00f3n a este santuario mariano que es el m\u00e1s antiguo de Occidente. Y as\u00ed, el Cardenal &hellip; <a href=\"https:\/\/www.biblia.work\/sermones\/el-cardenal-santos-abril-y-castello-en-la-dedicacion-de-la-basilica-santa-maria-la-mayor\/\" class=\"more-link\">Continuar leyendo<span class=\"screen-reader-text\"> \u00abEl cardenal Santos Abril y Castell\u00f3 en la Dedicaci\u00f3n de la Bas\u00edlica Santa Mar\u00eda la Mayor\u00bb<\/span><\/a><\/p>\n","protected":false},"author":1,"featured_media":0,"comment_status":"open","ping_status":"closed","sticky":false,"template":"","format":"standard","meta":{"footnotes":""},"categories":[1],"tags":[],"class_list":["post-37057","post","type-post","status-publish","format-standard","hentry","category-general"],"_links":{"self":[{"href":"https:\/\/www.biblia.work\/sermones\/wp-json\/wp\/v2\/posts\/37057","targetHints":{"allow":["GET"]}}],"collection":[{"href":"https:\/\/www.biblia.work\/sermones\/wp-json\/wp\/v2\/posts"}],"about":[{"href":"https:\/\/www.biblia.work\/sermones\/wp-json\/wp\/v2\/types\/post"}],"author":[{"embeddable":true,"href":"https:\/\/www.biblia.work\/sermones\/wp-json\/wp\/v2\/users\/1"}],"replies":[{"embeddable":true,"href":"https:\/\/www.biblia.work\/sermones\/wp-json\/wp\/v2\/comments?post=37057"}],"version-history":[{"count":0,"href":"https:\/\/www.biblia.work\/sermones\/wp-json\/wp\/v2\/posts\/37057\/revisions"}],"wp:attachment":[{"href":"https:\/\/www.biblia.work\/sermones\/wp-json\/wp\/v2\/media?parent=37057"}],"wp:term":[{"taxonomy":"category","embeddable":true,"href":"https:\/\/www.biblia.work\/sermones\/wp-json\/wp\/v2\/categories?post=37057"},{"taxonomy":"post_tag","embeddable":true,"href":"https:\/\/www.biblia.work\/sermones\/wp-json\/wp\/v2\/tags?post=37057"}],"curies":[{"name":"wp","href":"https:\/\/api.w.org\/{rel}","templated":true}]}}