{"id":37058,"date":"2016-06-21T11:00:35","date_gmt":"2016-06-21T16:00:35","guid":{"rendered":"http:\/\/www.biblia.work\/sermones\/en-la-plaza-de-san-pedro-miles-de-monaguillos-encuentran-al-papa-francisco\/"},"modified":"2016-06-21T11:00:35","modified_gmt":"2016-06-21T16:00:35","slug":"en-la-plaza-de-san-pedro-miles-de-monaguillos-encuentran-al-papa-francisco","status":"publish","type":"post","link":"https:\/\/www.biblia.work\/sermones\/en-la-plaza-de-san-pedro-miles-de-monaguillos-encuentran-al-papa-francisco\/","title":{"rendered":"En la plaza de San Pedro miles de monaguillos encuentran al Papa Francisco"},"content":{"rendered":"<p style=\"text-align: justify;\"><strong>En la plaza de San Pedro miles de monaguillos encuentran al Papa Francisco<\/strong><\/p>\n<p style=\"text-align: justify;\">\n<p align=\"justify\">&nbsp;<\/p>\n<p style=\"text-align: justify;\">(RV).- Se dieron cita para esta tarde en la plaza de San Pedro los participantes a la Peregrinaci\u00f3n Internacional de los Monaguillos, que tiene lugar cada cinco a\u00f1os. Son por los menos 9000, entre 14 y 30 a\u00f1os de edad y provienen de una veintena de pa\u00edses, entre los cuales, Francia, Italia, Portugal, Suiza, Hungr\u00eda, Serbia. Sobre el tema de las palabras de Isa\u00edas: \u201cAqu\u00ed estoy, \u00a1env\u00edame!\u201d vivir\u00e1n un momento de fiesta, testimonio y sobre todo de oraci\u00f3n que culminar\u00e1 con la llegada del Papa para la oraci\u00f3n de las V\u00edsperas en diversas lenguas.<\/p>\n<p style=\"text-align: justify;\">Es la d\u00e9cimo primera peregrinaci\u00f3n a Roma para la Organizaci\u00f3n Internacional de los Monaguillos. El programa iniciado este lunes, continuar\u00e1 con Misas en distintos lugares de Roma y visita a las Catacumbas, especialmente a la de San Calixto, en donde reposa San Tarcisio, patrono de los monaguillos. Pero el momento central ser\u00e1 la audiencia con el Papa hoy a las 18.00 horas. \u201cPara algunos chicos ser\u00e1 la primera posibilidad de ver la universalidad y la dimensi\u00f3n comunitaria de la Iglesia\u201d, explica el presidente de la Organizaci\u00f3n, Mons. Ladislav Nemet, \u201cpero tambi\u00e9n de encontrar la alegr\u00eda de la propia misi\u00f3n\u201d. La entrevista es de nuestra colega Gabriella Ceraso.<\/p>\n<p style=\"text-align: justify;\">\n<p style=\"text-align: justify;\">Hemos elegido como lema de la peregrinaci\u00f3n las palabras del profeta Isa\u00edas: \u201cAqu\u00ed estoy,\u00a1env\u00edame!\u201d. Pensamos que a la edad de los monaguillos es importante encontrar tambi\u00e9n el propio camino en la vida, y as\u00ed pensamos a una apertura tambi\u00e9n a Dios, en los a\u00f1os m\u00e1s dif\u00edciles. Toda la oraci\u00f3n est\u00e1 preparada en esta dimensi\u00f3n, tambi\u00e9n los textos de las diversas canciones resumen esta idea de la misi\u00f3n de los j\u00f3venes en la sociedad, en la vida privada y en la Iglesia. La segunda cosa es la paz, porque tenemos monaguillos que vienen tambi\u00e9n de Ucrania. Despu\u00e9s rezaremos tambi\u00e9n por los inmigrantes, ideas queridas por nuestro Santo Padre pero tambi\u00e9n por nuestros monaguillos. De hecho, vivimos en un mundo en el cual se pueden cerrar los ojos y no ver el mundo que cambia.<\/p>\n<p style=\"text-align: justify;\"><strong>\u00a0\u00bfSer monaguillos es algo que les atrae todav\u00eda? \u00bfC\u00f3mo acercarlos es esta dimensi\u00f3n?<\/strong><\/p>\n<p style=\"text-align: justify;\">\u00a0Si la liturgia est\u00e1 bien celebrada, hay una belleza que atrae. La segunda posibilidad es la comunidad: si en una parroquia hay una persona responsable que tiene esta capacidad de reunir a estos j\u00f3venes, se formar\u00e1 un grupo bell\u00edsimo. Ser monaguillo no significa solamente ir a la iglesia durante la liturgia, sino tambi\u00e9n asumir una nueva dimensi\u00f3n de la vida, vinculada con nuestra comunidad eclesial y con la comunidad que vive entorno a una parroquia.<\/p>\n<p style=\"text-align: justify;\">El Papa dice: \u201cvayan, salgan y lleguen a las periferias\u201d. Es decir, el tema del encuentro parece particularmente alineado con el magisterio\u2026<\/p>\n<p style=\"text-align: justify;\">\u00a0S\u00ed, porque \u201cAqu\u00ed estoy, \u00a1env\u00edame!\u201d significa la disponibilidad a salir, a dejar mi lugar\u2026El profeta ten\u00eda una vida muy tranquila y cuando el Se\u00f1or se hizo presente, el profeta dej\u00f3 todo. \u201cAqu\u00ed estoy, \u00a1env\u00edame!\u201d, a la periferia o a una gran ciudad: hoy la periferia puede ser tambi\u00e9n el centro de Roma. No hay una definici\u00f3n para periferia: la periferia son todos los espacios en donde la gente tiene necesidad de Jes\u00fas.<\/p>\n<p style=\"text-align: justify;\">\u00a0 Foto: \u00a0Monaguillos en la plaza de San Pedro &#8211; L&#8217;Osservatore Romano<\/p>\n<p style=\"text-align: justify;\">(MCM-RV)<\/p>\n","protected":false},"excerpt":{"rendered":"<p>En la plaza de San Pedro miles de monaguillos encuentran al Papa Francisco &nbsp; (RV).- Se dieron cita para esta tarde en la plaza de San Pedro los participantes a la Peregrinaci\u00f3n Internacional de los Monaguillos, que tiene lugar cada cinco a\u00f1os. Son por los menos 9000, entre 14 y 30 a\u00f1os de edad y &hellip; <a href=\"https:\/\/www.biblia.work\/sermones\/en-la-plaza-de-san-pedro-miles-de-monaguillos-encuentran-al-papa-francisco\/\" class=\"more-link\">Continuar leyendo<span class=\"screen-reader-text\"> \u00abEn la plaza de San Pedro miles de monaguillos encuentran al Papa Francisco\u00bb<\/span><\/a><\/p>\n","protected":false},"author":1,"featured_media":0,"comment_status":"open","ping_status":"closed","sticky":false,"template":"","format":"standard","meta":{"footnotes":""},"categories":[1],"tags":[],"class_list":["post-37058","post","type-post","status-publish","format-standard","hentry","category-general"],"_links":{"self":[{"href":"https:\/\/www.biblia.work\/sermones\/wp-json\/wp\/v2\/posts\/37058","targetHints":{"allow":["GET"]}}],"collection":[{"href":"https:\/\/www.biblia.work\/sermones\/wp-json\/wp\/v2\/posts"}],"about":[{"href":"https:\/\/www.biblia.work\/sermones\/wp-json\/wp\/v2\/types\/post"}],"author":[{"embeddable":true,"href":"https:\/\/www.biblia.work\/sermones\/wp-json\/wp\/v2\/users\/1"}],"replies":[{"embeddable":true,"href":"https:\/\/www.biblia.work\/sermones\/wp-json\/wp\/v2\/comments?post=37058"}],"version-history":[{"count":0,"href":"https:\/\/www.biblia.work\/sermones\/wp-json\/wp\/v2\/posts\/37058\/revisions"}],"wp:attachment":[{"href":"https:\/\/www.biblia.work\/sermones\/wp-json\/wp\/v2\/media?parent=37058"}],"wp:term":[{"taxonomy":"category","embeddable":true,"href":"https:\/\/www.biblia.work\/sermones\/wp-json\/wp\/v2\/categories?post=37058"},{"taxonomy":"post_tag","embeddable":true,"href":"https:\/\/www.biblia.work\/sermones\/wp-json\/wp\/v2\/tags?post=37058"}],"curies":[{"name":"wp","href":"https:\/\/api.w.org\/{rel}","templated":true}]}}