{"id":37059,"date":"2016-06-21T11:00:38","date_gmt":"2016-06-21T16:00:38","guid":{"rendered":"http:\/\/www.biblia.work\/sermones\/el-papa-recordo-la-fiesta-del-perdon-de-asis-el-padre-siempre-perdona-todo\/"},"modified":"2016-06-21T11:00:38","modified_gmt":"2016-06-21T16:00:38","slug":"el-papa-recordo-la-fiesta-del-perdon-de-asis-el-padre-siempre-perdona-todo","status":"publish","type":"post","link":"https:\/\/www.biblia.work\/sermones\/el-papa-recordo-la-fiesta-del-perdon-de-asis-el-padre-siempre-perdona-todo\/","title":{"rendered":"El Papa record\u00f3 la fiesta del Perd\u00f3n de As\u00eds, &#8220;el Padre siempre perdona todo&#8221;"},"content":{"rendered":"<p style=\"text-align: justify;\">El Papa record\u00f3 la fiesta del Perd\u00f3n de As\u00eds, &#8220;el Padre siempre perdona todo&#8221;<\/p>\n<p style=\"text-align: justify;\">\u00a0Despu\u00e9s de la oraci\u00f3n del \u00c1ngelus el Papa asegur\u00f3 que a todos nos sucede el hecho de tener un poco de verg\u00fcenza al ir al confesionario y que esto tambi\u00e9n es una gracia de Dios. &#8211; ANSA<\/p>\n<p style=\"text-align: justify;\">\u00a0(RV).- Despu\u00e9s de la oraci\u00f3n del \u00c1ngelus el Papa Francisco record\u00f3 que el s<strong>egundo d\u00eda de agosto se celebra el Perd\u00f3n de As\u00eds<\/strong>, la <strong>fiesta de la indulgencia<\/strong>, celebrada en la <strong>Porci\u00fancula<\/strong>, lugar de peregrinaje en el municipio de As\u00eds, en Umbria, Italia. El obispo de Roma explic\u00f3, desde la ventana del Palacio Pontificio, que hay gente que tiene miedo de acercarse a la <strong>Confesi\u00f3n<\/strong>, olvidando que no nos encontramos un juez severo sino al Padre misericordioso. Asegur\u00f3 que a todos nos sucede el hecho de tener un poco de verg\u00fcenza al ir al confesionario, &#8220;pero esto tambi\u00e9n es una gracia de Dios&#8221;.<\/p>\n<p style=\"text-align: justify;\">&#8220;Hoy se recuerda el Perd\u00f3n de As\u00eds. Es un fuerte llamamiento a acercarse al Se\u00f1or en el sacramento de la Misericordia y tambi\u00e9n en el recibir la comuni\u00f3n. Hay gente que tiene miedo de acercarse a la Confesi\u00f3n, olvidando que all\u00ed no encontramos un juez severo, sino al Padre inmensamente misericordioso. Es verdad que cuando vamos al confesionario, sentimos un poco de verg\u00fcenza. Sucede a todos, a todos nosotros, pero tenemos que recordar que tambi\u00e9n esta verg\u00fcenza es una gracia que nos prepara a abrazo del Padre, que siempre perdona y siempre perdona todo\u201d, dijo el Papa despu\u00e9s de la oraci\u00f3n a la Virgen Mar\u00eda.<\/p>\n<p style=\"text-align: justify;\">\u00a0El Santo Padre salud\u00f3 a los peregrinos de diferentes lugares del mundo llegados a la Plaza de San Pedro, entre ellos a los llegados desde Espa\u00f1a, desde Zizur Mayor, Elizondo y Pamplona.<\/p>\n<p style=\"text-align: justify;\">\u00a0(MZ-RV)<\/p>\n","protected":false},"excerpt":{"rendered":"<p>El Papa record\u00f3 la fiesta del Perd\u00f3n de As\u00eds, &#8220;el Padre siempre perdona todo&#8221; \u00a0Despu\u00e9s de la oraci\u00f3n del \u00c1ngelus el Papa asegur\u00f3 que a todos nos sucede el hecho de tener un poco de verg\u00fcenza al ir al confesionario y que esto tambi\u00e9n es una gracia de Dios. &#8211; ANSA \u00a0(RV).- Despu\u00e9s de la &hellip; <a href=\"https:\/\/www.biblia.work\/sermones\/el-papa-recordo-la-fiesta-del-perdon-de-asis-el-padre-siempre-perdona-todo\/\" class=\"more-link\">Continuar leyendo<span class=\"screen-reader-text\"> \u00abEl Papa record\u00f3 la fiesta del Perd\u00f3n de As\u00eds, &#8220;el Padre siempre perdona todo&#8221;\u00bb<\/span><\/a><\/p>\n","protected":false},"author":1,"featured_media":0,"comment_status":"open","ping_status":"closed","sticky":false,"template":"","format":"standard","meta":{"footnotes":""},"categories":[1],"tags":[],"class_list":["post-37059","post","type-post","status-publish","format-standard","hentry","category-general"],"_links":{"self":[{"href":"https:\/\/www.biblia.work\/sermones\/wp-json\/wp\/v2\/posts\/37059","targetHints":{"allow":["GET"]}}],"collection":[{"href":"https:\/\/www.biblia.work\/sermones\/wp-json\/wp\/v2\/posts"}],"about":[{"href":"https:\/\/www.biblia.work\/sermones\/wp-json\/wp\/v2\/types\/post"}],"author":[{"embeddable":true,"href":"https:\/\/www.biblia.work\/sermones\/wp-json\/wp\/v2\/users\/1"}],"replies":[{"embeddable":true,"href":"https:\/\/www.biblia.work\/sermones\/wp-json\/wp\/v2\/comments?post=37059"}],"version-history":[{"count":0,"href":"https:\/\/www.biblia.work\/sermones\/wp-json\/wp\/v2\/posts\/37059\/revisions"}],"wp:attachment":[{"href":"https:\/\/www.biblia.work\/sermones\/wp-json\/wp\/v2\/media?parent=37059"}],"wp:term":[{"taxonomy":"category","embeddable":true,"href":"https:\/\/www.biblia.work\/sermones\/wp-json\/wp\/v2\/categories?post=37059"},{"taxonomy":"post_tag","embeddable":true,"href":"https:\/\/www.biblia.work\/sermones\/wp-json\/wp\/v2\/tags?post=37059"}],"curies":[{"name":"wp","href":"https:\/\/api.w.org\/{rel}","templated":true}]}}