{"id":37060,"date":"2016-06-21T11:00:48","date_gmt":"2016-06-21T16:00:48","guid":{"rendered":"http:\/\/www.biblia.work\/sermones\/el-jubileo-de-los-jovenes-sera-en-roma-en-abril-de-2016\/"},"modified":"2016-06-21T11:00:48","modified_gmt":"2016-06-21T16:00:48","slug":"el-jubileo-de-los-jovenes-sera-en-roma-en-abril-de-2016","status":"publish","type":"post","link":"https:\/\/www.biblia.work\/sermones\/el-jubileo-de-los-jovenes-sera-en-roma-en-abril-de-2016\/","title":{"rendered":"El Jubileo de los J\u00f3venes ser\u00e1 en Roma, en abril de 2016"},"content":{"rendered":"<p align=\"justify\"><strong>\u00a0El Jubileo de los J\u00f3venes ser\u00e1 en Roma, en abril de 2016<\/strong><\/p>\n<p align=\"justify\">\n<p style=\"text-align: justify;\">En el marco del Jubileo de la Misericordia convocado por el Papa Francisco<\/p>\n<p>El <strong>Jubileo de los J\u00f3venes (de 13 a 16 a\u00f1os)<\/strong> tendr\u00e1 lugar en Roma del <strong>23 al 25 de abril de 2016<\/strong>, en el marco del <strong>Jubileo de la Misericordia<\/strong> convocado por el Papa Francisco. Lo indic\u00f3 el Vatican Information Service, precisando que el\u00a0evento est\u00e1 organizado por el Pontificio Consejo para la Promoci\u00f3n de la Nueva Evangelizaci\u00f3n en colaboraci\u00f3n con el Servicio nacional italiano de la <strong>pastoral juvenil.\u00a0<\/strong><\/p>\n<p>El 23 de abril estar\u00e1 dedicado a la peregrinaci\u00f3n de la Misericordia. Los diversos grupos de j\u00f3venes partir\u00e1n de Castel Sant&#8217;Angelo y recorrer\u00e1n Via della Conciliazione, en un camino penitencial, leyendo la Palabra de Dios y meditando. Una vez llegados a la Plaza de San Pedro podr\u00e1n recibir el Sacramento de la Reconciliaci\u00f3n confesandose con los sacerdotes a disposici\u00f3n dentro de la Columnata. Despu\u00e9s, entrar\u00e1n en la bas\u00edlica por la Puerta Santa para la profesi\u00f3n de fe en el Altar de la Confesi\u00f3n junto a la tumba de San Pedro.<\/p>\n<p>A lo largo de su Jubileo, los j\u00f3venes podr\u00e1n visitar las plazas y lugares m\u00e1s significativos de Roma donde se colocar\u00e1n una serie de instalaciones explicativas de las siete obras de misericordia corporales y espirituales y algunos testigos de la caridad les hablar\u00e1n de c\u00f3mo traducir la misericordia en actos concretos.<\/p>\n<p>El acto m\u00e1s significativo ser\u00e1 la participaci\u00f3n en la santa misa que el Papa Francisco celebrar\u00e1 el domingo 24 en la Plaza de San Pedro.<\/p>\n<p>Ciudad del Vaticano, 01 de agosto de 2015 (ZENIT.org)<\/p>\n","protected":false},"excerpt":{"rendered":"<p>\u00a0El Jubileo de los J\u00f3venes ser\u00e1 en Roma, en abril de 2016 En el marco del Jubileo de la Misericordia convocado por el Papa Francisco El Jubileo de los J\u00f3venes (de 13 a 16 a\u00f1os) tendr\u00e1 lugar en Roma del 23 al 25 de abril de 2016, en el marco del Jubileo de la Misericordia &hellip; <a href=\"https:\/\/www.biblia.work\/sermones\/el-jubileo-de-los-jovenes-sera-en-roma-en-abril-de-2016\/\" class=\"more-link\">Continuar leyendo<span class=\"screen-reader-text\"> \u00abEl Jubileo de los J\u00f3venes ser\u00e1 en Roma, en abril de 2016\u00bb<\/span><\/a><\/p>\n","protected":false},"author":1,"featured_media":0,"comment_status":"open","ping_status":"closed","sticky":false,"template":"","format":"standard","meta":{"footnotes":""},"categories":[1],"tags":[],"class_list":["post-37060","post","type-post","status-publish","format-standard","hentry","category-general"],"_links":{"self":[{"href":"https:\/\/www.biblia.work\/sermones\/wp-json\/wp\/v2\/posts\/37060","targetHints":{"allow":["GET"]}}],"collection":[{"href":"https:\/\/www.biblia.work\/sermones\/wp-json\/wp\/v2\/posts"}],"about":[{"href":"https:\/\/www.biblia.work\/sermones\/wp-json\/wp\/v2\/types\/post"}],"author":[{"embeddable":true,"href":"https:\/\/www.biblia.work\/sermones\/wp-json\/wp\/v2\/users\/1"}],"replies":[{"embeddable":true,"href":"https:\/\/www.biblia.work\/sermones\/wp-json\/wp\/v2\/comments?post=37060"}],"version-history":[{"count":0,"href":"https:\/\/www.biblia.work\/sermones\/wp-json\/wp\/v2\/posts\/37060\/revisions"}],"wp:attachment":[{"href":"https:\/\/www.biblia.work\/sermones\/wp-json\/wp\/v2\/media?parent=37060"}],"wp:term":[{"taxonomy":"category","embeddable":true,"href":"https:\/\/www.biblia.work\/sermones\/wp-json\/wp\/v2\/categories?post=37060"},{"taxonomy":"post_tag","embeddable":true,"href":"https:\/\/www.biblia.work\/sermones\/wp-json\/wp\/v2\/tags?post=37060"}],"curies":[{"name":"wp","href":"https:\/\/api.w.org\/{rel}","templated":true}]}}