{"id":37061,"date":"2016-06-21T11:00:52","date_gmt":"2016-06-21T16:00:52","guid":{"rendered":"http:\/\/www.biblia.work\/sermones\/el-papa-francisco-invita-al-vaticano-a-alumnos-de-un-centro-de-educacion-especial-de-avila\/"},"modified":"2016-06-21T11:00:52","modified_gmt":"2016-06-21T16:00:52","slug":"el-papa-francisco-invita-al-vaticano-a-alumnos-de-un-centro-de-educacion-especial-de-avila","status":"publish","type":"post","link":"https:\/\/www.biblia.work\/sermones\/el-papa-francisco-invita-al-vaticano-a-alumnos-de-un-centro-de-educacion-especial-de-avila\/","title":{"rendered":"El Papa Francisco invita al Vaticano a alumnos de un centro de educaci\u00f3n especial de \u00c1vila"},"content":{"rendered":"<p style=\"text-align: justify;\"><strong>El Papa Francisco invita al Vaticano a alumnos de un centro de educaci\u00f3n especial de \u00c1vila<\/strong><\/p>\n<p style=\"text-align: justify;\">\u00a0Participar\u00e1n a la <strong>audiencia de los mi\u00e9rcoles, 8 j\u00f3venes del \u201cSanta Teresa\u201d de Martiherrero<\/strong> que est\u00e1 celebrando sus bodas de oro<\/p>\n<p style=\"text-align: justify;\">El centro de <strong>educaci\u00f3n especial \u201cSanta Teresa\u201d de Martiherrero<\/strong>, de la di\u00f3cesis de \u00c1vila, est\u00e1 celebrando sus bodas de oro. Con este motivo, han anunciado que el pr\u00f3ximo mes de septiembre ocho chicos del centro viajar\u00e1n hasta el Vaticano para participar en la audiencia general con el Papa Francisco, tras haber recibido una invitaci\u00f3n del Pont\u00edfice para ello.<\/p>\n<p style=\"text-align: justify;\">Todo esto ha sucedido gracias a una iniciativa que han realizado los representantes de \u201cLa Casa Grande\u201d, como se conoce coloquialmente a la instituci\u00f3n, quienes enviaron hace alg\u00fan tiempo al Santo Padre \u201cun v\u00eddeo muy emotivo en el que los chicos del centro contaban qui\u00e9n era el Papa y le ped\u00edan que les invitara a su casa\u201d, tal y como indica la web de la di\u00f3cesis de \u00c1vila.<\/p>\n<p style=\"text-align: justify;\">En la idea ha participado tambi\u00e9n el obispo, monse\u00f1or Jes\u00fas Garc\u00eda Burillo, quien hizo de intermediario para conseguir que el v\u00eddeo llegara al Vaticano. Ahora han obtenido una respuesta y ocho chicos de este centro, acompa\u00f1ados por el obispo y los directores del Centro, ver\u00e1n al Papa Francisco el pr\u00f3ximo 2 de septiembre.<\/p>\n<p style=\"text-align: justify;\">\u00a0Por Redacci\u00f3n<\/p>\n<p style=\"text-align: justify;\">Ciudad del Vaticano, 27 de julio de 2015 (ZENIT.org)<\/p>\n<p style=\"text-align: justify;\">Foto:<\/p>\n<p style=\"text-align: justify;\">Jornada de confraternizaci\u00f3n en el Centro de Educaci\u00f3n Especial de Martiherrero. Antonio Bartolom\u00e9<\/p>\n","protected":false},"excerpt":{"rendered":"<p>El Papa Francisco invita al Vaticano a alumnos de un centro de educaci\u00f3n especial de \u00c1vila \u00a0Participar\u00e1n a la audiencia de los mi\u00e9rcoles, 8 j\u00f3venes del \u201cSanta Teresa\u201d de Martiherrero que est\u00e1 celebrando sus bodas de oro El centro de educaci\u00f3n especial \u201cSanta Teresa\u201d de Martiherrero, de la di\u00f3cesis de \u00c1vila, est\u00e1 celebrando sus bodas &hellip; <a href=\"https:\/\/www.biblia.work\/sermones\/el-papa-francisco-invita-al-vaticano-a-alumnos-de-un-centro-de-educacion-especial-de-avila\/\" class=\"more-link\">Continuar leyendo<span class=\"screen-reader-text\"> \u00abEl Papa Francisco invita al Vaticano a alumnos de un centro de educaci\u00f3n especial de \u00c1vila\u00bb<\/span><\/a><\/p>\n","protected":false},"author":1,"featured_media":0,"comment_status":"open","ping_status":"closed","sticky":false,"template":"","format":"standard","meta":{"footnotes":""},"categories":[1],"tags":[],"class_list":["post-37061","post","type-post","status-publish","format-standard","hentry","category-general"],"_links":{"self":[{"href":"https:\/\/www.biblia.work\/sermones\/wp-json\/wp\/v2\/posts\/37061","targetHints":{"allow":["GET"]}}],"collection":[{"href":"https:\/\/www.biblia.work\/sermones\/wp-json\/wp\/v2\/posts"}],"about":[{"href":"https:\/\/www.biblia.work\/sermones\/wp-json\/wp\/v2\/types\/post"}],"author":[{"embeddable":true,"href":"https:\/\/www.biblia.work\/sermones\/wp-json\/wp\/v2\/users\/1"}],"replies":[{"embeddable":true,"href":"https:\/\/www.biblia.work\/sermones\/wp-json\/wp\/v2\/comments?post=37061"}],"version-history":[{"count":0,"href":"https:\/\/www.biblia.work\/sermones\/wp-json\/wp\/v2\/posts\/37061\/revisions"}],"wp:attachment":[{"href":"https:\/\/www.biblia.work\/sermones\/wp-json\/wp\/v2\/media?parent=37061"}],"wp:term":[{"taxonomy":"category","embeddable":true,"href":"https:\/\/www.biblia.work\/sermones\/wp-json\/wp\/v2\/categories?post=37061"},{"taxonomy":"post_tag","embeddable":true,"href":"https:\/\/www.biblia.work\/sermones\/wp-json\/wp\/v2\/tags?post=37061"}],"curies":[{"name":"wp","href":"https:\/\/api.w.org\/{rel}","templated":true}]}}