{"id":37062,"date":"2016-06-21T11:00:56","date_gmt":"2016-06-21T16:00:56","guid":{"rendered":"http:\/\/www.biblia.work\/sermones\/reverendo-paul-abdel-sater-obispo-de-curia-patriarcal\/"},"modified":"2016-06-21T11:00:56","modified_gmt":"2016-06-21T16:00:56","slug":"reverendo-paul-abdel-sater-obispo-de-curia-patriarcal","status":"publish","type":"post","link":"https:\/\/www.biblia.work\/sermones\/reverendo-paul-abdel-sater-obispo-de-curia-patriarcal\/","title":{"rendered":"Reverendo Paul Abdel Sater, obispo de curia patriarcal"},"content":{"rendered":"<p align=\"justify\"><strong>Reverendo Paul Abdel Sater, obispo de curia patriarcal<\/strong><\/p>\n<p style=\"text-align: justify;\">El Papa Francisco concedi\u00f3 su asenso a la elecci\u00f3n, can\u00f3nicamente efectuada por el S\u00ednodo de los obispos de la <strong>Iglesia Patriarcal Maronita<\/strong>, al reverendo <strong>Paul Abdel Sater<\/strong>, como <strong>obispo de curia patriarcal<\/strong>, de acuerdo con el canon 185, 1 del C\u00f3digo can\u00f3nico de las Iglesias orientales.<\/p>\n<p align=\"justify\">\u00a0<\/p>\n<p style=\"text-align: justify;\">\n<p style=\"text-align: justify;\"><strong>Paul Abdel Sater<\/strong><\/p>\n<p style=\"text-align: justify;\">Naci\u00f3 en 1962 ad A\u00efn El Remmaneh (L\u00edbano) y fue ordenado sacerdote en 1987. Se ha especializado en Teolog\u00eda moral y Ciencias de la Educaci\u00f3n en Boston (EE.UU). A su regreso a L\u00edbando, ha sido entre otros, vicep\u00e1rroco, p\u00e1rroco, director de escuelas, ec\u00f3nomo eparquial. Actualmente era sincelo para los asuntos econ\u00f3micos y p\u00e1rroco de \u201cSaint Jean\u201d en Beirut (L\u00edbano).<\/p>\n<p style=\"text-align: justify;\">Ciudad del Vaticano, 28 de julio de 2015 (ZENIT.org)<\/p>\n","protected":false},"excerpt":{"rendered":"<p>Reverendo Paul Abdel Sater, obispo de curia patriarcal El Papa Francisco concedi\u00f3 su asenso a la elecci\u00f3n, can\u00f3nicamente efectuada por el S\u00ednodo de los obispos de la Iglesia Patriarcal Maronita, al reverendo Paul Abdel Sater, como obispo de curia patriarcal, de acuerdo con el canon 185, 1 del C\u00f3digo can\u00f3nico de las Iglesias orientales. \u00a0 &hellip; <a href=\"https:\/\/www.biblia.work\/sermones\/reverendo-paul-abdel-sater-obispo-de-curia-patriarcal\/\" class=\"more-link\">Continuar leyendo<span class=\"screen-reader-text\"> \u00abReverendo Paul Abdel Sater, obispo de curia patriarcal\u00bb<\/span><\/a><\/p>\n","protected":false},"author":1,"featured_media":0,"comment_status":"open","ping_status":"closed","sticky":false,"template":"","format":"standard","meta":{"footnotes":""},"categories":[1],"tags":[],"class_list":["post-37062","post","type-post","status-publish","format-standard","hentry","category-general"],"_links":{"self":[{"href":"https:\/\/www.biblia.work\/sermones\/wp-json\/wp\/v2\/posts\/37062","targetHints":{"allow":["GET"]}}],"collection":[{"href":"https:\/\/www.biblia.work\/sermones\/wp-json\/wp\/v2\/posts"}],"about":[{"href":"https:\/\/www.biblia.work\/sermones\/wp-json\/wp\/v2\/types\/post"}],"author":[{"embeddable":true,"href":"https:\/\/www.biblia.work\/sermones\/wp-json\/wp\/v2\/users\/1"}],"replies":[{"embeddable":true,"href":"https:\/\/www.biblia.work\/sermones\/wp-json\/wp\/v2\/comments?post=37062"}],"version-history":[{"count":0,"href":"https:\/\/www.biblia.work\/sermones\/wp-json\/wp\/v2\/posts\/37062\/revisions"}],"wp:attachment":[{"href":"https:\/\/www.biblia.work\/sermones\/wp-json\/wp\/v2\/media?parent=37062"}],"wp:term":[{"taxonomy":"category","embeddable":true,"href":"https:\/\/www.biblia.work\/sermones\/wp-json\/wp\/v2\/categories?post=37062"},{"taxonomy":"post_tag","embeddable":true,"href":"https:\/\/www.biblia.work\/sermones\/wp-json\/wp\/v2\/tags?post=37062"}],"curies":[{"name":"wp","href":"https:\/\/api.w.org\/{rel}","templated":true}]}}